{"id":48124,"date":"2026-07-20T08:01:58","date_gmt":"2026-07-20T11:01:58","guid":{"rendered":"https:\/\/gilpimentel.com.br\/site\/?p=48124"},"modified":"2026-07-20T18:05:10","modified_gmt":"2026-07-20T21:05:10","slug":"nespresso-traz-receitas-sensoriais-com-especiarias-flor-de-sal-e-caramelo-para-a-temporada-de-baixas-temperaturas","status":"publish","type":"post","link":"https:\/\/gilpimentel.com.br\/site\/nespresso-traz-receitas-sensoriais-com-especiarias-flor-de-sal-e-caramelo-para-a-temporada-de-baixas-temperaturas\/","title":{"rendered":"NESPRESSO TRAZ RECEITAS SENSORIAIS COM ESPECIARIAS, FLOR DE SAL E CARAMELO PARA A TEMPORADA DE BAIXAS TEMPERATURAS"},"content":{"rendered":"<p>Combina\u00e7\u00f5es de caf\u00e9 com ingredientes doces e salgados transformam o ritual do caf\u00e9 em uma pausa ainda mais acolhedora<\/p>\n<p>Em dias mais amenos, cresce a vontade de desacelerar e aproveitar pequenos momentos de conforto ao redor de uma boa x\u00edcara de caf\u00e9. Em sintonia com esse desejo de buscar conforto e indulg\u00eancia em momentos de pausa, a Nespresso apresenta uma curadoria de receitas exclusivas e pensadas para elevar a temperatura e os sentidos. Unindo sabor, cremosidade e diferentes combina\u00e7\u00f5es de ingredientes, o caf\u00e9 ganha novas interpreta\u00e7\u00f5es e cria um verdadeiro ritual de acolhimento dentro de casa.<\/p>\n<p>&#8220;O caf\u00e9 tem a capacidade de transformar uma pausa comum em um momento de prazer e descoberta. Nos dias mais frescos, receitas que combinam diferentes texturas, aromas e ingredientes ampliam essa experi\u00eancia, valorizando as caracter\u00edsticas de cada caf\u00e9. Ao explorar combina\u00e7\u00f5es com especiarias, caramelo ou chocolate, \u00e9 poss\u00edvel criar bebidas acolhedoras que revelam novas nuances sensoriais sem perder o protagonismo do caf\u00e9.&#8221;, afirma Tatiana Nakamura, Coffee Ambassador da Nespresso.<\/p>\n<p>Confira abaixo as receitas completas:<\/p>\n<p>Latte Macchiato de Especiarias<\/p>\n<p>O perfil intenso do caf\u00e9 Livanto encontra o equil\u00edbrio perfeito com a do\u00e7ura das notas de caramelo com o toque arom\u00e1tico das especiarias: canela, cravo, gengibre e noz-moscada. Uma bebida que abra\u00e7a o paladar do primeiro ao \u00faltimo gole.<\/p>\n<p>Ingredientes<\/p>\n<p>Livanto (40 ml)<\/p>\n<p>20g de mel<\/p>\n<p>100 ml de leite quente espumado<\/p>\n<p>1 biscoito de especiarias<\/p>\n<p>Canela em p\u00f3 (1 pitada)<\/p>\n<p>Cravo em p\u00f3 (1 pitada)<\/p>\n<p>Gengibre em p\u00f3 (1 pitada)<\/p>\n<p>Noz moscada (1 pitada)<\/p>\n<p>Acess\u00f3rios<\/p>\n<p>1 copo de receita<\/p>\n<p>Aeroccino ou M\u00e1quina Barista<\/p>\n<p>Modo de Preparo<\/p>\n<p>No Aeroccino ou Barista, coloque o leite com as especiarias, selecione a fun\u00e7\u00e3o quente. No copo de receita, coloque o mel no fundo. Despeje o leite espumado aromatizado sobre o mel e extraia o caf\u00e9 diretamente sobre a espuma de leite.<\/p>\n<p>Dica do Barista<\/p>\n<p>Sirva harmonizado com biscoito de especiarias. Caso prefira, troque por leite vegetal. Para os f\u00e3s do sistema Vertuo, uma \u00f3tima alternativa \u00e9 preparar a receita utilizando o caf\u00e9 Orafio<\/p>\n<p>Surpresa de Caramelo Salgado<\/p>\n<p>Esta receita utiliza o Arondio para criar uma base robusta, elevada pela calda de caramelo, finalizada com chantilly e um toque de flor de sal. \u00c9 o equil\u00edbrio ideal entre o doce, o salgado e a cremosidade.<\/p>\n<p>Ingredientes<\/p>\n<p>1 Arondio (150 ml)<\/p>\n<p>20 ml de calda de caramelo<\/p>\n<p>Flor de sal<\/p>\n<p>15g Chantilly<\/p>\n<p>Acess\u00f3rios<\/p>\n<p>1 x\u00edcara lungo ou cappuccino<\/p>\n<p>Modo de Preparo<\/p>\n<p>Coloque metade da calda de caramelo no fundo da x\u00edcara. Extraia o caf\u00e9 diretamente na x\u00edcara e cubra com o chantilly. Finalize com calda de caramelo sobre o chantilly e flor de sal.<\/p>\n<p>Dica do Barista<\/p>\n<p>Existem caldas que caramelo salgado prontas, que podem ser utilizadas nessa receita. Para os adeptos do sistema Original, uma op\u00e7\u00e3o \u00e9 usar o caf\u00e9 Vienna Lungo.<\/p>\n<p>Nocciola Macchiato<\/p>\n<p>Um cl\u00e1ssico macchiato que ganha nova dimens\u00e3o com o caf\u00e9 World Explorations Paris. A pot\u00eancia do blend, equilibrada pela suavidade do leite e a riqueza do creme de avel\u00e3s, \u00e9 finalizada com um toque de cacau e servida com wafer de avel\u00e3 para uma textura irresist\u00edvel.<\/p>\n<p>Ingredientes<\/p>\n<p>1 Paris (40 ml)<\/p>\n<p>50 ml de leite quente espumado<\/p>\n<p>5 g de cr\u00e8me de avel\u00e3s<\/p>\n<p>1 wafer tubinho de avel\u00e3<\/p>\n<p>Cacau em p\u00f3<\/p>\n<p>Acess\u00f3rios<\/p>\n<p>1 x\u00edcara de lungo<\/p>\n<p>Aeroccino ou M\u00e1quina Barista<\/p>\n<p>Modo de Preparo<\/p>\n<p>No Aeroccino, coloque o leite gelado e pressione a fun\u00e7\u00e3o quente. Na x\u00edcara, coloque o creme de avel\u00e3 no fundo e extraia o caf\u00e9.<\/p>\n<p>Finalize com a espuma de leite quente e polvilhe o cacau. Sirva com um tubinho de wafer sabor avel\u00e3.<\/p>\n<p>Dica do Barista<\/p>\n<p>Uma op\u00e7\u00e3o interessante para adaptar a receita ao sistema Vertuo \u00e9 utilizar uma c\u00e1psula do caf\u00e9 Double Espresso Chiaro.<\/p>\n<p>*Fotos ilustrativas.<\/p>\n<p>Sobre a Nestl\u00e9 Nespresso S\/A<\/p>\n<p>A Nestl\u00e9 Nespresso S\/A \u00e9 pioneira e refer\u00eancia em caf\u00e9s porcionados de alta qualidade. A empresa trabalha com mais de 131 mil agricultores em 17 pa\u00edses por meio de seu Plano Nespresso de Qualidade Sustent\u00e1vel, que visa incorporar pr\u00e1ticas sustent\u00e1veis nas fazendas e paisagens ao redor. Com a\u00e7\u00f5es desde 2003, o programa ajuda a melhorar o rendimento e a qualidade das colheitas, garantindo um fornecimento sustent\u00e1vel de caf\u00e9 de alta qualidade e melhorando os meios de subsist\u00eancia dos agricultores e suas comunidades.<\/p>\n<p>Em 2022, a Nespresso obteve a certifica\u00e7\u00e3o B Corp\u2122 &#8211; juntando-se a um movimento internacional de mais de 9 mil empresas orientadas para o prop\u00f3sito que atendem aos altos padr\u00f5es de responsabilidade social e ambiental e transpar\u00eancia da B Corp.<\/p>\n<p>Com sede em Vevey, Su\u00ed\u00e7a, a Nespresso opera em 93 mercados e conta com 14 mil colaboradores. Em 2023, operou com uma rede de 791 Boutiques ao redor do mundo, al\u00e9m das vendas diretas via site, aplicativo, telefone e WhatsApp. Para mais informa\u00e7\u00f5es, visite o site corporativo oficial www.nestle-nespresso.com.<\/p>\n<p>&nbsp;<\/p>\n<p>&nbsp;<\/p>\n","protected":false},"excerpt":{"rendered":"<p>Combina\u00e7\u00f5es de caf\u00e9 com ingredientes doces e salgados transformam o ritual do caf\u00e9 em uma pausa ainda mais acolhedora Em dias mais amenos, cresce a &hellip; <\/p>\n","protected":false},"author":2,"featured_media":48125,"comment_status":"closed","ping_status":"closed","sticky":false,"template":"","format":"standard","meta":{"footnotes":""},"categories":[2],"tags":[],"class_list":["post-48124","post","type-post","status-publish","format-standard","has-post-thumbnail","hentry","category-noticias","latest_post"],"_links":{"self":[{"href":"https:\/\/gilpimentel.com.br\/site\/wp-json\/wp\/v2\/posts\/48124","targetHints":{"allow":["GET"]}}],"collection":[{"href":"https:\/\/gilpimentel.com.br\/site\/wp-json\/wp\/v2\/posts"}],"about":[{"href":"https:\/\/gilpimentel.com.br\/site\/wp-json\/wp\/v2\/types\/post"}],"author":[{"embeddable":true,"href":"https:\/\/gilpimentel.com.br\/site\/wp-json\/wp\/v2\/users\/2"}],"replies":[{"embeddable":true,"href":"https:\/\/gilpimentel.com.br\/site\/wp-json\/wp\/v2\/comments?post=48124"}],"version-history":[{"count":1,"href":"https:\/\/gilpimentel.com.br\/site\/wp-json\/wp\/v2\/posts\/48124\/revisions"}],"predecessor-version":[{"id":48126,"href":"https:\/\/gilpimentel.com.br\/site\/wp-json\/wp\/v2\/posts\/48124\/revisions\/48126"}],"wp:featuredmedia":[{"embeddable":true,"href":"https:\/\/gilpimentel.com.br\/site\/wp-json\/wp\/v2\/media\/48125"}],"wp:attachment":[{"href":"https:\/\/gilpimentel.com.br\/site\/wp-json\/wp\/v2\/media?parent=48124"}],"wp:term":[{"taxonomy":"category","embeddable":true,"href":"https:\/\/gilpimentel.com.br\/site\/wp-json\/wp\/v2\/categories?post=48124"},{"taxonomy":"post_tag","embeddable":true,"href":"https:\/\/gilpimentel.com.br\/site\/wp-json\/wp\/v2\/tags?post=48124"}],"curies":[{"name":"wp","href":"https:\/\/api.w.org\/{rel}","templated":true}]}}