{"id":43089,"date":"2026-04-30T04:25:45","date_gmt":"2026-04-30T07:25:45","guid":{"rendered":"https:\/\/gilpimentel.com.br\/site\/?p=43089"},"modified":"2026-04-30T21:09:34","modified_gmt":"2026-05-01T00:09:34","slug":"mostra-gaucha-de-design-de-luxo-inicia-preparativos-para-3a-edicao","status":"publish","type":"post","link":"https:\/\/gilpimentel.com.br\/site\/mostra-gaucha-de-design-de-luxo-inicia-preparativos-para-3a-edicao\/","title":{"rendered":"MOSTRA GA\u00daCHA DE DESIGN DE LUXO INICIA PREPARATIVOS PARA 3\u00aa EDI\u00c7\u00c3O"},"content":{"rendered":"<p>Open House recebeu arquitetos, designers e imprensa em im\u00f3vel que ser\u00e1 sede da pr\u00f3xima Mostra Black Home Sul<\/p>\n<p>A Mostra Black Home Sul iniciou oficialmente os preparativos para sua 3\u00aa edi\u00e7\u00e3o com a realiza\u00e7\u00e3o de um Open House na \u00faltima ter\u00e7a-feira, 28. O evento marcou a abertura do im\u00f3vel escolhido nos altos do bairro Bela Vista, na Rua Farnese 78, em Porto Alegre, para os arquitetos e designers interessados em assinar os ambientes da edi\u00e7\u00e3o ga\u00facha. Na ocasi\u00e3o, os profissionais avaliaram as possibilidades estruturais da resid\u00eancia e definiram as \u00e1reas que receber\u00e3o as interven\u00e7\u00f5es arquitet\u00f4nicas sob o crivo de uma curadoria t\u00e9cnica e conceitual.<\/p>\n<p>O idealizador da mostra, Fernando Rodrigues, recepcionou os mais de 65 convidados e apresentou os 25 ambientes da casa. De acordo com o CEO, \u201cabrir as portas deste im\u00f3vel \u00e9 o primeiro passo para uma constru\u00e7\u00e3o coletiva de alto padr\u00e3o\u201d. Aposta do calend\u00e1rio de design ga\u00facho, a Mostra Black Home Sul apresenta o conceito Experience, integrando tecnologia e mobili\u00e1rio de alto padr\u00e3o \u00e0 din\u00e2mica da vida real. A proposta curatorial orienta os arquitetos a criarem ambientes que aliam o rigor est\u00e9tico \u00e0 funcionalidade, traduzindo o morar contempor\u00e2neo em espa\u00e7os de uso efetivo. Entre 27 de agosto e 25 de outubro, o evento deve atrair 10 mil visitantes de todo o pa\u00eds ao im\u00f3vel, que cumpre seu \u00faltimo ciclo antes de dar lugar a um novo empreendimento residencial, consolidando a valoriza\u00e7\u00e3o urban\u00edstica do bairro.<\/p>\n<p>&nbsp;<\/p>\n","protected":false},"excerpt":{"rendered":"<p>Open House recebeu arquitetos, designers e imprensa em im\u00f3vel que ser\u00e1 sede da pr\u00f3xima Mostra Black Home Sul A Mostra Black Home Sul iniciou oficialmente &hellip; <\/p>\n","protected":false},"author":2,"featured_media":43090,"comment_status":"closed","ping_status":"closed","sticky":false,"template":"","format":"standard","meta":{"footnotes":""},"categories":[2],"tags":[],"class_list":["post-43089","post","type-post","status-publish","format-standard","has-post-thumbnail","hentry","category-noticias","latest_post"],"_links":{"self":[{"href":"https:\/\/gilpimentel.com.br\/site\/wp-json\/wp\/v2\/posts\/43089","targetHints":{"allow":["GET"]}}],"collection":[{"href":"https:\/\/gilpimentel.com.br\/site\/wp-json\/wp\/v2\/posts"}],"about":[{"href":"https:\/\/gilpimentel.com.br\/site\/wp-json\/wp\/v2\/types\/post"}],"author":[{"embeddable":true,"href":"https:\/\/gilpimentel.com.br\/site\/wp-json\/wp\/v2\/users\/2"}],"replies":[{"embeddable":true,"href":"https:\/\/gilpimentel.com.br\/site\/wp-json\/wp\/v2\/comments?post=43089"}],"version-history":[{"count":1,"href":"https:\/\/gilpimentel.com.br\/site\/wp-json\/wp\/v2\/posts\/43089\/revisions"}],"predecessor-version":[{"id":43091,"href":"https:\/\/gilpimentel.com.br\/site\/wp-json\/wp\/v2\/posts\/43089\/revisions\/43091"}],"wp:featuredmedia":[{"embeddable":true,"href":"https:\/\/gilpimentel.com.br\/site\/wp-json\/wp\/v2\/media\/43090"}],"wp:attachment":[{"href":"https:\/\/gilpimentel.com.br\/site\/wp-json\/wp\/v2\/media?parent=43089"}],"wp:term":[{"taxonomy":"category","embeddable":true,"href":"https:\/\/gilpimentel.com.br\/site\/wp-json\/wp\/v2\/categories?post=43089"},{"taxonomy":"post_tag","embeddable":true,"href":"https:\/\/gilpimentel.com.br\/site\/wp-json\/wp\/v2\/tags?post=43089"}],"curies":[{"name":"wp","href":"https:\/\/api.w.org\/{rel}","templated":true}]}}