{"id":43044,"date":"2026-04-30T04:11:52","date_gmt":"2026-04-30T07:11:52","guid":{"rendered":"https:\/\/gilpimentel.com.br\/site\/?p=43044"},"modified":"2026-04-30T20:55:36","modified_gmt":"2026-04-30T23:55:36","slug":"dia-das-maes-hotel-deville-prime-porto-alegre-oferece-brunch-com-musica-ao-vivo","status":"publish","type":"post","link":"https:\/\/gilpimentel.com.br\/site\/dia-das-maes-hotel-deville-prime-porto-alegre-oferece-brunch-com-musica-ao-vivo\/","title":{"rendered":"DIA DAS M\u00c3ES: HOTEL DEVILLE PRIME PORTO ALEGRE OFERECE BRUNCH COM M\u00daSICA AO VIVO"},"content":{"rendered":"<p>Uma manh\u00e3 de sabores e m\u00fasica para homenagear em grande estilo<\/p>\n<p>Porto Alegre celebra o Dia das M\u00e3es com um brunch especial no Deville Prime Porto Alegre, no dia 10 de maio, das 11h \u00e0s 14h30. A ocasi\u00e3o ser\u00e1 embalada pela apresenta\u00e7\u00e3o ao vivo da dupla Marco Farias (teclado) e Alexsandro Maciel (saxofone), que trazem um repert\u00f3rio selecionado para acompanhar a experi\u00eancia gastron\u00f4mica.<\/p>\n<p>O menu foi pensado para oferecer diversidade e requinte desde as entradas, com queijos, frios e p\u00e3es artesanais, at\u00e9 saladas frescas como mix de folhas com tomate seco e salada de mini tomate com b\u00fafala e pesto. Entre os pratos quentes, o brunch apresenta cogumelos grelhados, caponata, dadinhos de tapioca com geleia de pimenta, croque monsieur, risotos de lim\u00e3o siciliano e de costela, penne ao molho de queijo, mini batatas ao forno, torta de frango com palmito e escondidinho com prote\u00edna de soja. Tamb\u00e9m estar\u00e3o dispon\u00edveis cortes e preparos especiais como dadoletes de mignon com gorgonzola, frango ao curry, salm\u00e3o ao forno com geleia de frutas vermelhas, bolinho de lingui\u00e7a com chimia de ab\u00f3bora picante e mini hamb\u00farguer de costela desfiada com queijo colonial.<\/p>\n<p>Para ado\u00e7ar a celebra\u00e7\u00e3o, o buffet de sobremesas inclui cuca, frutas da esta\u00e7\u00e3o, rocambole de chocolate com avel\u00e3, torta de morango com nata, mini pudim, sagu com creme, mini tartelete com ambrosia e torta macrom de damascos sem gl\u00faten e sem lactose. As bebidas ser\u00e3o cobradas \u00e0 parte.<\/p>\n<p>\u201cBuscamos inspira\u00e7\u00e3o em receitas cl\u00e1ssicas, mas com toques criativos que surpreendem. O menu foi desenhado para despertar mem\u00f3rias afetivas e, ao mesmo tempo, apresentar novas possibilidades gastron\u00f4micas\u201d, ressalta o chef do hotel, Alex Fiuza.<\/p>\n<p>Os ingressos custam R$ 168,00 + 10% por pessoa para adultos a partir de 13 anos, R$ 84,00 + 10% para crian\u00e7as de 3 a 12 anos, e cortesia para crian\u00e7as de at\u00e9 2 anos. As reservas podem ser feitas antecipadamente pela plataforma Sympla ou direto na recep\u00e7\u00e3o do hotel, pelo n\u00famero (51) 3373-5000.<\/p>\n<p>Mais do que um brunch, o Deville Prime Porto Alegre prop\u00f5e uma manh\u00e3 de celebra\u00e7\u00e3o, onde m\u00fasica e gastronomia se encontram para transformar o Dia das M\u00e3es em uma experi\u00eancia \u00fanica e memor\u00e1vel.<\/p>\n<p>Servi\u00e7o<\/p>\n<p>Brunch de Dia das M\u00e3es &#8211; Hotel Deville Prime Porto Alegre<\/p>\n<p>Dia: 10\/05, domingo<\/p>\n<p>Hor\u00e1rio: 11h \u00e0s 14h30<\/p>\n<p>Endere\u00e7o: Hotel Deville Prime Porto Alegre &#8211; Av. dos Estados, 1909 &#8211; Anchieta. Porto Alegre &#8211; RS<\/p>\n<p>Reservas: (51) 3373-5000 ou pelo site (com taxas da plataforma)<\/p>\n<p>Sobre a Rede Deville<\/p>\n<p>A Rede Deville \u00e9 um dos mais tradicionais grupos hoteleiros do Brasil, com mais de 50 anos de hist\u00f3ria. O grupo, al\u00e9m de propriet\u00e1rio, administra suas unidades e abrange as marcas Deville Prime, Deville Express e as franquias Marriott S\u00e3o Paulo Airport, primeira franqueada da Marriott International na Am\u00e9rica do Sul, e o novo The Westin S\u00e3o Paulo.<\/p>\n<p>Atualmente, a Rede Deville est\u00e1 presente em 10 destinos, com cerca de 1.700 acomoda\u00e7\u00f5es e mais de 1.300 colaboradores.<\/p>\n<p>Com o compromisso de atendimento de qualidade e hospitalidade de excel\u00eancia, reafirmam sua posi\u00e7\u00e3o como um dos mais respeitados nomes da hotelaria no pa\u00eds. Para mais informa\u00e7\u00f5es sobre os hot\u00e9is, acesse www.deville.com.br e siga @hoteisdeville nas redes sociais.<\/p>\n<p>&nbsp;<\/p>\n<p>&nbsp;<\/p>\n<p>&nbsp;<\/p>\n<p>&nbsp;<\/p>\n<p>&nbsp;<\/p>\n<p>&nbsp;<\/p>\n","protected":false},"excerpt":{"rendered":"<p>Uma manh\u00e3 de sabores e m\u00fasica para homenagear em grande estilo Porto Alegre celebra o Dia das M\u00e3es com um brunch especial no Deville Prime &hellip; <\/p>\n","protected":false},"author":2,"featured_media":43045,"comment_status":"closed","ping_status":"closed","sticky":false,"template":"","format":"standard","meta":{"footnotes":""},"categories":[2],"tags":[],"class_list":["post-43044","post","type-post","status-publish","format-standard","has-post-thumbnail","hentry","category-noticias","latest_post"],"_links":{"self":[{"href":"https:\/\/gilpimentel.com.br\/site\/wp-json\/wp\/v2\/posts\/43044","targetHints":{"allow":["GET"]}}],"collection":[{"href":"https:\/\/gilpimentel.com.br\/site\/wp-json\/wp\/v2\/posts"}],"about":[{"href":"https:\/\/gilpimentel.com.br\/site\/wp-json\/wp\/v2\/types\/post"}],"author":[{"embeddable":true,"href":"https:\/\/gilpimentel.com.br\/site\/wp-json\/wp\/v2\/users\/2"}],"replies":[{"embeddable":true,"href":"https:\/\/gilpimentel.com.br\/site\/wp-json\/wp\/v2\/comments?post=43044"}],"version-history":[{"count":1,"href":"https:\/\/gilpimentel.com.br\/site\/wp-json\/wp\/v2\/posts\/43044\/revisions"}],"predecessor-version":[{"id":43046,"href":"https:\/\/gilpimentel.com.br\/site\/wp-json\/wp\/v2\/posts\/43044\/revisions\/43046"}],"wp:featuredmedia":[{"embeddable":true,"href":"https:\/\/gilpimentel.com.br\/site\/wp-json\/wp\/v2\/media\/43045"}],"wp:attachment":[{"href":"https:\/\/gilpimentel.com.br\/site\/wp-json\/wp\/v2\/media?parent=43044"}],"wp:term":[{"taxonomy":"category","embeddable":true,"href":"https:\/\/gilpimentel.com.br\/site\/wp-json\/wp\/v2\/categories?post=43044"},{"taxonomy":"post_tag","embeddable":true,"href":"https:\/\/gilpimentel.com.br\/site\/wp-json\/wp\/v2\/tags?post=43044"}],"curies":[{"name":"wp","href":"https:\/\/api.w.org\/{rel}","templated":true}]}}