{"id":43013,"date":"2026-04-29T06:55:27","date_gmt":"2026-04-29T09:55:27","guid":{"rendered":"https:\/\/gilpimentel.com.br\/site\/?p=43013"},"modified":"2026-04-29T16:56:36","modified_gmt":"2026-04-29T19:56:36","slug":"autismo-ja-atinge-12-dos-brasileiros","status":"publish","type":"post","link":"https:\/\/gilpimentel.com.br\/site\/autismo-ja-atinge-12-dos-brasileiros\/","title":{"rendered":"AUTISMO J\u00c1 ATINGE 1,2% DOS BRASILEIROS"},"content":{"rendered":"<p>Instituto Justi\u00e7a coloca o tema como prioridade<\/p>\n<p>O Brasil j\u00e1 soma cerca de 2,4 milh\u00f5es de pessoas com Transtorno do Espectro Autista (TEA), o equivalente a 1,2% da popula\u00e7\u00e3o, segundo o IBGE (Censo 2022). Apesar do avan\u00e7o no diagn\u00f3stico, a inclus\u00e3o ainda n\u00e3o acompanha \u2014 sobretudo fora do ambiente escolar. \u00c9 nesse contexto que o Instituto Justi\u00e7a direcionou, em abril, uma s\u00e9rie de a\u00e7\u00f5es e definiu o tema como prioridade para 2026.<\/p>\n<p>O Abril Azul concentrou atividades voltadas \u00e0 qualifica\u00e7\u00e3o do debate e \u00e0 aproxima\u00e7\u00e3o entre discurso e pr\u00e1tica. O Instituto esteve em institui\u00e7\u00f5es de ensino e organizou iniciativas pr\u00f3prias.<\/p>\n<p>Em Porto Feliz (SP), esse trabalho se traduz em dois equipamentos voltados ao atendimento de crian\u00e7as com TEA. O Centro Infantil Especializado Municipal (CIEM) atua na primeira inf\u00e2ncia, com atendimento integrado e prepara\u00e7\u00e3o para a escola regular. O Centro Infantil Terap\u00eautico Municipal (CITEM) amplia esse acompanhamento no contraturno, com terapias como fonoaudiologia, psicologia e terapia ocupacional.<\/p>\n<p>Na educa\u00e7\u00e3o, estudantes com TEA j\u00e1 representam a maior parte das matr\u00edculas da educa\u00e7\u00e3o especial no pa\u00eds, conforme dados organizados pelo Instituto Rodrigo Mendes com base no Censo Escolar. O dado refor\u00e7a a urg\u00eancia de ampliar o olhar para al\u00e9m do acesso \u00e0 escola, avan\u00e7ando em estruturas de cuidado, acompanhamento e desenvolvimento que considerem as necessidades de cada crian\u00e7a e de suas fam\u00edlias. \u201cFalar sobre autismo \u00e9 falar sobre inclus\u00e3o com responsabilidade. Para o Instituto Justi\u00e7a, esse tema n\u00e3o pode estar restrito a uma data ou campanha: ele precisa orientar decis\u00f5es, investimentos e pr\u00e1ticas cont\u00ednuas. Nosso papel \u00e9 contribuir para que crian\u00e7as com TEA e suas fam\u00edlias tenham acesso a estruturas de cuidado mais completas, capazes de apoiar o desenvolvimento, fortalecer v\u00ednculos e ampliar possibilidades reais de inclus\u00e3o\u201d, afirma Glenda Passuelo, gerente executiva do Instituto Justi\u00e7a.<\/p>\n<p>Para o Instituto Justi\u00e7a, o foco passa a ser a constru\u00e7\u00e3o de respostas cont\u00ednuas, com avan\u00e7o na implementa\u00e7\u00e3o ao longo de 2026. A prioridade dada ao tema busca fortalecer caminhos que aproximem diagn\u00f3stico, cuidado, educa\u00e7\u00e3o e inclus\u00e3o, contribuindo para que o debate se traduza em a\u00e7\u00f5es consistentes e de longo prazo.<\/p>\n<p>&nbsp;<\/p>\n","protected":false},"excerpt":{"rendered":"<p>Instituto Justi\u00e7a coloca o tema como prioridade O Brasil j\u00e1 soma cerca de 2,4 milh\u00f5es de pessoas com Transtorno do Espectro Autista (TEA), o equivalente &hellip; <\/p>\n","protected":false},"author":2,"featured_media":43014,"comment_status":"closed","ping_status":"closed","sticky":false,"template":"","format":"standard","meta":{"footnotes":""},"categories":[2],"tags":[],"class_list":["post-43013","post","type-post","status-publish","format-standard","has-post-thumbnail","hentry","category-noticias","latest_post"],"_links":{"self":[{"href":"https:\/\/gilpimentel.com.br\/site\/wp-json\/wp\/v2\/posts\/43013","targetHints":{"allow":["GET"]}}],"collection":[{"href":"https:\/\/gilpimentel.com.br\/site\/wp-json\/wp\/v2\/posts"}],"about":[{"href":"https:\/\/gilpimentel.com.br\/site\/wp-json\/wp\/v2\/types\/post"}],"author":[{"embeddable":true,"href":"https:\/\/gilpimentel.com.br\/site\/wp-json\/wp\/v2\/users\/2"}],"replies":[{"embeddable":true,"href":"https:\/\/gilpimentel.com.br\/site\/wp-json\/wp\/v2\/comments?post=43013"}],"version-history":[{"count":1,"href":"https:\/\/gilpimentel.com.br\/site\/wp-json\/wp\/v2\/posts\/43013\/revisions"}],"predecessor-version":[{"id":43015,"href":"https:\/\/gilpimentel.com.br\/site\/wp-json\/wp\/v2\/posts\/43013\/revisions\/43015"}],"wp:featuredmedia":[{"embeddable":true,"href":"https:\/\/gilpimentel.com.br\/site\/wp-json\/wp\/v2\/media\/43014"}],"wp:attachment":[{"href":"https:\/\/gilpimentel.com.br\/site\/wp-json\/wp\/v2\/media?parent=43013"}],"wp:term":[{"taxonomy":"category","embeddable":true,"href":"https:\/\/gilpimentel.com.br\/site\/wp-json\/wp\/v2\/categories?post=43013"},{"taxonomy":"post_tag","embeddable":true,"href":"https:\/\/gilpimentel.com.br\/site\/wp-json\/wp\/v2\/tags?post=43013"}],"curies":[{"name":"wp","href":"https:\/\/api.w.org\/{rel}","templated":true}]}}