{"id":43010,"date":"2026-04-29T06:30:32","date_gmt":"2026-04-29T09:30:32","guid":{"rendered":"https:\/\/gilpimentel.com.br\/site\/?p=43010"},"modified":"2026-04-29T16:54:13","modified_gmt":"2026-04-29T19:54:13","slug":"feriadao-e-frio-aquecem-o-turismo-de-gramado","status":"publish","type":"post","link":"https:\/\/gilpimentel.com.br\/site\/feriadao-e-frio-aquecem-o-turismo-de-gramado\/","title":{"rendered":"FERIAD\u00c3O E FRIO AQUECEM O TURISMO DE GRAMADO"},"content":{"rendered":"<p>Com as baixas temperaturas, a expectativa \u00e9 de receber milhares de turistas em um dos principais destinos brasileiros<\/p>\n<p>As temperaturas despencaram para 3 graus no in\u00edcio desta semana em Gramado. Encantados com o clima, os turistas que j\u00e1 circulam pela cidade, aquecidos com casacos, gorros e mantas, procuraram por pontos tur\u00edsticos com term\u00f4metros para as tradicionais fotos na cidade, que \u00e9 considerada um dos principais destinos do Brasil.<\/p>\n<p>Com a chegada do primeiro frio do ano e o feriad\u00e3o do Dia do Trabalhador, a expectativa \u00e9 que o movimento na serra ga\u00facha cres\u00e7a ainda mais, movimentando o turismo e fomentando os setores hoteleiro, gastron\u00f4mico e de entretenimento.<\/p>\n<p>De acordo com o sindicato que representa a hotelaria de Gramado e Canela, o SindTur, a previs\u00e3o \u00e9 de que a ocupa\u00e7\u00e3o chegue a 78%, de 1 a 3 de maio. O secret\u00e1rio de Turismo de Gramado, Ricardo Bertolucci, destaca: \u201cOs feriados t\u00eam sido excelentes para Gramado. H\u00e1 um acr\u00e9scimo consider\u00e1vel de movimenta\u00e7\u00e3o regional, o que faz com que a ocupa\u00e7\u00e3o m\u00e9dia da cidade suba bastante, fortalecendo a economia local e refor\u00e7ando nossa proje\u00e7\u00e3o de que 2026 ser\u00e1 um ano de alto fluxo de visita\u00e7\u00e3o em Gramado. O feriado de Primeiro de Maio tamb\u00e9m marca a abertura da Festa da Col\u00f4nia de Gramado, o que qualifica ainda mais a experi\u00eancia do visitante.\u201d<\/p>\n<p>Maior rede hoteleira da Serra Ga\u00facha, a Laghetto estima uma ocupa\u00e7\u00e3o acima de 90% em seus 15 hot\u00e9is entre Gramado e Canela. \u201cA chegada do frio na Serra Ga\u00facha sempre tem um apelo muito forte para o turismo, e neste ano n\u00e3o est\u00e1 sendo diferente. Com a queda das temperaturas, percebemos um aumento significativo na procura, especialmente de h\u00f3spedes em busca da experi\u00eancia t\u00edpica de inverno em Gramado e Canela, com gastronomia, lareiras e toda a atmosfera da esta\u00e7\u00e3o, refor\u00e7ando a for\u00e7a do destino e o posicionamento da Laghetto como refer\u00eancia em hospitalidade na regi\u00e3o\u201d, destaca a gerente de vendas da Laghetto, Carina Santos.<\/p>\n<p>Mais novo restaurante estrelado de Gramado, o Soleil Casa Perini est\u00e1 preparado para o feriad\u00e3o com um card\u00e1pio assinado pelo chef Filipe Andrade, que valoriza a cozinha italiana contempor\u00e2nea com ingredientes de qualidade e receitas aconchegantes. Entre os destaques, a Polenta Crocante al Gran Formaggio e o Gnocchi alla fonduta, prato mais pedido da casa, refor\u00e7am a proposta de sabores reconfortantes , perfeitos para os dias mais frescos da Serra Ga\u00facha. Segundo Josiano Schmitt, restauranter e s\u00f3cio: \u201cQueremos oferecer uma experi\u00eancia que una sofistica\u00e7\u00e3o e acolhimento, especialmente neste per\u00edodo de grande movimento em Gramado.\u201d<\/p>\n<p>Uma das principais atra\u00e7\u00f5es de Gramado, Cara de Mau estima receber um excelente p\u00fablico no feriad\u00e3o. A famosa pizzaria dos piratas promete encantar visitantes de todas as idades com sua cenografia incr\u00edvel, al\u00e9m da atmosfera l\u00fadica, a intera\u00e7\u00e3o dos divertidos aventureiros dos sete mares e as pizzas com sabores exclusivos. \u201cEstamos preparados para receber os turistas com a tradicional cordialidade pirata\u201d, avisa com bom humor o CEO do Grupo Unity, Roger Wingert.<\/p>\n<p>Entre os empreendimentos tem\u00e1ticos, o Snowland, projeta um p\u00fablico de, aproximadamente, nove mil pessoas no feriado prolongado. Primeiro parque com #nevedeverdade do Brasil, ele se destaca pelo ineditismo do projeto, que une entretenimento, cultura, esporte e lazer. \u201cTemos neve o ano todo, e isso \u00e9 uma experi\u00eancia inesquec\u00edvel para quem vem a Gramado. Essa magia da neve encanta, envolve e transforma o passeio\u201d, destaca o diretor de vendas da Gramado Parks, Gentil Cysneiros.<\/p>\n<p>Primeiro parque aqu\u00e1tico termal e indoor da Am\u00e9rica do Sul, o Acquamotion tamb\u00e9m \u00e9 uma alternativa interessante a ser colocado no roteiro. A previs\u00e3o \u00e9 de receber, cerca de, cinco mil visitantes nos pr\u00f3ximos dias. \u201cContamos com sete piscinas: tr\u00eas na \u00e1rea externa, sendo uma com borda infinita e vista para a floresta de arauc\u00e1rias, proporcionando uma conex\u00e3o direta com a natureza. J\u00e1 na interna h\u00e1 a piscina com ondas, a com jatos massageadores e bar molhado, e a com dois tobo\u00e1guas de diferentes n\u00edveis de adrenalina. Em todas elas, as \u00e1guas termais s\u00e3o aquecidas naturalmente. Perfeito para quem quer divers\u00e3o com temperaturas mais altas\u201d, avalia o executivo.<\/p>\n<p>Haver\u00e1 uma grande amplitude t\u00e9rmica entre a sexta-feira e o domingo em Gramado. A meteorologia prev\u00ea m\u00ednima de 8 graus e m\u00e1xima de 23 graus.<\/p>\n<p>&nbsp;<\/p>\n<p>&nbsp;<\/p>\n<p>&nbsp;<\/p>\n","protected":false},"excerpt":{"rendered":"<p>Com as baixas temperaturas, a expectativa \u00e9 de receber milhares de turistas em um dos principais destinos brasileiros As temperaturas despencaram para 3 graus no &hellip; <\/p>\n","protected":false},"author":2,"featured_media":43011,"comment_status":"closed","ping_status":"closed","sticky":false,"template":"","format":"standard","meta":{"footnotes":""},"categories":[2],"tags":[],"class_list":["post-43010","post","type-post","status-publish","format-standard","has-post-thumbnail","hentry","category-noticias","latest_post"],"_links":{"self":[{"href":"https:\/\/gilpimentel.com.br\/site\/wp-json\/wp\/v2\/posts\/43010","targetHints":{"allow":["GET"]}}],"collection":[{"href":"https:\/\/gilpimentel.com.br\/site\/wp-json\/wp\/v2\/posts"}],"about":[{"href":"https:\/\/gilpimentel.com.br\/site\/wp-json\/wp\/v2\/types\/post"}],"author":[{"embeddable":true,"href":"https:\/\/gilpimentel.com.br\/site\/wp-json\/wp\/v2\/users\/2"}],"replies":[{"embeddable":true,"href":"https:\/\/gilpimentel.com.br\/site\/wp-json\/wp\/v2\/comments?post=43010"}],"version-history":[{"count":1,"href":"https:\/\/gilpimentel.com.br\/site\/wp-json\/wp\/v2\/posts\/43010\/revisions"}],"predecessor-version":[{"id":43012,"href":"https:\/\/gilpimentel.com.br\/site\/wp-json\/wp\/v2\/posts\/43010\/revisions\/43012"}],"wp:featuredmedia":[{"embeddable":true,"href":"https:\/\/gilpimentel.com.br\/site\/wp-json\/wp\/v2\/media\/43011"}],"wp:attachment":[{"href":"https:\/\/gilpimentel.com.br\/site\/wp-json\/wp\/v2\/media?parent=43010"}],"wp:term":[{"taxonomy":"category","embeddable":true,"href":"https:\/\/gilpimentel.com.br\/site\/wp-json\/wp\/v2\/categories?post=43010"},{"taxonomy":"post_tag","embeddable":true,"href":"https:\/\/gilpimentel.com.br\/site\/wp-json\/wp\/v2\/tags?post=43010"}],"curies":[{"name":"wp","href":"https:\/\/api.w.org\/{rel}","templated":true}]}}