{"id":43005,"date":"2026-04-29T06:15:46","date_gmt":"2026-04-29T09:15:46","guid":{"rendered":"https:\/\/gilpimentel.com.br\/site\/?p=43005"},"modified":"2026-04-29T16:48:47","modified_gmt":"2026-04-29T19:48:47","slug":"apos-sucesso-de-publico-no-rio-musical-inedito-o-ceu-de-bibi-ferreira-chega-a-porto-alegre","status":"publish","type":"post","link":"https:\/\/gilpimentel.com.br\/site\/apos-sucesso-de-publico-no-rio-musical-inedito-o-ceu-de-bibi-ferreira-chega-a-porto-alegre\/","title":{"rendered":"AP\u00d3S SUCESSO DE P\u00daBLICO NO RIO, MUSICAL IN\u00c9DITO \u201cO C\u00c9U DE BIBI FERREIRA\u201d CHEGA A PORTO ALEGRE"},"content":{"rendered":"<p>Depois de conquistar o p\u00fablico carioca, o musical in\u00e9dito \u201cO C\u00e9u de Bibi Ferreira\u201d desembarca em Porto Alegre para tr\u00eas apresenta\u00e7\u00f5es especiais nos dias 08, 09 e 10, no Teatro Sim\u00f5es Lopes Neto. A curta temporada acontece na sexta e no s\u00e1bado, \u00e0s 20h, e no domingo, \u00e0s 18h.<\/p>\n<p>A montagem celebra a vida e a obra de uma das maiores artistas da hist\u00f3ria do teatro brasileiro, revisitando sua trajet\u00f3ria com sensibilidade, for\u00e7a po\u00e9tica e intensidade c\u00eanica. No Rio de Janeiro, o espet\u00e1culo integrou a programa\u00e7\u00e3o de reabertura do Teatro Sesc Gin\u00e1stico e foi recebido com grande ades\u00e3o de p\u00fablico, consolidando-se como um dos destaques da temporada cultural.<\/p>\n<p>Com texto de Gabriel Chalita, dire\u00e7\u00e3o de Gustavo Barchilon e dire\u00e7\u00e3o musical de Carlos Bauzys, o espet\u00e1culo re\u00fane quatro atrizes em cena \u2014 Giulia Nadruz, B\u00e1rbara Sut, Lu\u00edsa Vianna e Fernanda Biancamano \u2014 que se desdobram em m\u00faltiplas facetas de Bibi Ferreira. Em um jogo c\u00eanico que atravessa mem\u00f3ria, identidade e emo\u00e7\u00e3o, a montagem costura can\u00e7\u00f5es, relatos e personagens marcantes da artista.<\/p>\n<p>A dramaturgia prop\u00f5e um encontro entre o \u00edntimo e o universal, conduzindo o p\u00fablico por reflex\u00f5es sobre arte, amor e perman\u00eancia. Mais do que uma homenagem, o espet\u00e1culo se constr\u00f3i como uma experi\u00eancia sensorial e afetiva, capaz de atravessar gera\u00e7\u00f5es.<\/p>\n<p>A temporada em Porto Alegre acontece em um momento especial e surge tamb\u00e9m como uma oportunidade simb\u00f3lica de celebra\u00e7\u00e3o: o espet\u00e1culo se apresenta como uma op\u00e7\u00e3o de presente sens\u00edvel e memor\u00e1vel para o Dia das M\u00e3es, convidando o p\u00fablico a compartilhar uma experi\u00eancia \u00fanica no teatro.<\/p>\n<p>A realiza\u00e7\u00e3o \u00e9 da Luar de Abril Produ\u00e7\u00f5es, sob dire\u00e7\u00e3o de produ\u00e7\u00e3o de Guilherme Logullo, com cenografia de Nat\u00e1lia Lana, ilumina\u00e7\u00e3o de Ana Luzia de Simoni, figurinos de Karen Brusttolin e dire\u00e7\u00e3o de movimento de Roberta Serrado.<\/p>\n<p>Equipe criativa<\/p>\n<p>Gabriel Chalita \u2014 autor<\/p>\n<p>Escritor, dramaturgo e fil\u00f3sofo, Chalita \u00e9 autor de mais de 90 livros, com mais de 12 milh\u00f5es de exemplares vendidos. Membro da Academia Paulista de Letras e da Academia Brasileira de Educa\u00e7\u00e3o, \u00e9 conhecido por unir profundidade filos\u00f3fica e lirismo em suas obras teatrais. Entre seus sucessos est\u00e3o Nelson Gon\u00e7alves \u2013 O Amor e o Tempo, Entre Franciscos \u2013 O Santo e o Papa e O Territ\u00f3rio do Amor.<\/p>\n<p>Gustavo Barchilon \u2014 diretor<\/p>\n<p>Diretor premiado e reconhecido como um dos grandes nomes do teatro musical contempor\u00e2neo, Barchilon j\u00e1 comandou montagens como Funny Girl, Something Rotten e SpongeBob, recebendo indica\u00e7\u00f5es ao Pr\u00eamio Bibi Ferreira e ao Did Awards. \u00c9 diretor art\u00edstico do tradicional Baile do Copacabana Palace e foi chamado pela Broadway World de \u201co pr\u00edncipe dos musicais brasileiros\u201d.<\/p>\n<p>Carlos Bauzys \u2014 dire\u00e7\u00e3o musical<\/p>\n<p>Compositor, maestro e educador musical formado pela NYU\/Tisch School of the Arts, Bauzys assinou a dire\u00e7\u00e3o musical de grandes sucessos como Os Produtores, Cantando na Chuva, Sunset Boulevard e Aparecida \u2013 Um Musical. No exterior, integrou produ\u00e7\u00f5es no Off-Broadway e desenvolve pesquisa em percuss\u00e3o corporal e m\u00fasica aplicada \u00e0 cena, aliando excel\u00eancia t\u00e9cnica e sensibilidade art\u00edstica.<\/p>\n<p>Elenco<\/p>\n<p>Giulia Nadruz &#8211; atriz<\/p>\n<p>Giulia Nadruz \u00e9 atriz, cantora, dubladora e j\u00e1 atuou em 27 pe\u00e7as de teatro. \u201cFunny Girl\u201d (Fanny Brice), \u201cWest Side Story\u201d (Maria), &#8220;O Fantasma da \u00d3pera &#8221; (Christine Daa\u00e9) , \u201cTitanique\u201d (Rose), \u201cBarnum &#8211; o rei do show\u201d (Jenny Lind), \u201cTick Tick Boom!\u201d (Susan e outras 5 personagens), &#8220;Ghost&#8221; (Molly Jensen) e \u201cShrek\u201d (Princesa Fiona), dentre outras. Na TV fez a miniss\u00e9rie \u201cDois Irm\u00e3os\u201d (dire\u00e7\u00e3o: Luiz Fernando Carvalho) da TV Globo (Zahia), a s\u00e9rie \u201cA Secret\u00e1ria do Presidente\u201d (dire\u00e7\u00e3o: Julia Jord\u00e3o) do canal Multishow (Ad\u00e9lia) e a s\u00e9rie \u201cA Hist\u00f3ria B\u00eabada\u201d do canal Comedy Central. Integra o elenco da s\u00e9rie \u201cO Som e a S\u00edlaba\u201d (dire\u00e7\u00e3o: Miguel Falabella) do Disney Plus (Jeannie Procter) que foi lan\u00e7ada recentemente. Dublou a personagem Bela no live action da Disney \u201cA Bela e a Fera\u201d (\u00e9 atualmente a dubladora oficial da personagem), a personagem Carina Smyth em &#8220;Piratas do Caribe 5&#8221; dentre outras. Indicada como melhor atriz 25 vezes (tendo vencido 4 vezes) em Pr\u00eamios como Bibi Ferreira, Destaque Imprensa Digital, Rever\u00eancia, Aplauso Brasil, Botequim Cultural e CBTI. Escolhida pela Forbes Under 30 como um dos maiores destaques da cena cultural do pa\u00eds.<\/p>\n<p>B\u00e1rbara Sut &#8211; atriz<\/p>\n<p>Atriz, cantora e psicanalista, B\u00e1rbara Sut \u00e9 formada em Est\u00e9tica e Teoria do Teatro pela UNIRIO (2021), mestranda em Artes e Cultura Contempor\u00e2nea na UERJ e membro associado da Sociedade Psicanal\u00edtica Iracy Doyle (SPID). No teatro, protagonizou musicais como Torto Arado &#8211; O musical (2024\/2025) e Romeu e Julieta &#8211; Ao Som de Marisa Monte (2018). No audiovisual, esteve na novela Amor perfeito (Globo, 2023), integrou o elenco fixo das duas temporadas da sitcom A Sogra que te Pariu (Netflix, 2022 e 2023); e de filmes como o longa metragem &#8220;Medusa&#8221; (2021) de Anita Rocha da Silveira.<\/p>\n<p>Lu\u00edsa Vianna &#8211; atriz<\/p>\n<p>Lu\u00edsa Vianna \u00e9 atriz, cantora e produtora. Seus trabalhos mais recentes s\u00e3o o musical Nossa Hist\u00f3ria com Chico Buarque, com dire\u00e7\u00e3o de Rafael Gomes. E tamb\u00e9m a pe\u00e7a Moria, de Moacyr G\u00f3es. Em 2022, fez o papel de Bibi Ferreira alternante em Bibi &#8211; uma vida em musical. Esteve em musicais premiados como: A Novi\u00e7a Rebelde, Bob Esponja &#8211; O musical e Barnum &#8211; o Rei do Show. Produziu e protagonizou a webs\u00e9rie R\u00e1dio Acordar o Tempo pelo SESC RIO. Foi indicada ao pr\u00eamio CBTIJ por O Pescador e a Estrela (2023) e Suelen Nara Ian (2019), pe\u00e7a de Lu\u00edsa Arraes com dire\u00e7\u00e3o de D\u00e9bora Lamm. Seus trabalhos anteriores foram \u201cN\u00e3o Vamos Pagar!\u201d e \u201cAs Conchambran\u00e7as de Quaderna\u201d, ambas com dire\u00e7\u00e3o de Inez Viana. Em 2016 estreou profissionalmente em Gabriela &#8211; Um musical de Jo\u00e3o Falc\u00e3o. Tamb\u00e9m com Jo\u00e3o, participou da s\u00e9rie &#8220;Teatro no Ato&#8221; do canal Arte1, protagonizando o epis\u00f3dio \u201cA Dona da Hist\u00f3ria\u201d<\/p>\n<p>Fernanda Biancamano &#8211; atriz<\/p>\n<p>Atriz e cantora brasileira, com mais de vinte anos de experi\u00eancia e desenvolvimento nas artes desde 1998. \u00c9 co-fundadora do centro cultural do Teatro do Mar no Rio, onde atua na vice-dire\u00e7\u00e3o do espa\u00e7o que inaugurou em 2025. Atuou em TV, cinema como a novela Eterna Magia rede Globo e o filme T\u00f4 Ryca. Em musicais como Maria em &#8221; Eu Sou Maria&#8221;, &#8220;O Homem de La Mancha&#8221; , &#8220;Charlie e a Fant\u00e1stica F\u00e1brica de Chocolate como sra Tev\u00ea&#8221; e &#8220;Evita Open Air&#8221; . Cover Frau Blucher (O Jovem Frankenstein \u2013 Rio) e Elizabeth Bennig (SP), e no elenco de A novi\u00e7a Rebelde. Recentemente, integrou a s\u00e9rie A Sogra que Te Pariu- Netflix e nova s\u00e9rie sobre o SAMU da Globoplay.<\/p>\n<p>Ficha t\u00e9cnica<\/p>\n<p>Texto: Gabriel Chalita<\/p>\n<p>Dire\u00e7\u00e3o: Gustavo Barchilon<\/p>\n<p>Dire\u00e7\u00e3o musical: Carlos Bauzys<\/p>\n<p>Elenco: Giulia Nadruz, B\u00e1rbara Sut, Lu\u00edsa Vianna, Fernanda Biancamano<\/p>\n<p>Cenografia: Nat\u00e1lia Lana<\/p>\n<p>Ilumina\u00e7\u00e3o: Ana Luzia de Simoni<\/p>\n<p>Figurino: Karen Brusttolin<\/p>\n<p>Dire\u00e7\u00e3o de movimento: Roberta Serrado<\/p>\n<p>Desenho de som: Gabriel D\u2019Angelo<\/p>\n<p>Figurino: Karen Brusttolin<\/p>\n<p>Dire\u00e7\u00e3o de movimento: Roberta Serrado<\/p>\n<p>Dire\u00e7\u00e3o de produ\u00e7\u00e3o: Guilherme Logullo<\/p>\n<p>Realiza\u00e7\u00e3o: Luar de Abril Produ\u00e7\u00f5es Ltda.<\/p>\n<p>Produ\u00e7\u00e3o Local Porto Alegre: Little John Entretenimento<\/p>\n<p>SERVI\u00c7O<\/p>\n<p>O C\u00e9u de Bibi Ferreira<\/p>\n<p>Classifica\u00e7\u00e3o: livre<\/p>\n<p>Dura\u00e7\u00e3o: 70 minutos<\/p>\n<p>Teatro Sim\u00f5es Lopes Neto<\/p>\n<p>R. Riachuelo, 1089 &#8211; Centro Hist\u00f3rico<\/p>\n<p>Datas: 08, 09 e 10 de maio<\/p>\n<p>Sexta e s\u00e1bado \u00e0s 20h | Domingo \u00e0s 18h<\/p>\n<p>Ingressos \u00e0 venda na Bilheteria e no site do teatro<\/p>\n<p>Plateia Baixa: R$ 250,00 \/ Meia-Entrada: R$ 125,00<\/p>\n<p>Plateia Alta: R$ 220,00 \/ Meia-Entrada: R$ 110,00<\/p>\n<p>Balc\u00f5es Inferiores: R$ 180,00 \/ Meia-Entrada: R$ 90,00<\/p>\n<p>Galeria: R$ 50,00 \/ R$ 25,00<\/p>\n<p>&nbsp;<\/p>\n<p>&nbsp;<\/p>\n","protected":false},"excerpt":{"rendered":"<p>Depois de conquistar o p\u00fablico carioca, o musical in\u00e9dito \u201cO C\u00e9u de Bibi Ferreira\u201d desembarca em Porto Alegre para tr\u00eas apresenta\u00e7\u00f5es especiais nos dias 08, &hellip; <\/p>\n","protected":false},"author":2,"featured_media":43006,"comment_status":"closed","ping_status":"closed","sticky":false,"template":"","format":"standard","meta":{"footnotes":""},"categories":[2],"tags":[],"class_list":["post-43005","post","type-post","status-publish","format-standard","has-post-thumbnail","hentry","category-noticias","latest_post"],"_links":{"self":[{"href":"https:\/\/gilpimentel.com.br\/site\/wp-json\/wp\/v2\/posts\/43005","targetHints":{"allow":["GET"]}}],"collection":[{"href":"https:\/\/gilpimentel.com.br\/site\/wp-json\/wp\/v2\/posts"}],"about":[{"href":"https:\/\/gilpimentel.com.br\/site\/wp-json\/wp\/v2\/types\/post"}],"author":[{"embeddable":true,"href":"https:\/\/gilpimentel.com.br\/site\/wp-json\/wp\/v2\/users\/2"}],"replies":[{"embeddable":true,"href":"https:\/\/gilpimentel.com.br\/site\/wp-json\/wp\/v2\/comments?post=43005"}],"version-history":[{"count":1,"href":"https:\/\/gilpimentel.com.br\/site\/wp-json\/wp\/v2\/posts\/43005\/revisions"}],"predecessor-version":[{"id":43007,"href":"https:\/\/gilpimentel.com.br\/site\/wp-json\/wp\/v2\/posts\/43005\/revisions\/43007"}],"wp:featuredmedia":[{"embeddable":true,"href":"https:\/\/gilpimentel.com.br\/site\/wp-json\/wp\/v2\/media\/43006"}],"wp:attachment":[{"href":"https:\/\/gilpimentel.com.br\/site\/wp-json\/wp\/v2\/media?parent=43005"}],"wp:term":[{"taxonomy":"category","embeddable":true,"href":"https:\/\/gilpimentel.com.br\/site\/wp-json\/wp\/v2\/categories?post=43005"},{"taxonomy":"post_tag","embeddable":true,"href":"https:\/\/gilpimentel.com.br\/site\/wp-json\/wp\/v2\/tags?post=43005"}],"curies":[{"name":"wp","href":"https:\/\/api.w.org\/{rel}","templated":true}]}}