{"id":42994,"date":"2026-04-29T01:27:58","date_gmt":"2026-04-29T04:27:58","guid":{"rendered":"https:\/\/gilpimentel.com.br\/site\/?p=42994"},"modified":"2026-04-28T19:41:26","modified_gmt":"2026-04-28T22:41:26","slug":"liana-timm-estara-no-teatro-oficina-olga-reverbel-dia-30-de-abril-as-19h-com-o-show-affectus","status":"publish","type":"post","link":"https:\/\/gilpimentel.com.br\/site\/liana-timm-estara-no-teatro-oficina-olga-reverbel-dia-30-de-abril-as-19h-com-o-show-affectus\/","title":{"rendered":"LIANA TIMM ESTAR\u00c1 NO TEATRO OFICINA OLGA REVERBEL, DIA 30 DE ABRIL, \u00c0S 19H COM O SHOW AFFECTUS"},"content":{"rendered":"<p>Depois da estreia da mostra Affectus, que comemorou a abertura de um novo espa\u00e7o na cidade \u2013 a galeria de arte do Multipalco Eva Sopher &#8211; Liana Timm volta \u00e0 cena, agora na sua vers\u00e3o musicista. Ao lado de Daniel Rosa, apresenta o show Affectus, com m\u00fasica, poesia e muita sensibilidade. A apresenta\u00e7\u00e3o refor\u00e7a o car\u00e1ter de Liana Timm, uma artista completa, que se destaca nas artes visuais, na literatura, nas c\u00eanicas e na m\u00fasica.<\/p>\n<p>O Teatro Oficina Olga Reverbel recebe a int\u00e9rprete e o guitarrista Daniel Rosa para este show, que tem pontos de contato com sua obra e com a exposi\u00e7\u00e3o hom\u00f4nima presente no espa\u00e7o. Ambos os trabalhos abordam a simultaneidade do mundo contempor\u00e2neo e sua predomin\u00e2ncia em nossas rotinas e decis\u00f5es. Em cena, m\u00fasicas brasileiras, portuguesas, os standards de jazz, os tangos e boleros, que trazem pontos fortes de sua trajet\u00f3ria, permeadas de poesias de sua autoria, hist\u00f3rias e curiosidades sobre compositores e cantores.<\/p>\n<p>Janaina Pellizzon assina a prepara\u00e7\u00e3o do elenco, Vivian Azevedo opera o som e a proje\u00e7\u00e3o das imagens e Andr\u00e9 Hanauher faz o desenho e a opera\u00e7\u00e3o da luz. Affectus ter\u00e1 a participa\u00e7\u00e3o especial de Dione Detanico interpretando os poemas de Liana durante os 90 minutos de dura\u00e7\u00e3o do espet\u00e1culo, emoldurado pelo cen\u00e1rio virtual com imagens assinadas por ela.<\/p>\n<p>Liana Timm, tamb\u00e9m arquiteta, foi professora da Faculdade de Arquitetura e Urbanismo da UFRGS (1976\/96) e \u00e9 Mestre em Educa\u00e7\u00e3o pela UFRGS. Realizou 76 exposi\u00e7\u00f5es individuais, 53 shows de m\u00fasica e poesia. Participou de 54 antologias e publicou 21 livros individuais de poesia. Recebeu 17 pr\u00eamios. Desenvolve seus projetos culturais e editoriais atrav\u00e9s da Territ\u00f3rio das Artes.<\/p>\n<p>AFFECTUS \u2013 show de m\u00fasica e poesia com Liana Timm &amp; Daniel Rosa<\/p>\n<p>30 de abril, 19h<\/p>\n<p>Teatro Oficina Olga Reverbel \u2013 Riachuelo, 1084<\/p>\n<p>Ingressos dispon\u00edveis no site do Theatro S\u00e3o Pedro:<\/p>\n<p>https:\/\/theatrosaopedro.rs.gov.br\/affectus<\/p>\n<p>Redes da artista:<\/p>\n<blockquote class=\"wp-embedded-content\" data-secret=\"0c3oqBEM87\"><p><a href=\"https:\/\/www.lianatimm.com.br\/\">Home<\/a><\/p><\/blockquote>\n<p><iframe class=\"wp-embedded-content lazyload\" sandbox=\"allow-scripts\" security=\"restricted\" style=\"position: absolute; visibility: hidden;\" title=\"&#8220;Home&#8221; &#8212; Liana Timm\" data-src=\"https:\/\/www.lianatimm.com.br\/embed\/#?secret=lqvP0nov6C#?secret=0c3oqBEM87\" data-secret=\"0c3oqBEM87\" width=\"600\" height=\"338\" frameborder=\"0\" marginwidth=\"0\" marginheight=\"0\" scrolling=\"no\" src=\"data:image\/svg+xml;base64,PHN2ZyB3aWR0aD0iMSIgaGVpZ2h0PSIxIiB4bWxucz0iaHR0cDovL3d3dy53My5vcmcvMjAwMC9zdmciPjwvc3ZnPg==\" data-load-mode=\"1\"><\/iframe><\/p>\n<p>https:\/\/www.instagram.com\/lianatimm\/<\/p>\n<p>https:\/\/www.facebook.com\/liana.timm<\/p>\n<p>&nbsp;<\/p>\n<p>&nbsp;<\/p>\n<p>&nbsp;<\/p>\n","protected":false},"excerpt":{"rendered":"<p>Depois da estreia da mostra Affectus, que comemorou a abertura de um novo espa\u00e7o na cidade \u2013 a galeria de arte do Multipalco Eva Sopher &hellip; <\/p>\n","protected":false},"author":2,"featured_media":42995,"comment_status":"closed","ping_status":"closed","sticky":false,"template":"","format":"standard","meta":{"footnotes":""},"categories":[2],"tags":[],"class_list":["post-42994","post","type-post","status-publish","format-standard","has-post-thumbnail","hentry","category-noticias","latest_post"],"_links":{"self":[{"href":"https:\/\/gilpimentel.com.br\/site\/wp-json\/wp\/v2\/posts\/42994","targetHints":{"allow":["GET"]}}],"collection":[{"href":"https:\/\/gilpimentel.com.br\/site\/wp-json\/wp\/v2\/posts"}],"about":[{"href":"https:\/\/gilpimentel.com.br\/site\/wp-json\/wp\/v2\/types\/post"}],"author":[{"embeddable":true,"href":"https:\/\/gilpimentel.com.br\/site\/wp-json\/wp\/v2\/users\/2"}],"replies":[{"embeddable":true,"href":"https:\/\/gilpimentel.com.br\/site\/wp-json\/wp\/v2\/comments?post=42994"}],"version-history":[{"count":1,"href":"https:\/\/gilpimentel.com.br\/site\/wp-json\/wp\/v2\/posts\/42994\/revisions"}],"predecessor-version":[{"id":42996,"href":"https:\/\/gilpimentel.com.br\/site\/wp-json\/wp\/v2\/posts\/42994\/revisions\/42996"}],"wp:featuredmedia":[{"embeddable":true,"href":"https:\/\/gilpimentel.com.br\/site\/wp-json\/wp\/v2\/media\/42995"}],"wp:attachment":[{"href":"https:\/\/gilpimentel.com.br\/site\/wp-json\/wp\/v2\/media?parent=42994"}],"wp:term":[{"taxonomy":"category","embeddable":true,"href":"https:\/\/gilpimentel.com.br\/site\/wp-json\/wp\/v2\/categories?post=42994"},{"taxonomy":"post_tag","embeddable":true,"href":"https:\/\/gilpimentel.com.br\/site\/wp-json\/wp\/v2\/tags?post=42994"}],"curies":[{"name":"wp","href":"https:\/\/api.w.org\/{rel}","templated":true}]}}