{"id":42985,"date":"2026-04-29T01:11:28","date_gmt":"2026-04-29T04:11:28","guid":{"rendered":"https:\/\/gilpimentel.com.br\/site\/?p=42985"},"modified":"2026-04-28T19:39:52","modified_gmt":"2026-04-28T22:39:52","slug":"parque-do-caracol-firma-parceria-com-a-empreendedora-laura-bier-da-vila-roubadinhas-e-roubadinhas-atlantida","status":"publish","type":"post","link":"https:\/\/gilpimentel.com.br\/site\/parque-do-caracol-firma-parceria-com-a-empreendedora-laura-bier-da-vila-roubadinhas-e-roubadinhas-atlantida\/","title":{"rendered":"PARQUE DO CARACOL FIRMA PARCERIA COM A EMPREENDEDORA LAURA BIER, DA VILA ROUBADINHAS E ROUBADINHAS ATL\u00c2NTIDA"},"content":{"rendered":"<p>A ga\u00facha ir\u00e1 atuar como captadora de patroc\u00ednio para o atrativo da Serra e tamb\u00e9m para os outros empreendimentos do Grupo Iter<\/p>\n<p>O Parque do Caracol, em Canela, firmou esta semana uma parceria com a empres\u00e1ria e criadora de conte\u00fado Laura Bier, fundadora da Vila Roubadinhas, Roubadinhas Atl\u00e2ntida e Arena Roubadinhas. A ga\u00facha passa a atuar na capta\u00e7\u00e3o de patroc\u00ednios para o atrativo tur\u00edstico, assim como, na conex\u00e3o com marcas, parcerias, ativa\u00e7\u00f5es, locat\u00e1rios e eventos. Laura tamb\u00e9m ir\u00e1 atuar em projetos vinculados aos demais empreendimentos sob administra\u00e7\u00e3o da holding Grupo Iter, como o Parque Bondinho P\u00e3o de A\u00e7\u00facar, no Rio de Janeiro.<\/p>\n<p>Com quase 53 anos de hist\u00f3ria, o Parque do Caracol \u00e9 um dos principais destinos tur\u00edsticos do Rio Grande do Sul. O local re\u00fane diversas atra\u00e7\u00f5es e \u00e9 respons\u00e1vel por oferecer diferentes \u00e2ngulos de contempla\u00e7\u00e3o da Cascata do Caracol, um dos cart\u00f5es-postais da regi\u00e3o.<\/p>\n<p>A parceria integra a estrat\u00e9gia do grupo de ampliar frentes de receita e fortalecer a conex\u00e3o com marcas. \u201cReconhecida pela Forbes Brasil, a entrada da Laura Bier refor\u00e7a a conex\u00e3o entre sua expertise em desenvolvimento de neg\u00f3cios e a estrat\u00e9gia do parque, potencializando ativos tur\u00edsticos por meio da inova\u00e7\u00e3o comercial, atra\u00e7\u00e3o de marcas e novas frentes de monetiza\u00e7\u00e3o\u201d, comenta Sandra Ferraz, Gerente Geral do Parque do Caracol.<\/p>\n<p>Com mais de uma d\u00e9cada de atua\u00e7\u00e3o, Laura Bier desenvolveu projetos ligados a experi\u00eancias de marca, com foco em gastronomia, entretenimento e comportamento. Entre suas iniciativas est\u00e3o a Vila Roubadinhas, voltada \u00e0 conviv\u00eancia e ativa\u00e7\u00f5es comerciais, e o Roubadinhas Atl\u00e2ntida, realizado no litoral ga\u00facho durante a temporada de ver\u00e3o.<\/p>\n<p>A empres\u00e1ria tamb\u00e9m esteve envolvida em projetos como o Parque Harmonia e o Acampamento Farroupilha, em Porto Alegre, atuando na estrutura\u00e7\u00e3o comercial e na capta\u00e7\u00e3o de parceiros. Al\u00e9m disso, lidera a Blend Experience, empresa dedicada ao desenvolvimento de projetos que articulam marcas, territ\u00f3rio e comportamento de consumo.<\/p>\n<p>Outro destaque em sua trajet\u00f3ria \u00e9 a atua\u00e7\u00e3o no empreendimento Bordaza, onde contribuiu para o desenvolvimento comercial e a conex\u00e3o com marcas estrat\u00e9gicas, refor\u00e7ando seu olhar para ativos urbanos de alto potencial e curadoria qualificada.<\/p>\n<p>PARQUE DO CARACOL CANELA-RS<\/p>\n<p>Endere\u00e7o: Rodovia RS 466, km 0, s\/n &#8211; Caracol, Canela &#8211; RS, 95680-000<\/p>\n<p>Mais informa\u00e7\u00f5es e ingressos atrav\u00e9s dos canais oficiais:<\/p>\n<p>www.parquecaracol.com.br\/<\/p>\n<p>www.instagram.com\/parquedocaracol\/<\/p>\n<p>www.facebook.com\/parquedocaracoloficial\/<\/p>\n<p>&nbsp;<\/p>\n<p>&nbsp;<\/p>\n<p>&nbsp;<\/p>\n<p>&nbsp;<\/p>\n","protected":false},"excerpt":{"rendered":"<p>A ga\u00facha ir\u00e1 atuar como captadora de patroc\u00ednio para o atrativo da Serra e tamb\u00e9m para os outros empreendimentos do Grupo Iter O Parque do &hellip; <\/p>\n","protected":false},"author":2,"featured_media":42986,"comment_status":"closed","ping_status":"closed","sticky":false,"template":"","format":"standard","meta":{"footnotes":""},"categories":[2],"tags":[],"class_list":["post-42985","post","type-post","status-publish","format-standard","has-post-thumbnail","hentry","category-noticias","latest_post"],"_links":{"self":[{"href":"https:\/\/gilpimentel.com.br\/site\/wp-json\/wp\/v2\/posts\/42985","targetHints":{"allow":["GET"]}}],"collection":[{"href":"https:\/\/gilpimentel.com.br\/site\/wp-json\/wp\/v2\/posts"}],"about":[{"href":"https:\/\/gilpimentel.com.br\/site\/wp-json\/wp\/v2\/types\/post"}],"author":[{"embeddable":true,"href":"https:\/\/gilpimentel.com.br\/site\/wp-json\/wp\/v2\/users\/2"}],"replies":[{"embeddable":true,"href":"https:\/\/gilpimentel.com.br\/site\/wp-json\/wp\/v2\/comments?post=42985"}],"version-history":[{"count":1,"href":"https:\/\/gilpimentel.com.br\/site\/wp-json\/wp\/v2\/posts\/42985\/revisions"}],"predecessor-version":[{"id":42987,"href":"https:\/\/gilpimentel.com.br\/site\/wp-json\/wp\/v2\/posts\/42985\/revisions\/42987"}],"wp:featuredmedia":[{"embeddable":true,"href":"https:\/\/gilpimentel.com.br\/site\/wp-json\/wp\/v2\/media\/42986"}],"wp:attachment":[{"href":"https:\/\/gilpimentel.com.br\/site\/wp-json\/wp\/v2\/media?parent=42985"}],"wp:term":[{"taxonomy":"category","embeddable":true,"href":"https:\/\/gilpimentel.com.br\/site\/wp-json\/wp\/v2\/categories?post=42985"},{"taxonomy":"post_tag","embeddable":true,"href":"https:\/\/gilpimentel.com.br\/site\/wp-json\/wp\/v2\/tags?post=42985"}],"curies":[{"name":"wp","href":"https:\/\/api.w.org\/{rel}","templated":true}]}}