{"id":42964,"date":"2026-04-29T07:00:29","date_gmt":"2026-04-29T10:00:29","guid":{"rendered":"https:\/\/gilpimentel.com.br\/site\/?p=42964"},"modified":"2026-04-29T16:59:38","modified_gmt":"2026-04-29T19:59:38","slug":"momo-gelato-homenageia-shakira-no-rio","status":"publish","type":"post","link":"https:\/\/gilpimentel.com.br\/site\/momo-gelato-homenageia-shakira-no-rio\/","title":{"rendered":"MOMO GELATO HOMENAGEIA SHAKIRA NO RIO"},"content":{"rendered":"<p>Novo sabor de gelato com refer\u00eancias latinas \u00e9 inspirado pela presen\u00e7a da cantora na Cidade Maravilhosa<\/p>\n<p>O Rio de Janeiro se prepara para receber uma das maiores artistas da Am\u00e9rica Latina: Shakira. E a Momo Gelato, ic\u00f4nica gelateria carioca, homenageia a vinda da cantora com um sabor exclusivo para ocasi\u00e3o.<\/p>\n<p>O gelato Shakira no Rio (R$ 27 \u2013 a partir de 100g) \u00e9 elaborado com cacau e caf\u00e9 colombiano, iguarias que s\u00e3o refer\u00eancia do pa\u00eds de origem da cantora, e brigadeiro, sobremesa brasileira favorita da artista. \u201cA passagem de Shakira pela nossa cidade n\u00e3o passa despercebida e nos inspiramos em ingredientes que s\u00e3o pot\u00eancias na Col\u00f4mbia unidos com uma paix\u00e3o nacional que \u00e9 o brigadeiro\u201d, explica Walter de Mattos, fundador de Momo.<\/p>\n<p>O novo sabor estar\u00e1 dispon\u00edvel na unidade Copacabana Palace, pr\u00f3ximo ao palco do evento Todo Mundo no Rio, e nas demais casas na capital fluminense.<\/p>\n<p>Sobre a Momo Gelato<\/p>\n<p>A Momo Gelato \u00e9 resultado da paix\u00e3o de Walter de Mattos por gelato. Criador do di\u00e1rio esportivo Lance!, economista e esportista, come\u00e7ou a explorar o universo da iguaria italiana em 2012, com viagens e cursos. Em janeiro de 2014, foi inaugurada a primeira unidade da gelateria no bairro do Leblon, no Rio de Janeiro. De l\u00e1 para c\u00e1, o neg\u00f3cio cresceu e chegou a sete lojas em \u00e1reas nobres da cidade. Em 2022, a Momo desembarcou em S\u00e3o Paulo, abrindo as portas de uma unidade conceito no Jardins e, com a boa receptividade, abriu uma segunda unidade na capital paulistana em 2025, no bairro de Pinheiros.<\/p>\n<p>Um dos segredos do sucesso da Momo \u00e9 o uso dos melhores ingredientes e a produ\u00e7\u00e3o artesanal de gelatos frescos todos os dias, para atingir o m\u00e1ximo de sabor. As cria\u00e7\u00f5es da Momo, sob a lideran\u00e7a criativa da mestre gelateira K\u00e1tia Mattos, v\u00eam n\u00e3o s\u00f3 da tradicional gelateria italiana, mas tamb\u00e9m h\u00e1, entre os sabores mais pedidos, as vers\u00f5es de doces brasileiros, como pa\u00e7oca com p\u00e9 de moleque (diet), brigadetto (brigadeiro) e paglia italiana, e a linha Momo P.S, lan\u00e7ada em 2024, de gelati com maior percentual de prote\u00edna. As cerca de 30 op\u00e7\u00f5es de gelato e os cinco sabores de tortas s\u00e3o feitos com leite fresco com maior teor de gordura do mercado, para que n\u00e3o seja necess\u00e1ria a introdu\u00e7\u00e3o de outros tipos, e com frutas frescas de verdade \u2013 sempre que poss\u00edvel, org\u00e2nicas.<\/p>\n<p>Servi\u00e7o<\/p>\n<p>Copacabana Palace<\/p>\n<p>Endere\u00e7o: Avenida Atl\u00e2ntica, 1702 &#8211; Copacabana<\/p>\n<p>Hor\u00e1rio de Funcionamento:<\/p>\n<p>Segunda a domingo: das 12h \u00e0s 21h<\/p>\n<p>Ipanema<\/p>\n<p>Endere\u00e7o: Rua Garcia D\u2019\u00c1vila, 83, Ipanema<\/p>\n<p>Hor\u00e1rio de Funcionamento:<\/p>\n<p>Domingo a quinta: das 12h \u00e0s 21h. Sexta e s\u00e1bado: das 9h \u00e0s 22h<\/p>\n<p>Shopping Leblon<\/p>\n<p>Endere\u00e7o: Avenida Afr\u00e2nio de Melo Franco, 290, 2\u00ba Piso \u2013 Leblon<\/p>\n<p>Hor\u00e1rio de Funcionamento:<\/p>\n<p>Segunda a s\u00e1bado: das 10h \u00e0s 22h. Domingo: das 12h \u00e0s 21h<\/p>\n<p>Leblon<\/p>\n<p>Endere\u00e7o: Rua Dias Ferreira, 147 \u2013 Leblon<\/p>\n<p>Hor\u00e1rio de Funcionamento:<\/p>\n<p>Domingo a quinta: das 12h \u00e0s 21h. Sexta e s\u00e1bado: das 13h \u00e0s 23h<\/p>\n<p>Shopping da G\u00e1vea<\/p>\n<p>Endere\u00e7o: Rua Marqu\u00eas de S\u00e3o Vicente, 52, 2\u00ba Piso \u2013 G\u00e1vea<\/p>\n<p>Hor\u00e1rio de Funcionamento:<\/p>\n<p>Segunda a s\u00e1bado: das 10h \u00e0s 22h. Domingo: das 12h \u00e0s 21h<\/p>\n<p>S\u00e3o Conrado<\/p>\n<p>Endere\u00e7o: Av. Prefeito Mendes de Morais &#8211; em frente ao 1.400 &#8211; S\u00e3o Conrado<\/p>\n<p>Hor\u00e1rio de funcionamento:<\/p>\n<p>Domingo a quinta, das 8h \u00e0s 22h. Sexta e s\u00e1bado, das 8h \u00e0 0h<\/p>\n<p>&nbsp;<\/p>\n","protected":false},"excerpt":{"rendered":"<p>Novo sabor de gelato com refer\u00eancias latinas \u00e9 inspirado pela presen\u00e7a da cantora na Cidade Maravilhosa O Rio de Janeiro se prepara para receber uma &hellip; <\/p>\n","protected":false},"author":2,"featured_media":42965,"comment_status":"closed","ping_status":"closed","sticky":false,"template":"","format":"standard","meta":{"footnotes":""},"categories":[2],"tags":[],"class_list":["post-42964","post","type-post","status-publish","format-standard","has-post-thumbnail","hentry","category-noticias","latest_post"],"_links":{"self":[{"href":"https:\/\/gilpimentel.com.br\/site\/wp-json\/wp\/v2\/posts\/42964","targetHints":{"allow":["GET"]}}],"collection":[{"href":"https:\/\/gilpimentel.com.br\/site\/wp-json\/wp\/v2\/posts"}],"about":[{"href":"https:\/\/gilpimentel.com.br\/site\/wp-json\/wp\/v2\/types\/post"}],"author":[{"embeddable":true,"href":"https:\/\/gilpimentel.com.br\/site\/wp-json\/wp\/v2\/users\/2"}],"replies":[{"embeddable":true,"href":"https:\/\/gilpimentel.com.br\/site\/wp-json\/wp\/v2\/comments?post=42964"}],"version-history":[{"count":1,"href":"https:\/\/gilpimentel.com.br\/site\/wp-json\/wp\/v2\/posts\/42964\/revisions"}],"predecessor-version":[{"id":42966,"href":"https:\/\/gilpimentel.com.br\/site\/wp-json\/wp\/v2\/posts\/42964\/revisions\/42966"}],"wp:featuredmedia":[{"embeddable":true,"href":"https:\/\/gilpimentel.com.br\/site\/wp-json\/wp\/v2\/media\/42965"}],"wp:attachment":[{"href":"https:\/\/gilpimentel.com.br\/site\/wp-json\/wp\/v2\/media?parent=42964"}],"wp:term":[{"taxonomy":"category","embeddable":true,"href":"https:\/\/gilpimentel.com.br\/site\/wp-json\/wp\/v2\/categories?post=42964"},{"taxonomy":"post_tag","embeddable":true,"href":"https:\/\/gilpimentel.com.br\/site\/wp-json\/wp\/v2\/tags?post=42964"}],"curies":[{"name":"wp","href":"https:\/\/api.w.org\/{rel}","templated":true}]}}