{"id":42961,"date":"2026-04-28T06:15:33","date_gmt":"2026-04-28T09:15:33","guid":{"rendered":"https:\/\/gilpimentel.com.br\/site\/?p=42961"},"modified":"2026-04-28T18:35:08","modified_gmt":"2026-04-28T21:35:08","slug":"como-fazer-uma-barrinha-caseira-saudavel-de-tamara-aveia-e-castanhas","status":"publish","type":"post","link":"https:\/\/gilpimentel.com.br\/site\/como-fazer-uma-barrinha-caseira-saudavel-de-tamara-aveia-e-castanhas\/","title":{"rendered":"COMO FAZER UMA BARRINHA CASEIRA SAUD\u00c1VEL DE T\u00c2MARA, AVEIA E CASTANHAS"},"content":{"rendered":"<p>Barrinha criada pela Bio Mundo garante energia e saciedade na medida certa<\/p>\n<p>Perfeita para um lanche nutritivo e cheio de sabor, essa barrinha caseira combina a do\u00e7ura natural da t\u00e2mara com a energia da aveia e o crocante das castanhas. F\u00e1cil de preparar, \u00e9 uma \u00f3tima op\u00e7\u00e3o para quem busca praticidade sem abrir m\u00e3o de uma alimenta\u00e7\u00e3o equilibrada.<\/p>\n<p>Idealizada pela Bio Mundo, \u00e9 a escolha ideal para quem busca um lanche pr\u00e1tico, nutritivo e cheio de sabor. A combina\u00e7\u00e3o de t\u00e2mara, aveia e castanhas garante energia e saciedade na medida certa, perfeita para o dia a dia. Rende 12 unidades e leva cerca de 20 minutos de preparo mais uma hora de geladeira. Confira:<\/p>\n<p>Ingredientes<\/p>\n<p>1 x\u00edcara de t\u00e2maras sem caro\u00e7o<\/p>\n<p>1 x\u00edcara de aveia em flocos<\/p>\n<p>\u00bd x\u00edcara de castanhas ou amendoim triturado<\/p>\n<p>2 colheres (sopa) de pasta de amendoim ou castanha<\/p>\n<p>1 colher (sopa) de cacau em p\u00f3 (opcional)<\/p>\n<p>1 colher (ch\u00e1) de \u00f3leo de coco (opcional)<\/p>\n<p>Modo de preparo<\/p>\n<p>Hidrate as t\u00e2maras em \u00e1gua morna por cerca de 10 minutos, se estiverem muito secas.<\/p>\n<p>Escorra a \u00e1gua e coloque as t\u00e2maras no processador.<\/p>\n<p>Processe at\u00e9 formar uma pasta.<\/p>\n<p>Acrescente a aveia, as castanhas, a pasta de amendoim, o cacau e o \u00f3leo de coco.<\/p>\n<p>Processe novamente at\u00e9 obter uma massa uniforme e model\u00e1vel.<\/p>\n<p>Forre uma forma pequena com papel manteiga.<\/p>\n<p>Espalhe e pressione bem a massa, deixando-a compacta.<\/p>\n<p>Leve \u00e0 geladeira por cerca de 1 hora.<\/p>\n<p>Corte em barrinhas e sirva.<\/p>\n<p>&nbsp;<\/p>\n<p>&nbsp;<\/p>\n","protected":false},"excerpt":{"rendered":"<p>Barrinha criada pela Bio Mundo garante energia e saciedade na medida certa Perfeita para um lanche nutritivo e cheio de sabor, essa barrinha caseira combina &hellip; <\/p>\n","protected":false},"author":2,"featured_media":42962,"comment_status":"closed","ping_status":"closed","sticky":false,"template":"","format":"standard","meta":{"footnotes":""},"categories":[2],"tags":[],"class_list":["post-42961","post","type-post","status-publish","format-standard","has-post-thumbnail","hentry","category-noticias","latest_post"],"_links":{"self":[{"href":"https:\/\/gilpimentel.com.br\/site\/wp-json\/wp\/v2\/posts\/42961","targetHints":{"allow":["GET"]}}],"collection":[{"href":"https:\/\/gilpimentel.com.br\/site\/wp-json\/wp\/v2\/posts"}],"about":[{"href":"https:\/\/gilpimentel.com.br\/site\/wp-json\/wp\/v2\/types\/post"}],"author":[{"embeddable":true,"href":"https:\/\/gilpimentel.com.br\/site\/wp-json\/wp\/v2\/users\/2"}],"replies":[{"embeddable":true,"href":"https:\/\/gilpimentel.com.br\/site\/wp-json\/wp\/v2\/comments?post=42961"}],"version-history":[{"count":1,"href":"https:\/\/gilpimentel.com.br\/site\/wp-json\/wp\/v2\/posts\/42961\/revisions"}],"predecessor-version":[{"id":42963,"href":"https:\/\/gilpimentel.com.br\/site\/wp-json\/wp\/v2\/posts\/42961\/revisions\/42963"}],"wp:featuredmedia":[{"embeddable":true,"href":"https:\/\/gilpimentel.com.br\/site\/wp-json\/wp\/v2\/media\/42962"}],"wp:attachment":[{"href":"https:\/\/gilpimentel.com.br\/site\/wp-json\/wp\/v2\/media?parent=42961"}],"wp:term":[{"taxonomy":"category","embeddable":true,"href":"https:\/\/gilpimentel.com.br\/site\/wp-json\/wp\/v2\/categories?post=42961"},{"taxonomy":"post_tag","embeddable":true,"href":"https:\/\/gilpimentel.com.br\/site\/wp-json\/wp\/v2\/tags?post=42961"}],"curies":[{"name":"wp","href":"https:\/\/api.w.org\/{rel}","templated":true}]}}