{"id":42949,"date":"2026-04-29T03:00:08","date_gmt":"2026-04-29T06:00:08","guid":{"rendered":"https:\/\/gilpimentel.com.br\/site\/?p=42949"},"modified":"2026-04-28T19:43:30","modified_gmt":"2026-04-28T22:43:30","slug":"loboguara-proporciona-vivencia-de-dia-das-maes-no-pe-da-cascata-do-caracol","status":"publish","type":"post","link":"https:\/\/gilpimentel.com.br\/site\/loboguara-proporciona-vivencia-de-dia-das-maes-no-pe-da-cascata-do-caracol\/","title":{"rendered":"LOBOGUAR\u00c1 PROPORCIONA VIV\u00caNCIA DE DIA DAS M\u00c3ES NO P\u00c9 DA CASCATA DO CARACOL"},"content":{"rendered":"<p>O Projeto Loboguar\u00e1 promove, no dia 09 de maio de 2026 (s\u00e1bado), a Viv\u00eancia de Dia das M\u00e3es, uma celebra\u00e7\u00e3o em meio \u00e0 natureza que acontece no P\u00e9 da Cascata do Caracol. O evento, que integra a agenda de Viv\u00eancias de 2026, \u00e9 um convite \u00e0s fam\u00edlias, para um momento de conex\u00e3o que inicia \u00e0s 13:15h com o embarque no transporte tem\u00e1tico em frente a Casa da V\u00f3 Ivonne, segue com trilha interpretativa guiada pelos bi\u00f3logos do projeto e um caf\u00e9 da tarde servido pela Casa da V\u00f3 Ivonne, encerrando \u00e0s 17:30h.<\/p>\n<p>As Viv\u00eancias t\u00eam impactado as fam\u00edlias de uma maneira muito sens\u00edvel, permitindo que adultos e crian\u00e7as revivam mem\u00f3rias e criem novos registros juntos, pois as atividades s\u00e3o estruturadas de uma forma que o ambiente \u00e9 descoberto em conjunto. \u201cUma das caracter\u00edsticas mais marcantes das Viv\u00eancias, \u00e9 o protagonismo das crian\u00e7as, o respeito ao seu tempo e \u00e0s suas curiosidades. Como todo o grupo \u00e9 formado por fam\u00edlias, existe uma liberdade e um cuidado que \u00e9 percebido por todos que est\u00e3o na atividade\u201d, afirma Jo\u00e3o Pedro Travi, gestor do Projeto Loboguar\u00e1.<\/p>\n<p>A experi\u00eancia vai contar com uma pequena trilha que leva aos p\u00e9s da Cascata do Caracol, permitindo uma vista \u00fanica e a possibilidade de uma volta no balan\u00e7o infinito. As vagas para a Viv\u00eancia de Dia das M\u00e3es s\u00e3o limitadas e as reservas devem ser feitas at\u00e9 o dia 7 de maio.<\/p>\n<p>Esta edi\u00e7\u00e3o do Dia das M\u00e3es faz parte de um calend\u00e1rio anual que incentiva a conex\u00e3o das fam\u00edlias com a natureza. A programa\u00e7\u00e3o de 2026 ainda ter\u00e1 a Viv\u00eancia de Dia dos Pais, em agosto, e Dia das Crian\u00e7as, em outubro, al\u00e9m das atividades em alus\u00e3o \u00e0s esta\u00e7\u00f5es do ano, programadas para junho, setembro e dezembro.<\/p>\n<p>Informa\u00e7\u00f5es:<\/p>\n<p>SERVI\u00c7O<\/p>\n<p>O qu\u00ea: Viv\u00eancia Dia das M\u00e3es &#8211; Projeto Loboguar\u00e1<\/p>\n<p>Data: 9 de maio de 2026 (s\u00e1bado)<\/p>\n<p>Hor\u00e1rio: Das 13:15 \u00e0s 17:30<\/p>\n<p>Local: P\u00e9 da Cascata do Caracol &#8211; Embarque em frente a Casa da V\u00f3 Ivonne<\/p>\n<p>Sobre o balan\u00e7o: A volta no balan\u00e7o n\u00e3o \u00e9 permitida para gestantes, crian\u00e7as com 6 anos ou menos e pessoas acima de 110 Kg<\/p>\n<p>Clima: A Viv\u00eancia ser\u00e1 remarcada para nova data em caso de condi\u00e7\u00e3o clim\u00e1tica inadequada.<\/p>\n<p>VALORES:<\/p>\n<p>R$178,00 (Crian\u00e7as entre 4 a 11 anos)<\/p>\n<p>R$218,00 (Crian\u00e7as a partir de 12 anos e adultos)<\/p>\n<p>Crian\u00e7as at\u00e9 3 anos, \u00e9 free.<\/p>\n<p>Reservas: As vagas s\u00e3o limitadas e as reservas devem ser feitas at\u00e9 o dia 7 de maio pelo Whats App (54) 99138-6064 ou pelo e-mail comercial01@projetoloboguara.com.br.<\/p>\n<p>&nbsp;<\/p>\n<p>&nbsp;<\/p>\n","protected":false},"excerpt":{"rendered":"<p>O Projeto Loboguar\u00e1 promove, no dia 09 de maio de 2026 (s\u00e1bado), a Viv\u00eancia de Dia das M\u00e3es, uma celebra\u00e7\u00e3o em meio \u00e0 natureza que &hellip; <\/p>\n","protected":false},"author":2,"featured_media":42950,"comment_status":"closed","ping_status":"closed","sticky":false,"template":"","format":"standard","meta":{"footnotes":""},"categories":[2],"tags":[],"class_list":["post-42949","post","type-post","status-publish","format-standard","has-post-thumbnail","hentry","category-noticias","latest_post"],"_links":{"self":[{"href":"https:\/\/gilpimentel.com.br\/site\/wp-json\/wp\/v2\/posts\/42949","targetHints":{"allow":["GET"]}}],"collection":[{"href":"https:\/\/gilpimentel.com.br\/site\/wp-json\/wp\/v2\/posts"}],"about":[{"href":"https:\/\/gilpimentel.com.br\/site\/wp-json\/wp\/v2\/types\/post"}],"author":[{"embeddable":true,"href":"https:\/\/gilpimentel.com.br\/site\/wp-json\/wp\/v2\/users\/2"}],"replies":[{"embeddable":true,"href":"https:\/\/gilpimentel.com.br\/site\/wp-json\/wp\/v2\/comments?post=42949"}],"version-history":[{"count":1,"href":"https:\/\/gilpimentel.com.br\/site\/wp-json\/wp\/v2\/posts\/42949\/revisions"}],"predecessor-version":[{"id":42951,"href":"https:\/\/gilpimentel.com.br\/site\/wp-json\/wp\/v2\/posts\/42949\/revisions\/42951"}],"wp:featuredmedia":[{"embeddable":true,"href":"https:\/\/gilpimentel.com.br\/site\/wp-json\/wp\/v2\/media\/42950"}],"wp:attachment":[{"href":"https:\/\/gilpimentel.com.br\/site\/wp-json\/wp\/v2\/media?parent=42949"}],"wp:term":[{"taxonomy":"category","embeddable":true,"href":"https:\/\/gilpimentel.com.br\/site\/wp-json\/wp\/v2\/categories?post=42949"},{"taxonomy":"post_tag","embeddable":true,"href":"https:\/\/gilpimentel.com.br\/site\/wp-json\/wp\/v2\/tags?post=42949"}],"curies":[{"name":"wp","href":"https:\/\/api.w.org\/{rel}","templated":true}]}}