{"id":42946,"date":"2026-04-29T03:13:44","date_gmt":"2026-04-29T06:13:44","guid":{"rendered":"https:\/\/gilpimentel.com.br\/site\/?p=42946"},"modified":"2026-04-28T19:43:47","modified_gmt":"2026-04-28T22:43:47","slug":"boticario-celebra-o-dia-das-maes-com-experiencia-sensorial-gratuita-e-brindes-no-cais-embarcadero","status":"publish","type":"post","link":"https:\/\/gilpimentel.com.br\/site\/boticario-celebra-o-dia-das-maes-com-experiencia-sensorial-gratuita-e-brindes-no-cais-embarcadero\/","title":{"rendered":"BOTIC\u00c1RIO CELEBRA O DIA DAS M\u00c3ES COM EXPERI\u00caNCIA SENSORIAL GRATUITA E BRINDES NO CAIS EMBARCADERO"},"content":{"rendered":"<p>At\u00e9 o dia 10 de maio, a marca promove a\u00e7\u00f5es de experimenta\u00e7\u00e3o e conex\u00e3o com consumidores<\/p>\n<p>O Botic\u00e1rio, a marca preferida para presentear*, aposta na experi\u00eancia presencial em uma das datas mais relevantes do varejo. Em celebra\u00e7\u00e3o ao Dia das M\u00e3es, a marca promove uma ativa\u00e7\u00e3o especial no Cais Embarcadero, onde est\u00e1 presente desde agosto de 2025.<\/p>\n<p>At\u00e9 o dia 10 de maio, o p\u00fablico \u00e9 convidado a vivenciar uma experi\u00eancia gratuita no espa\u00e7o sensorial da marca, instalado em um dos principais cart\u00f5es-postais da capital ga\u00facha. No local, os visitantes poder\u00e3o conhecer e testar diferentes kits presente\u00e1veis para a data, em uma jornada que estimula os sentidos e refor\u00e7a o v\u00ednculo emocional com o universo da perfumaria e do autocuidado.<\/p>\n<p>Como parte da a\u00e7\u00e3o, participantes que se cadastrarem no Beautybox, programa de fidelidade do Grupo Botic\u00e1rio, receber\u00e3o um brinde exclusivo: um bag charm personaliz\u00e1vel, al\u00e9m de um voucher de 5% de desconto para uso nas lojas de Porto Alegre.<\/p>\n<p>\u201cO Dia das M\u00e3es \u00e9 uma oportunidade de celebrar o afeto e o cuidado que tornam essa data t\u00e3o especial. Como marca preferida para presentear, queremos inspirar os consumidores a transformarem esse gesto em uma experi\u00eancia completa. Essa ativa\u00e7\u00e3o no Cais Embarcadero refor\u00e7a nosso compromisso em criar conex\u00f5es reais por meio de nossos produtos\u201d, ressalta Jacqueline Tobaru, diretora de Marketing Regional do Grupo Botic\u00e1rio.<\/p>\n<p>Servi\u00e7o<\/p>\n<p>Botic\u00e1rio Cais Embarcadero<\/p>\n<p>Data: At\u00e9 10 de maio, de ter\u00e7a a domingo, das 11h \u00e0s 21h.<\/p>\n<p>Evento gratuito e aberto ao p\u00fablico<\/p>\n<p>*Fonte: Kantar Insights Brasil &#8211; Pesquisa Nacional &#8211; 400 entrevistados por onda &#8211; Homens e Mulheres\/18 a 60\/Compradores de presentes do segmento de fragr\u00e2ncias, beleza e cosm\u00e9ticos em 2024.<\/p>\n<p>Sobre o Botic\u00e1rio<\/p>\n<p>O Botic\u00e1rio \u00e9 uma empresa brasileira de cosm\u00e9ticos e marca primog\u00eanita do Grupo Botic\u00e1rio.\u202fA marca de perfumaria preferida dos brasileiros*\u202ffoi inaugurada em 1977, em Curitiba (Paran\u00e1), e tem a maior rede franqueada** de Beleza e Bem-estar do Brasil, al\u00e9m de ser reconhecido como a maior varejo de beleza do mundo***. O Botic\u00e1rio conta com um amplo portf\u00f3lio composto por itens de perfumaria, maquiagem e cuidados pessoais e est\u00e1 presente nos canais de loja, venda direta e e-commerce. Comprometida com as pessoas com o planeta, a marca possui\u202fo maior programa de log\u00edstica reversa em pontos de coleta do Brasil, o Boti Recicla. Al\u00e9m de fazer parte do movimento Diversa Beleza &#8211; um compromisso com a beleza livre de estere\u00f3tipos -\u202fe n\u00e3o realiza testes em animais.<\/p>\n<p>Fontes:<\/p>\n<p>*Kantar, Worldpanel Division, LinkQ On-line, campo realizado durante o m\u00eas de dezembro de 2023. Total Brasil, 9.079 lares. Marcas de Beleza s\u00e3o produtos como perfumaria, cuidados com a pele e maquiagem.<\/p>\n<p>**ABF (Associa\u00e7\u00e3o Brasileira de Franchising). Ranking 2025.<\/p>\n<p>***Fonte Euromonitor International Limited, Pesquisa de varejo, edi\u00e7\u00e3o 2025, de acordo com as defini\u00e7\u00f5es da categoria de pontos de venda especializados em beleza e da classifica\u00e7\u00e3o de empresa propriet\u00e1ria global da marca (GBO), n\u00famero de lojas, dados de 2024.<\/p>\n<p>Site<\/p>\n<p>Instagram\u202f|\u202fYouTube\u202f|\u202fFacebook\u202f|\u202fTwitter<\/p>\n<p>@oboticario<\/p>\n<p>&nbsp;<\/p>\n<p>&nbsp;<\/p>\n","protected":false},"excerpt":{"rendered":"<p>At\u00e9 o dia 10 de maio, a marca promove a\u00e7\u00f5es de experimenta\u00e7\u00e3o e conex\u00e3o com consumidores O Botic\u00e1rio, a marca preferida para presentear*, aposta na &hellip; <\/p>\n","protected":false},"author":2,"featured_media":42947,"comment_status":"closed","ping_status":"closed","sticky":false,"template":"","format":"standard","meta":{"footnotes":""},"categories":[2],"tags":[],"class_list":["post-42946","post","type-post","status-publish","format-standard","has-post-thumbnail","hentry","category-noticias","latest_post"],"_links":{"self":[{"href":"https:\/\/gilpimentel.com.br\/site\/wp-json\/wp\/v2\/posts\/42946","targetHints":{"allow":["GET"]}}],"collection":[{"href":"https:\/\/gilpimentel.com.br\/site\/wp-json\/wp\/v2\/posts"}],"about":[{"href":"https:\/\/gilpimentel.com.br\/site\/wp-json\/wp\/v2\/types\/post"}],"author":[{"embeddable":true,"href":"https:\/\/gilpimentel.com.br\/site\/wp-json\/wp\/v2\/users\/2"}],"replies":[{"embeddable":true,"href":"https:\/\/gilpimentel.com.br\/site\/wp-json\/wp\/v2\/comments?post=42946"}],"version-history":[{"count":1,"href":"https:\/\/gilpimentel.com.br\/site\/wp-json\/wp\/v2\/posts\/42946\/revisions"}],"predecessor-version":[{"id":42948,"href":"https:\/\/gilpimentel.com.br\/site\/wp-json\/wp\/v2\/posts\/42946\/revisions\/42948"}],"wp:featuredmedia":[{"embeddable":true,"href":"https:\/\/gilpimentel.com.br\/site\/wp-json\/wp\/v2\/media\/42947"}],"wp:attachment":[{"href":"https:\/\/gilpimentel.com.br\/site\/wp-json\/wp\/v2\/media?parent=42946"}],"wp:term":[{"taxonomy":"category","embeddable":true,"href":"https:\/\/gilpimentel.com.br\/site\/wp-json\/wp\/v2\/categories?post=42946"},{"taxonomy":"post_tag","embeddable":true,"href":"https:\/\/gilpimentel.com.br\/site\/wp-json\/wp\/v2\/tags?post=42946"}],"curies":[{"name":"wp","href":"https:\/\/api.w.org\/{rel}","templated":true}]}}