{"id":42929,"date":"2026-04-28T04:09:56","date_gmt":"2026-04-28T07:09:56","guid":{"rendered":"https:\/\/gilpimentel.com.br\/site\/?p=42929"},"modified":"2026-04-28T17:34:12","modified_gmt":"2026-04-28T20:34:12","slug":"bibiana-bolacell-anuncia-gravacao-do-dvd-aconchego-onde-tudo-comecou","status":"publish","type":"post","link":"https:\/\/gilpimentel.com.br\/site\/bibiana-bolacell-anuncia-gravacao-do-dvd-aconchego-onde-tudo-comecou\/","title":{"rendered":"BIBIANA BOLACELL ANUNCIA GRAVA\u00c7\u00c3O DO DVD \u201cACONCHEGO \u2014 ONDE TUDO COME\u00c7OU\u201d\u00a0"},"content":{"rendered":"<p>Projeto marca nova fase da artista e ter\u00e1 participa\u00e7\u00f5es especiais de nomes consagrados da m\u00fasica regional<\/p>\n<p>A cantora Bibiana Bolacell anuncia a grava\u00e7\u00e3o do DVD \u201cAconchego \u2014 Onde Tudo Come\u00e7ou\u201d, que acontece no dia 18 de maio, na U Club, em Novo Hamburgo. O projeto marca uma virada em sua carreira e prop\u00f5e um reencontro com as origens que moldaram sua identidade art\u00edstica.<\/p>\n<p>Ap\u00f3s consolidar seu nome no sertanejo, Bibiana agora volta o olhar para a base de sua trajet\u00f3ria. Criada dentro da cultura tradicionalista, ela iniciou sua caminhada ainda na inf\u00e2ncia, em rodeios e festivais, construindo uma hist\u00f3ria ligada \u00e0 m\u00fasica nativista e \u00e0 viv\u00eancia do interior do Sul do Brasil.<\/p>\n<p>O novo trabalho nasce com a proposta de traduzir esse universo de forma aut\u00eantica e emocional. \u201cAconchego \u2014 Onde Tudo Come\u00e7ou\u201d resgata refer\u00eancias dos bailes, das estradas de ch\u00e3o e das hist\u00f3rias simples que atravessam gera\u00e7\u00f5es, trazendo para o palco uma narrativa que conecta passado e presente.<\/p>\n<p>No repert\u00f3rio e na est\u00e9tica, o DVD passeia por ritmos caracter\u00edsticos da regi\u00e3o, como vaneira e bail\u00e3o, sem abrir m\u00e3o de elementos contempor\u00e2neos. A mistura refor\u00e7a a versatilidade da artista e evidencia um momento de maturidade em sua carreira.<\/p>\n<p>A grava\u00e7\u00e3o contar\u00e1 ainda com participa\u00e7\u00f5es especiais que refor\u00e7am a for\u00e7a do projeto e sua conex\u00e3o com a m\u00fasica regional. J\u00e1 est\u00e3o confirmados Max Mauro, do Baila\u00e7o, e Cezar Mosena e Mauricio Lima, do Rainha Musical. Ao todo, ser\u00e3o 10 feats, com os demais nomes sendo revelados gradualmente nas redes sociais de Bibiana, criando expectativa e aproximando ainda mais o p\u00fablico desse novo momento da artista.<\/p>\n<p>A grava\u00e7\u00e3o acontece em uma data especial: o anivers\u00e1rio de Bibiana, o que torna o projeto ainda mais simb\u00f3lico. A proposta \u00e9 transformar a noite em uma celebra\u00e7\u00e3o n\u00e3o apenas da sua trajet\u00f3ria, mas tamb\u00e9m da cultura que a formou.<\/p>\n<p>Al\u00e9m do registro audiovisual, o projeto d\u00e1 origem \u00e0 turn\u00ea \u201cAconchego \u2014 Onde Tudo Come\u00e7ou\u201d, que deve percorrer o Sul do pa\u00eds, com foco no Rio Grande do Sul. A ideia \u00e9 levar o espet\u00e1culo para diferentes cidades, mantendo viva a conex\u00e3o com o p\u00fablico e com os espa\u00e7os que fazem parte dessa hist\u00f3ria.<\/p>\n<p>Os ingressos j\u00e1 est\u00e3o dispon\u00edveis pelo site Minha Entrada.<\/p>\n<p>Bibiana Bolacell em Novo hamburgo \u2013 RS<\/p>\n<p>Grava\u00e7\u00e3o do audiovisual \u201cAconchego \u2014 Onde Tudo Come\u00e7ou\u201d<\/p>\n<p>18 de maio, segunda-feira<\/p>\n<p>Local: U Club (RS-239, 1760 &#8211; S\u00e3o Jos\u00e9, Novo Hamburgo &#8211; RS)<\/p>\n<p>Hor\u00e1rio: 21h<\/p>\n<p>Ingressos: a partir de R$ 30,00<\/p>\n<p>Online no minhaentrada.com.br<\/p>\n<p>https:\/\/minhaentrada.com.br\/evento\/gravacao-dvd-bibiana-bolacell-grandes-participacoes-28987<\/p>\n","protected":false},"excerpt":{"rendered":"<p>Projeto marca nova fase da artista e ter\u00e1 participa\u00e7\u00f5es especiais de nomes consagrados da m\u00fasica regional A cantora Bibiana Bolacell anuncia a grava\u00e7\u00e3o do DVD &hellip; <\/p>\n","protected":false},"author":2,"featured_media":42930,"comment_status":"closed","ping_status":"closed","sticky":false,"template":"","format":"standard","meta":{"footnotes":""},"categories":[2],"tags":[],"class_list":["post-42929","post","type-post","status-publish","format-standard","has-post-thumbnail","hentry","category-noticias","latest_post"],"_links":{"self":[{"href":"https:\/\/gilpimentel.com.br\/site\/wp-json\/wp\/v2\/posts\/42929","targetHints":{"allow":["GET"]}}],"collection":[{"href":"https:\/\/gilpimentel.com.br\/site\/wp-json\/wp\/v2\/posts"}],"about":[{"href":"https:\/\/gilpimentel.com.br\/site\/wp-json\/wp\/v2\/types\/post"}],"author":[{"embeddable":true,"href":"https:\/\/gilpimentel.com.br\/site\/wp-json\/wp\/v2\/users\/2"}],"replies":[{"embeddable":true,"href":"https:\/\/gilpimentel.com.br\/site\/wp-json\/wp\/v2\/comments?post=42929"}],"version-history":[{"count":1,"href":"https:\/\/gilpimentel.com.br\/site\/wp-json\/wp\/v2\/posts\/42929\/revisions"}],"predecessor-version":[{"id":42931,"href":"https:\/\/gilpimentel.com.br\/site\/wp-json\/wp\/v2\/posts\/42929\/revisions\/42931"}],"wp:featuredmedia":[{"embeddable":true,"href":"https:\/\/gilpimentel.com.br\/site\/wp-json\/wp\/v2\/media\/42930"}],"wp:attachment":[{"href":"https:\/\/gilpimentel.com.br\/site\/wp-json\/wp\/v2\/media?parent=42929"}],"wp:term":[{"taxonomy":"category","embeddable":true,"href":"https:\/\/gilpimentel.com.br\/site\/wp-json\/wp\/v2\/categories?post=42929"},{"taxonomy":"post_tag","embeddable":true,"href":"https:\/\/gilpimentel.com.br\/site\/wp-json\/wp\/v2\/tags?post=42929"}],"curies":[{"name":"wp","href":"https:\/\/api.w.org\/{rel}","templated":true}]}}