{"id":42911,"date":"2026-04-28T04:17:39","date_gmt":"2026-04-28T07:17:39","guid":{"rendered":"https:\/\/gilpimentel.com.br\/site\/?p=42911"},"modified":"2026-04-28T17:35:30","modified_gmt":"2026-04-28T20:35:30","slug":"parque-terra-magica-florybal-em-canela-reforca-tradicao-solidaria-no-dia-das-maes","status":"publish","type":"post","link":"https:\/\/gilpimentel.com.br\/site\/parque-terra-magica-florybal-em-canela-reforca-tradicao-solidaria-no-dia-das-maes\/","title":{"rendered":"PARQUE TERRA M\u00c1GICA FLORYBAL, EM CANELA, REFOR\u00c7A TRADI\u00c7\u00c3O SOLID\u00c1RIA NO DIA DAS M\u00c3ES"},"content":{"rendered":"<p><em>Atra\u00e7\u00e3o destina 20% da bilheteria f\u00edsica para a AACD Porto Alegre e Instituto do C\u00e2ncer Infantil durante fim de semana especial com a sua programa\u00e7\u00e3o de outono<\/em><\/p>\n<p>O Dia das M\u00e3es ganha um significado ainda mais especial na Serra Ga\u00facha em 2026. Nos dias 9 e 10 de maio, o Parque Terra M\u00e1gica Florybal, em Canela, promove uma nova edi\u00e7\u00e3o de A\u00e7\u00e3o Solid\u00e1ria para transformar lazer em apoio a causas essenciais. Durante o fim de semana da data comemorativa, dias 9 e 10 de maio, 20% do valor das entradas adquiridas exclusivamente na bilheteria f\u00edsica da atra\u00e7\u00e3o ser\u00e1 destinada a duas institui\u00e7\u00f5es de refer\u00eancia. Trata-se da AACD Porto Alegre e do Instituto do C\u00e2ncer Infantil.<\/p>\n<p>A a\u00e7\u00e3o beneficente ser\u00e1 realizada poucos dias depois do in\u00edcio da programa\u00e7\u00e3o especial do Parque Terra M\u00e1gica Florybal para a temporada de outono, que este ano compreender\u00e1 o per\u00edodo de 1\u00ba de maio a 3 de junho. \u201cEm meio \u00e0s cores da esta\u00e7\u00e3o e aos cen\u00e1rios encantados da Serra Ga\u00facha, o Dia das M\u00e3es pode ser vivido de um jeito diferente em Canela, com o lazer e o entretenimento do p\u00fablico sendo transformado em um gesto de cuidado coletivo\u201d, destaca o diretor de Marketing da Florybal, Tiago Cardoso.<\/p>\n<p>Com hist\u00f3rico consolidado, a iniciativa \u00e9 realizada desde 2017 e j\u00e1 impactou centenas de pessoas. Parceira da a\u00e7\u00e3o, a AACD Porto Alegre, por exemplo, inaugurada em 2000, realiza cerca de 900 atendimentos mensais e ultrapassou a marca de 104 mil atendimentos em 2025, contemplando diversas \u00e1reas m\u00e9dicas e terap\u00eauticas.<\/p>\n<p>J\u00e1 o Instituto do C\u00e2ncer Infantil, fundado em 1991, atende mais de 600 pacientes por ano e atua de forma ampla, incluindo pesquisa cient\u00edfica, assist\u00eancia integral a pacientes e familiares e desenvolvimento de pol\u00edticas p\u00fablicas voltadas ao enfrentamento do c\u00e2ncer infantojuvenil.<\/p>\n<p>\u201cAo adquirir o ingresso, cada visitante contribui diretamente para a continuidade de atendimentos e projetos que fazem a diferen\u00e7a na vida de milhares de fam\u00edlias\u201d, acrescenta Cardoso. Conforme ele, o valor arrecadado ser\u00e1 dividido igualmente entre as duas entidades.<\/p>\n<p><strong>Programa\u00e7\u00e3o Temporada de Outono<\/strong><\/p>\n<p>Casa das Fadas &#8211; Aqui as hist\u00f3rias se tornam realidade, uma fada de verdade, um jardim encantado e muitos motivos para sorrir. Diariamente das 10h \u00e0s 16h. Confira o hor\u00e1rio das apresenta\u00e7\u00f5es no local.<\/p>\n<p>Casa dos Magos &#8211; Um lugar que parece ter sa\u00eddo de um livro infantil? Sim, a casa do Mago \u00e9 esse lugar, convide as pessoas que voc\u00ea mais ama e venha conhecer!<\/p>\n<p>Diariamente das 10h \u00e0s 16h. Diariamente das 10h \u00e0s 16h. Confira o hor\u00e1rio das apresenta\u00e7\u00f5es no local.<\/p>\n<p>Reis da Floresta &#8211; A vida na floresta \u00e9 bem mais divertida do que imaginamos. Em uma natureza encantadora, os animais fizeram daquele lugar perfeito para se morar!Diariamente, \u00e0s 11h30, 13h30, 14h30, 15h30 e 16h30. Apresenta\u00e7\u00e3o extra \u00e0s 10h30 nos finais de semana. Cancelado em caso de chuva.<\/p>\n<p>Teatro de Fantoches &#8211; Os pequenos seres encantados que moram por aqui adoram contar suas hist\u00f3rias recheadas de aventura, drama, romance e muita com\u00e9dia. Diariamente \u00e0s 10h, 11h, 12h, 14h, 15h e 17h.<\/p>\n<p>Turma do Valdirzinho \u2013 Valdirzinho e seus amigos amam brincar e desbravar os seus mist\u00e9rios, que tal se juntar a essa turminha e se divertir? Diariamente \u00e0s 11h10 (em frente ao teatro de Fantoches. Em caso de chuva, os personagens interagem no Playground do Castelo!<\/p>\n<p>Chegada do Gnomo &#8211; Um momento inesquec\u00edvel, onde os personagens interagem com o visitante, trazendo um toque de magia e encanto ao castelo! Diariamente \u00e0s 13h30, em frente ao Teatro de Fantoches. Em caso de chuva, acontece dentro do Restaurante do Castelo.<\/p>\n<p>Teatro dos Sonhos \u2013 Existe um lugar onde os sonhos s\u00e3o guardados e protegidos por um guardi\u00e3o. Em uma bela manh\u00e3, ele percebe que esses sonhos est\u00e3o em perigo e parte em uma grande jornada pelo mundo dos humanos para salv\u00e1-los. Diariamente \u00e0s 11h30, 14h30 e 15h30. Sess\u00e3o extra \u00e0s 10h30 nos finais de semana.<\/p>\n<p>O Mundo cabe em uma Mala (a partir do 9 de maio) &#8211; Dois viajantes atrapalhados percorrem caminhos desconhecidos carregando uma mala cheia de mist\u00e9rios. A cada objeto revelado, hist\u00f3rias ganham vida, misturando sonhos, mem\u00f3rias e fantasias. Sextas, S\u00e1bados e Domingo \u00e0s 11h45, 13h45, 14h45 e 15h45 em frente ao Teatro de Fantoches. Sess\u00e3o extra \u00e0s 10h45 nos finais de semana.<\/p>\n<p>Show de Encerramento &#8211; Valdirzinho, junto a todos os seres da Terra M\u00e1gica, compartilha sua emocionante hist\u00f3ria, revelando como tudo come\u00e7ou. Ele contar\u00e1 a origem de sua miss\u00e3o de espalhar magia e amor ao mundo dos humanos, convidando todos a se unirem a essa fascinante jornada de transforma\u00e7\u00e3o. Diariamente \u00e0s 16h15 em frente ao Teatro de Fantoches. Cancelado em caso de chuva.<\/p>\n<p><strong>Sobre o Terra M\u00e1gica Florybal<\/strong><\/p>\n<p>A marca de chocolates, Florybal, de Gramado (RS), inaugurou o\u00a0 Parque Terra M\u00e1gica Florybal em dezembro de 2011, em Canela. Desde ent\u00e3o, o empreendimento passou a figurar entre os principais parques do pa\u00eds, sendo reconhecido pelo TripAdvisor como o melhor do Rio Grande do Sul, o terceiro melhor do Brasil e da Am\u00e9rica Latina, al\u00e9m de ocupar a 13\u00aa posi\u00e7\u00e3o no ranking mundial. Atualmente, mais de 40 atra\u00e7\u00f5es comp\u00f5em o parque.<\/p>\n<p><strong>Servi\u00e7o<\/strong><\/p>\n<p>A\u00e7\u00e3o Solid\u00e1ria Dia das M\u00e3es Parque Terra M\u00e1gica Florybal<\/p>\n<p>-Quando: 9 e 10 de maio para ingressos adquiridos na bilheteria f\u00edsica<\/p>\n<p>-Valores: R$190,00 (Adulto); R$ 95,00 (Estudantes, Melhor idade e crian\u00e7as entre 4 e 15 anos). Cortesia para at\u00e9 tr\u00eas anos de idade.<\/p>\n<p>-Hor\u00e1rio: 9h30 \u00e0s 16h30<\/p>\n<p>-Endere\u00e7o: Rodovia RS-466, 1630 &#8211; Jardim dos Pinheiros II, Canela &#8211; RS<\/p>\n<p>-Site:\u00a0<a href=\"http:\/\/www.parqueflorybal.com.br\/\" data-saferedirecturl=\"https:\/\/www.google.com\/url?q=http:\/\/www.parqueflorybal.com.br&amp;source=gmail&amp;ust=1777397549460000&amp;usg=AOvVaw0n6s3tT8i0b03QDWG4tcIF\">www.parqueflorybal.com.br<\/a><\/p>\n<p>OBS1: Moradores de Canela e Gramado, mediante apresenta\u00e7\u00e3o de comprovante de resid\u00eancia e documento com foto, podem adquirir o ingresso pelo valor de R$ 50,00 por pessoa (Adulto ou crian\u00e7as a partir de 4 anos). Benef\u00edcio v\u00e1lido tamb\u00e9m para familiares diretos (pais, filhos, c\u00f4njuge) mediante apresenta\u00e7\u00e3o de documento e entrada no parque at\u00e9 \u00e0s 15h.<\/p>\n<p>OBS2: Valores, independente da aquisi\u00e7\u00e3o na bilheteria f\u00edsica ou on-line, para turistas e moradores de Gramado e Canela, n\u00e3o contemplam o Cinema 7D; o Voo de Pterod\u00e1ctilo; e o Velocir\u00e1ptor.<\/p>\n<p>&nbsp;<\/p>\n<p>&nbsp;<\/p>\n<div id=\"m#msg-f:1863636036405721994\" class=\"mail-message expanded\">\n<div id=\"m#msg-f:1863636036405721994-content\" class=\"mail-message-content collapsible zoom-normal mail-show-images msg-7696442625611544167\">\n<div class=\"clear\">\n<div>\n<p>&nbsp;<\/p>\n<div>\n<div>\n<p>&nbsp;<\/p>\n<\/div>\n<\/div>\n<p>&nbsp;<\/p>\n<\/div>\n<\/div>\n<\/div>\n<\/div>\n","protected":false},"excerpt":{"rendered":"<p>Atra\u00e7\u00e3o destina 20% da bilheteria f\u00edsica para a AACD Porto Alegre e Instituto do C\u00e2ncer Infantil durante fim de semana especial com a sua programa\u00e7\u00e3o &hellip; <\/p>\n","protected":false},"author":2,"featured_media":42912,"comment_status":"closed","ping_status":"closed","sticky":false,"template":"","format":"standard","meta":{"footnotes":""},"categories":[2],"tags":[],"class_list":["post-42911","post","type-post","status-publish","format-standard","has-post-thumbnail","hentry","category-noticias","latest_post"],"_links":{"self":[{"href":"https:\/\/gilpimentel.com.br\/site\/wp-json\/wp\/v2\/posts\/42911","targetHints":{"allow":["GET"]}}],"collection":[{"href":"https:\/\/gilpimentel.com.br\/site\/wp-json\/wp\/v2\/posts"}],"about":[{"href":"https:\/\/gilpimentel.com.br\/site\/wp-json\/wp\/v2\/types\/post"}],"author":[{"embeddable":true,"href":"https:\/\/gilpimentel.com.br\/site\/wp-json\/wp\/v2\/users\/2"}],"replies":[{"embeddable":true,"href":"https:\/\/gilpimentel.com.br\/site\/wp-json\/wp\/v2\/comments?post=42911"}],"version-history":[{"count":2,"href":"https:\/\/gilpimentel.com.br\/site\/wp-json\/wp\/v2\/posts\/42911\/revisions"}],"predecessor-version":[{"id":42932,"href":"https:\/\/gilpimentel.com.br\/site\/wp-json\/wp\/v2\/posts\/42911\/revisions\/42932"}],"wp:featuredmedia":[{"embeddable":true,"href":"https:\/\/gilpimentel.com.br\/site\/wp-json\/wp\/v2\/media\/42912"}],"wp:attachment":[{"href":"https:\/\/gilpimentel.com.br\/site\/wp-json\/wp\/v2\/media?parent=42911"}],"wp:term":[{"taxonomy":"category","embeddable":true,"href":"https:\/\/gilpimentel.com.br\/site\/wp-json\/wp\/v2\/categories?post=42911"},{"taxonomy":"post_tag","embeddable":true,"href":"https:\/\/gilpimentel.com.br\/site\/wp-json\/wp\/v2\/tags?post=42911"}],"curies":[{"name":"wp","href":"https:\/\/api.w.org\/{rel}","templated":true}]}}