{"id":42904,"date":"2026-04-28T00:15:21","date_gmt":"2026-04-28T03:15:21","guid":{"rendered":"https:\/\/gilpimentel.com.br\/site\/?p=42904"},"modified":"2026-04-27T19:07:05","modified_gmt":"2026-04-27T22:07:05","slug":"programa-mini-empreendedores-inicia-nesta-terca-feira-no-mini-mundo","status":"publish","type":"post","link":"https:\/\/gilpimentel.com.br\/site\/programa-mini-empreendedores-inicia-nesta-terca-feira-no-mini-mundo\/","title":{"rendered":"PROGRAMA MINI EMPREENDEDORES INICIA NESTA TER\u00c7A-FEIRA NO MINI MUNDO\u00a0"},"content":{"rendered":"<p>Iniciativa educacional extraclasse pretende despertar a mentalidade empreendedora<\/p>\n<p>O Mini Mundo d\u00e1 mais um passo em seu compromisso com a educa\u00e7\u00e3o e o desenvolvimento humano para um mundo melhor ao lan\u00e7ar o Programa Mini Empreendedores, uma iniciativa gratuita voltada a crian\u00e7as e adolescentes do Ensino Fundamental, com o prop\u00f3sito de estimular a vis\u00e3o empreendedora desde cedo e incentivar o protagonismo na constru\u00e7\u00e3o do pr\u00f3prio futuro.<\/p>\n<p>EDUCA\u00c7\u00c3O COMO PILAR<\/p>\n<p>Com o slogan \u201cDespertando l\u00edderes para o futuro\u201d, o programa foi idealizado para ajudar os alunos a compreender, de forma pr\u00e1tica e inspiradora, o que significa empreender: assumir responsabilidades, fazer escolhas conscientes, desenvolver autonomia, criatividade, vis\u00e3o de oportunidades e capacidade de transformar desafios em solu\u00e7\u00f5es. Mais do que falar sobre neg\u00f3cios, o Mini Empreendedores nasce com um prop\u00f3sito maior: formar crian\u00e7as e adolescentes mais preparados para a vida, mais seguros de suas escolhas e mais conscientes do seu papel na sociedade. A proposta \u00e9 contribuir para a constru\u00e7\u00e3o de um mundo melhor, tendo a educa\u00e7\u00e3o como pilar de transforma\u00e7\u00e3o.<\/p>\n<p>DUAS TURMAS<\/p>\n<p>Nesta primeira edi\u00e7\u00e3o, o programa atender\u00e1 estudantes divididos em duas turmas. Para alunos do 3\u00ba ao 5\u00ba ano, ser\u00e3o oferecidas oficinas mensais de educa\u00e7\u00e3o financeira, com abordagem l\u00fadica e pr\u00e1tica. J\u00e1 os estudantes do 6\u00ba ao 9\u00ba ano participar\u00e3o de aulas semanais, de abril a agosto, sempre \u00e0s ter\u00e7as-feiras, no Mini Mundo.<\/p>\n<p>PARCEIROS<\/p>\n<p>Para enriquecer a jornada de aprendizagem, o Mini Mundo convidou parceiros especializados. A educadora financeira Keli Pavi, com mais de 20 anos de experi\u00eancia no mercado financeiro, ser\u00e1 respons\u00e1vel pelas oficinas destinadas \u00e0s crian\u00e7as do 3\u00ba ao 5\u00ba ano. Por meio de atividades leves e did\u00e1ticas, ela vai trabalhar conceitos como poupar, gastar com consci\u00eancia e compartilhar recursos, utilizando como apoio seu livro \u201cAnt\u00f4nio e os Cofrinhos\u201d.<\/p>\n<p>J\u00e1 os estudantes do 6\u00ba ao 9\u00ba ano contar\u00e3o com aulas semanais conduzidas pela unidade local da Escola Mister Wiz. A proposta inclui temas como mentalidade de abund\u00e2ncia, vis\u00e3o global, execu\u00e7\u00e3o pr\u00e1tica, lideran\u00e7a, orat\u00f3ria e desenvolvimento s\u00f3cio emocional &#8211; compet\u00eancias essenciais para a forma\u00e7\u00e3o de jovens mais preparados para o presente e para o futuro.<\/p>\n<p>PROGRAMA GRATUITO<\/p>\n<p>O programa \u00e9 totalmente gratuito. O \u00fanico investimento necess\u00e1rio \u00e9 o tempo e o incentivo das fam\u00edlias, levando seus filhos at\u00e9 o parque para participar dessa oportunidade de aprendizado, crescimento e descoberta de potencialidades.<\/p>\n<p>CALEND\u00c1RIO<\/p>\n<p>Oficinas mensais para estudantes do 3\u00ba ao 5\u00ba ano: Turmas de maio j\u00e1 fechadas. Vagas dispon\u00edveis a partir de junho.<\/p>\n<p>Inscri\u00e7\u00f5es: https:\/\/materiais.minimundo.com.br\/mini-empreendedores<\/p>\n<p>Aulas semanais para estudantes do 6\u00ba ao 9\u00ba ano: Turma j\u00e1 fechada.<\/p>\n<p>SERVI\u00c7O<\/p>\n<p>O QU\u00ca: Programa Mini Empreendedores &#8211; 1\u00aa edi\u00e7\u00e3o<\/p>\n<p>REALIZA\u00c7\u00c3O: Mini Mundo<\/p>\n<p>P\u00daBLICO: Estudantes do Ensino Fundamental<\/p>\n<p>PER\u00cdODO: Abril a Agosto de 2026<\/p>\n<p>LOCAL: Rua Hor\u00e1cio Cardoso, 291, Bairro Planalto, Gramado<\/p>\n<p>INFORMA\u00c7\u00d5ES: https:\/\/www.instagram.com\/miniempreendedoresgramado\/ ou pelo telefone (54) 99637-2417<\/p>\n<p>&nbsp;<\/p>\n<p>&nbsp;<\/p>\n<p>&nbsp;<\/p>\n<p>&nbsp;<\/p>\n<p>&nbsp;<\/p>\n","protected":false},"excerpt":{"rendered":"<p>Iniciativa educacional extraclasse pretende despertar a mentalidade empreendedora O Mini Mundo d\u00e1 mais um passo em seu compromisso com a educa\u00e7\u00e3o e o desenvolvimento humano &hellip; <\/p>\n","protected":false},"author":2,"featured_media":42905,"comment_status":"closed","ping_status":"closed","sticky":false,"template":"","format":"standard","meta":{"footnotes":""},"categories":[2],"tags":[],"class_list":["post-42904","post","type-post","status-publish","format-standard","has-post-thumbnail","hentry","category-noticias","latest_post"],"_links":{"self":[{"href":"https:\/\/gilpimentel.com.br\/site\/wp-json\/wp\/v2\/posts\/42904","targetHints":{"allow":["GET"]}}],"collection":[{"href":"https:\/\/gilpimentel.com.br\/site\/wp-json\/wp\/v2\/posts"}],"about":[{"href":"https:\/\/gilpimentel.com.br\/site\/wp-json\/wp\/v2\/types\/post"}],"author":[{"embeddable":true,"href":"https:\/\/gilpimentel.com.br\/site\/wp-json\/wp\/v2\/users\/2"}],"replies":[{"embeddable":true,"href":"https:\/\/gilpimentel.com.br\/site\/wp-json\/wp\/v2\/comments?post=42904"}],"version-history":[{"count":1,"href":"https:\/\/gilpimentel.com.br\/site\/wp-json\/wp\/v2\/posts\/42904\/revisions"}],"predecessor-version":[{"id":42906,"href":"https:\/\/gilpimentel.com.br\/site\/wp-json\/wp\/v2\/posts\/42904\/revisions\/42906"}],"wp:featuredmedia":[{"embeddable":true,"href":"https:\/\/gilpimentel.com.br\/site\/wp-json\/wp\/v2\/media\/42905"}],"wp:attachment":[{"href":"https:\/\/gilpimentel.com.br\/site\/wp-json\/wp\/v2\/media?parent=42904"}],"wp:term":[{"taxonomy":"category","embeddable":true,"href":"https:\/\/gilpimentel.com.br\/site\/wp-json\/wp\/v2\/categories?post=42904"},{"taxonomy":"post_tag","embeddable":true,"href":"https:\/\/gilpimentel.com.br\/site\/wp-json\/wp\/v2\/tags?post=42904"}],"curies":[{"name":"wp","href":"https:\/\/api.w.org\/{rel}","templated":true}]}}