{"id":42889,"date":"2026-04-27T14:45:01","date_gmt":"2026-04-27T17:45:01","guid":{"rendered":"https:\/\/gilpimentel.com.br\/site\/?p=42889"},"modified":"2026-04-27T18:33:30","modified_gmt":"2026-04-27T21:33:30","slug":"avon-reune-opcoes-de-presentes-para-o-dia-das-maes","status":"publish","type":"post","link":"https:\/\/gilpimentel.com.br\/site\/avon-reune-opcoes-de-presentes-para-o-dia-das-maes\/","title":{"rendered":"AVON RE\u00daNE OP\u00c7\u00d5ES DE PRESENTES PARA O DIA DAS M\u00c3ES"},"content":{"rendered":"<p>Avon re\u00fane op\u00e7\u00f5es de presentes para o Dia das M\u00e3e<\/p>\n<p>A marca celebra a data com v\u00e1rias op\u00e7\u00f5es de presente\u00e1veis a pre\u00e7os acess\u00edveis para todos os gostos<\/p>\n<p>O Dia das M\u00e3es \u00e9 uma das datas mais especiais do ano, um momento para reconhecer e agradecer quem sempre esteve presente com amor, cuidado e dedica\u00e7\u00e3o. Para celebrar a data, a Avon apresenta uma sele\u00e7\u00e3o especial com mais de 80 op\u00e7\u00f5es de presentes, com descontos progressivos de at\u00e9 35%, reunindo itens de perfumaria, maquiagem, cuidados com a pele e kits exclusivos pensados para diferentes perfis de m\u00e3es.<\/p>\n<p>Com op\u00e7\u00f5es para todos os estilos, com presente\u00e1veis a partir de R$19,99, a marca convida consumidores a encontrarem o presente ideal, desde fragr\u00e2ncias sofisticadas at\u00e9 produtos de autocuidado que transformam pequenos momentos do dia em experi\u00eancias especiais. A Avon preparou uma s\u00e9rie de descontos em produtos selecionados e promo\u00e7\u00f5es em combos. Na compra de dois itens, o consumidor ganha 20% de desconto; j\u00e1 ao adquirir tr\u00eas ou mais produtos, o desconto chega a 30% sobre o valor total da compra.<\/p>\n<p>Como destaque para a campanha de Dia das M\u00e3es, a Avon lan\u00e7a a linha Iconic Collection, uma cole\u00e7\u00e3o que resgata cl\u00e1ssicos da perfumaria que marcaram gera\u00e7\u00f5es. As fragr\u00e2ncias retornam em releituras modernas, com ingredientes mais sofisticados e uma est\u00e9tica renovada, capazes de capturar a ess\u00eancia do tempo em um frasco e conectar diferentes gera\u00e7\u00f5es.<\/p>\n<p>A iniciativa refor\u00e7a o legado da Avon na perfumaria e celebra mem\u00f3rias afetivas que atravessam gera\u00e7\u00f5es, convidando m\u00e3es e filhos a reviverem hist\u00f3rias marcadas por fragr\u00e2ncias inesquec\u00edveis. Os presente\u00e1veis est\u00e3o dispon\u00edveis por meio das Consultoras de Beleza Avon, nas principais perfumarias e no e-commerce oficial da marca: www.avon.com.br.<\/p>\n<p>Sobre Avon<\/p>\n<p>Fundada em 1886 com o prop\u00f3sito pioneiro de promover a autoestima e a emancipa\u00e7\u00e3o feminina, a Avon consolidou-se como uma das maiores refer\u00eancias globais em beleza. Parte do grupo Natura desde 2020, a marca opera sob o modelo de Femtech desde 2026\u2014 uma &#8216;startup do feminino&#8217; que funde seu legado de mais de mil patentes a uma estrutura \u00e1gil e cultura digital-first. Com gest\u00e3o majoritariamente feminina e estrat\u00e9gia unificada do M\u00e9xico \u00e0 Argentina, a Avon foca na gera\u00e7\u00e3o de valor e na democratiza\u00e7\u00e3o de tecnologias de alta performance, como o exclusivo Protinol e o Retinol. Sua opera\u00e7\u00e3o omnicanal integra o social selling de 1,5 milh\u00e3o de Consultoras de Beleza a uma rede de e-commerce e mais de 1.200 pontos de venda em varejistas multimarcas.<\/p>\n<p>&nbsp;<\/p>\n<p>&nbsp;<\/p>\n<p>&nbsp;<\/p>\n<p>&nbsp;<\/p>\n<p>&nbsp;<\/p>\n","protected":false},"excerpt":{"rendered":"<p>Avon re\u00fane op\u00e7\u00f5es de presentes para o Dia das M\u00e3e A marca celebra a data com v\u00e1rias op\u00e7\u00f5es de presente\u00e1veis a pre\u00e7os acess\u00edveis para todos &hellip; <\/p>\n","protected":false},"author":2,"featured_media":42890,"comment_status":"closed","ping_status":"closed","sticky":false,"template":"","format":"standard","meta":{"footnotes":""},"categories":[2],"tags":[],"class_list":["post-42889","post","type-post","status-publish","format-standard","has-post-thumbnail","hentry","category-noticias","latest_post"],"_links":{"self":[{"href":"https:\/\/gilpimentel.com.br\/site\/wp-json\/wp\/v2\/posts\/42889","targetHints":{"allow":["GET"]}}],"collection":[{"href":"https:\/\/gilpimentel.com.br\/site\/wp-json\/wp\/v2\/posts"}],"about":[{"href":"https:\/\/gilpimentel.com.br\/site\/wp-json\/wp\/v2\/types\/post"}],"author":[{"embeddable":true,"href":"https:\/\/gilpimentel.com.br\/site\/wp-json\/wp\/v2\/users\/2"}],"replies":[{"embeddable":true,"href":"https:\/\/gilpimentel.com.br\/site\/wp-json\/wp\/v2\/comments?post=42889"}],"version-history":[{"count":1,"href":"https:\/\/gilpimentel.com.br\/site\/wp-json\/wp\/v2\/posts\/42889\/revisions"}],"predecessor-version":[{"id":42891,"href":"https:\/\/gilpimentel.com.br\/site\/wp-json\/wp\/v2\/posts\/42889\/revisions\/42891"}],"wp:featuredmedia":[{"embeddable":true,"href":"https:\/\/gilpimentel.com.br\/site\/wp-json\/wp\/v2\/media\/42890"}],"wp:attachment":[{"href":"https:\/\/gilpimentel.com.br\/site\/wp-json\/wp\/v2\/media?parent=42889"}],"wp:term":[{"taxonomy":"category","embeddable":true,"href":"https:\/\/gilpimentel.com.br\/site\/wp-json\/wp\/v2\/categories?post=42889"},{"taxonomy":"post_tag","embeddable":true,"href":"https:\/\/gilpimentel.com.br\/site\/wp-json\/wp\/v2\/tags?post=42889"}],"curies":[{"name":"wp","href":"https:\/\/api.w.org\/{rel}","templated":true}]}}