{"id":42882,"date":"2026-04-27T13:33:18","date_gmt":"2026-04-27T16:33:18","guid":{"rendered":"https:\/\/gilpimentel.com.br\/site\/?p=42882"},"modified":"2026-04-27T18:04:07","modified_gmt":"2026-04-27T21:04:07","slug":"andrea-feine-inaugura-showroom-em-porto-alegre-com-foco-em-experiencia-design-e-curadoria-global","status":"publish","type":"post","link":"https:\/\/gilpimentel.com.br\/site\/andrea-feine-inaugura-showroom-em-porto-alegre-com-foco-em-experiencia-design-e-curadoria-global\/","title":{"rendered":"ANDREA FEINE INAUGURA SHOWROOM EM PORTO ALEGRE COM FOCO EM EXPERI\u00caNCIA, DESIGN E CURADORIA GLOBAL"},"content":{"rendered":"<p>Maior loja do ramo no Estado chega ao bairro Tr\u00eas Figueiras oferecendo solu\u00e7\u00f5es completas em cortinas, persianas, solu\u00e7\u00f5es outdoor, tecidos de grife e pap\u00e9is de parede de luxo<\/p>\n<p>A capital ga\u00facha passa a contar com um novo espa\u00e7o dedicado ao design de interiores e ao conforto residencial. A Andrea Feine, marca com trajet\u00f3ria de 26 anos com lojas no Vale do Taquari e Rio Pardo, abre as portas de sua primeira filial em Porto Alegre, localizada na Rua Des. Espiridi\u00e3o de Lima Medeiros, no bairro Tr\u00eas Figueiras. O showroom de 300 m\u00b2 prop\u00f5e uma imers\u00e3o t\u00e9cnica e est\u00e9tica nas principais tend\u00eancias de decora\u00e7\u00e3o e acabamentos.<\/p>\n<p>O novo endere\u00e7o foi idealizado para funcionar como uma &#8220;loja-experi\u00eancia&#8221;. Nele, clientes e profissionais de arquitetura podem testar a funcionalidade de diferentes tecidos, explorar produtos e conferir de perto as texturas de materiais exclusivos. O portf\u00f3lio da marca abrange cortinas, persianas, toldos e coberturas retr\u00e1teis, agregando ainda uma linha pr\u00f3pria de almofadas e roupas de cama, pensadas e desenvolvidas exclusivamente para cada projeto.<\/p>\n<p>\u201cEntendemos que vestir uma janela exige t\u00e9cnica e sensibilidade. Nossa vinda para a Capital foca na consultoria personalizada, permitindo que o cliente compreenda como a ilumina\u00e7\u00e3o e o conforto t\u00e9rmico se transformam com a tecnologia certa\u201d, destaca a empres\u00e1ria Andrea Feine.<\/p>\n<p>Um dos pilares do novo showroom \u00e9 a curadoria de marcas internacionais. A loja \u00e9 parceira da HunterDouglas, l\u00edder mundial no segmento, apresentando inova\u00e7\u00f5es em coberturas externas e transforma\u00e7\u00e3o da luz atrav\u00e9s das persianas. Para a \u00e1rea de revestimentos, \u00e9 trazida a Porto Alegre uma sele\u00e7\u00e3o rigorosa de pap\u00e9is de parede e tecidos assinados por grandes casas de moda, incluindo nomes como Armani, Missoni, Roberto Cavalli, Versace e Cole and Son.<\/p>\n<p>Outro diferencial que a marca oferece ao mercado da Capital \u00e9 a opera\u00e7\u00e3o verticalizada. Com f\u00e1brica pr\u00f3pria e uma equipe de mais 60 colaboradores, possuem um modelo de gest\u00e3o centralizada que garante o cumprimento rigoroso de padr\u00e3o de qualidade e assegura uma assist\u00eancia t\u00e9cnica \u00e1gil, acompanhando o cliente desde o momento da especifica\u00e7\u00e3o dos materiais at\u00e9 a montagem final na resid\u00eancia.<\/p>\n<p>&nbsp;<\/p>\n<p>&nbsp;<\/p>\n","protected":false},"excerpt":{"rendered":"<p>Maior loja do ramo no Estado chega ao bairro Tr\u00eas Figueiras oferecendo solu\u00e7\u00f5es completas em cortinas, persianas, solu\u00e7\u00f5es outdoor, tecidos de grife e pap\u00e9is de &hellip; <\/p>\n","protected":false},"author":2,"featured_media":42883,"comment_status":"closed","ping_status":"closed","sticky":false,"template":"","format":"standard","meta":{"footnotes":""},"categories":[2],"tags":[],"class_list":["post-42882","post","type-post","status-publish","format-standard","has-post-thumbnail","hentry","category-noticias","latest_post"],"_links":{"self":[{"href":"https:\/\/gilpimentel.com.br\/site\/wp-json\/wp\/v2\/posts\/42882","targetHints":{"allow":["GET"]}}],"collection":[{"href":"https:\/\/gilpimentel.com.br\/site\/wp-json\/wp\/v2\/posts"}],"about":[{"href":"https:\/\/gilpimentel.com.br\/site\/wp-json\/wp\/v2\/types\/post"}],"author":[{"embeddable":true,"href":"https:\/\/gilpimentel.com.br\/site\/wp-json\/wp\/v2\/users\/2"}],"replies":[{"embeddable":true,"href":"https:\/\/gilpimentel.com.br\/site\/wp-json\/wp\/v2\/comments?post=42882"}],"version-history":[{"count":1,"href":"https:\/\/gilpimentel.com.br\/site\/wp-json\/wp\/v2\/posts\/42882\/revisions"}],"predecessor-version":[{"id":42884,"href":"https:\/\/gilpimentel.com.br\/site\/wp-json\/wp\/v2\/posts\/42882\/revisions\/42884"}],"wp:featuredmedia":[{"embeddable":true,"href":"https:\/\/gilpimentel.com.br\/site\/wp-json\/wp\/v2\/media\/42883"}],"wp:attachment":[{"href":"https:\/\/gilpimentel.com.br\/site\/wp-json\/wp\/v2\/media?parent=42882"}],"wp:term":[{"taxonomy":"category","embeddable":true,"href":"https:\/\/gilpimentel.com.br\/site\/wp-json\/wp\/v2\/categories?post=42882"},{"taxonomy":"post_tag","embeddable":true,"href":"https:\/\/gilpimentel.com.br\/site\/wp-json\/wp\/v2\/tags?post=42882"}],"curies":[{"name":"wp","href":"https:\/\/api.w.org\/{rel}","templated":true}]}}