{"id":42865,"date":"2026-04-27T12:53:10","date_gmt":"2026-04-27T15:53:10","guid":{"rendered":"https:\/\/gilpimentel.com.br\/site\/?p=42865"},"modified":"2026-04-27T17:05:33","modified_gmt":"2026-04-27T20:05:33","slug":"ministerio-da-cultura-e-grupo-zaffari-apresentam-concertos-comunitarios-zaffari-dia-das-maes-orquestra-teatro-sao-pedro","status":"publish","type":"post","link":"https:\/\/gilpimentel.com.br\/site\/ministerio-da-cultura-e-grupo-zaffari-apresentam-concertos-comunitarios-zaffari-dia-das-maes-orquestra-teatro-sao-pedro\/","title":{"rendered":"MINIST\u00c9RIO DA CULTURA E GRUPO ZAFFARI APRESENTAM: CONCERTOS COMUNIT\u00c1RIOS ZAFFARI DIA DAS M\u00c3ES ORQUESTRA TEATRO S\u00c3O PEDRO"},"content":{"rendered":"<p>Concerto Comunit\u00e1rio Zaffari celebra o Dia das M\u00e3es com noite especial no Teatro Bourbon Country<\/p>\n<p>Orquestra Theatro S\u00e3o Pedro, sob reg\u00eancia de Evandro Matt\u00e9, recebe convidados para um espet\u00e1culo que une m\u00fasica de concerto e cl\u00e1ssicos brasileiros em Porto Alegre<\/p>\n<p>O Concerto Comunit\u00e1rio Zaffari abre sua temporada de 2026 com uma edi\u00e7\u00e3o especial em homenagem ao Dia das M\u00e3es, prometendo emocionar o p\u00fablico em uma noite dedicada \u00e0 m\u00fasica e \u00e0 celebra\u00e7\u00e3o do afeto. Com entrada gratuita, o evento ser\u00e1 realizado no dia 10 de maio, \u00e0s 18h, no Teatro Bourbon Country, em Porto Alegre.<\/p>\n<p>O espet\u00e1culo conta com a participa\u00e7\u00e3o da Orquestra Theatro S\u00e3o Pedro, sob a reg\u00eancia do maestro Evandro Matt\u00e9, reunindo excel\u00eancia musical e sensibilidade art\u00edstica em um programa cuidadosamente elaborado. A noite ganha ainda mais brilho com as participa\u00e7\u00f5es dos renomados cantores de \u00f3pera Elisa Machado e Lazlo Bonilla, al\u00e9m da expressiva voz da cantora Paola Delazzeri, que traz versatilidade e emo\u00e7\u00e3o ao repert\u00f3rio.<\/p>\n<p>O programa transita entre a m\u00fasica de concerto e o popular, contemplando obras ic\u00f4nicas de grandes compositores como Verdi, Bizet e Leh\u00e1r, al\u00e9m de cl\u00e1ssicos da m\u00fasica brasileira eternizados por Roupa Nova, Milton Nascimento e Tom Jobim. Mais do que um concerto, o espet\u00e1culo prop\u00f5e um encontro entre diferentes estilos e gera\u00e7\u00f5es, celebrando o Dia das M\u00e3es com momentos inesquec\u00edveis.<\/p>\n<p>Elisa Machado &#8211; solista<\/p>\n<p>Bacharel em M\u00fasica pela UFRGS (Universidade Federal do RS), concluiu tamb\u00e9m o Curso Avan\u00e7ado de Canto no Conservat\u00f3rio Pablo Koml\u00f3s\/OSPA. Participa de diversos cursos de aperfei\u00e7oamento desde o in\u00edcio de sua forma\u00e7\u00e3o. Lecionou canto no curso de Extens\u00e3o da Unisinos e na UFRGS como professora substituta. Tem se apresentado em recitais, concertos e montagens de \u00f3pera com as principais orquestras do RS, al\u00e9m de atuar na prepara\u00e7\u00e3o vocal de coros. Em 2014, recebeu o 1\u00ba Pr\u00eamio no 12\u00ba Concurso Brasileiro de Canto Maria Callas. Atua como docente de t\u00e9cnica vocal no Coral da OSPA.<\/p>\n<p>Lazlo Bonilla &#8211; solista<\/p>\n<p>Bacharel em Canto e mestre em Educa\u00e7\u00e3o, Arte e Hist\u00f3ria da Cultura, o tenor Lazlo Bonilla construiu sua forma\u00e7\u00e3o com experi\u00eancias no Brasil e no exterior. Estudou na Espanha com Jos\u00e9<\/p>\n<p>Garcia-Quijada, no Brasil com Eliane Sampaio e Eiko Senda, e na \u00c1ustria com o professor Mario Diaz. Foi vencedor do 1\u00ba Concurso de Canto Dec\u00e1polis de Andrade. Participou de in\u00fameras montagens de \u00f3pera no Brasil e no exterior. Em 2024 fez sua estreia no Theatro Municipal do Rio de Janeiro na \u00f3pera Le Villi, de Puccini, interpretando Roberto.<\/p>\n<p>Paola Delazzeri &#8211; solista<\/p>\n<p>Paola \u00e9 cantora, compositora e professora de m\u00fasica. Possui ampla experi\u00eancia na \u00e1rea de produ\u00e7\u00f5es art\u00edsticas e eventos musicais, atuando com o grupo&#8221;Triadi M\u00fasica\u201d. Possui mestrado acad\u00eamico em M\u00fasica (Etnomusicologia\/Musicologia) pela Universidade do Estado de Santa Catarina (UDESC) e gradua\u00e7\u00e3o em Licenciatura em M\u00fasica com \u00eanfase em canto pela Universidade de Caxias do Sul (2015). Como docente, \u00e9 professora de t\u00e9cnica da Tom Maior Educa\u00e7\u00e3o Musical, localizada em Caxias do Sul.<\/p>\n<p>Evandro Matt\u00e9 &#8211; maestro<\/p>\n<p>Regente e diretor art\u00edstico da Orquestra Theatro S\u00e3o Pedro (POA), do Festival Internacional SESC de M\u00fasica e dos Concertos Comunit\u00e1rios Zaffari. Graduado em M\u00fasica pela Universidade Federal do Rio Grande do Sul (UFRGS), fez especializa\u00e7\u00f5es na University of Georgia (EUA) e no Conservatoire de Bordeaux (FRA). Desde 2005, vem atuando como maestro frente a orquestras no Brasil, \u00c1ustria, Argentina, Uruguai, Rep\u00fablica Tcheca, Cro\u00e1cia, It\u00e1lia, China, Chile, Alemanha, M\u00e9xico, Espanha, Pol\u00f4nia, Portugal e EUA. Foi diretor art\u00edstico e maestro da Orquestra Sinf\u00f4nica de Porto Alegre (OSPA) por uma d\u00e9cada e vencedor do Pr\u00eamio L\u00edderes e Vencedores da FEDERASUL. Foi docente da Universidade de Passo Fundo (UPF) e da gradua\u00e7\u00e3o em Gest\u00e3o Cultural na Unisinos (Universidade do Vale do Rio dos Sinos), onde foi coordenador do curso de Especializa\u00e7\u00e3o em Gest\u00e3o Cultural e fundador e coordenador do projeto social Vida com Arte. \u00c9 p\u00f3s-graduado em Gest\u00e3o Empresarial pela FGV (Funda\u00e7\u00e3o Get\u00falio Vargas). Por sua contribui\u00e7\u00e3o cultural ao desenvolvimento das artes francesas no Brasil, em 2019 foi condecorado pelo Minist\u00e8re de la Culture da Fran\u00e7a com a ins\u00edgnia de Chevalier de l\u00b4Ordre des Arts et des Lettres.<\/p>\n<p>ORQUESTRA THEATRO S\u00c3O PEDRO \/ POA<\/p>\n<p>Com 40 anos de atividades, comemorados em 2025, a OTSP segue com o compromisso de honrar tudo o que representa o Theatro S\u00e3o Pedro. Nessas quatro d\u00e9cadas de atua\u00e7\u00e3o, ampliou seu repert\u00f3rio e forma\u00e7\u00e3o, e consolidou-se como um dos principais grupos brasileiros em atividade continuada. Tem contribu\u00eddo de maneira peculiar para a cultura, unindo o repert\u00f3rio da m\u00fasica de concerto com m\u00fasica popular brasileira e diversos outros ritmos. Entre os destaques da atua\u00e7\u00e3o est\u00e3o tr\u00eas turn\u00eas internacionais &#8211; Costa Rica (1992), Estados Unidos (1993) e Alemanha (1995).<\/p>\n<p>Al\u00e9m dos concertos oficiais, que este acontecem no rec\u00e9m inaugurado Teatro Sim\u00f5es Lopes Neto\/ Multipalco Eva Sopher, a OTSP tem as s\u00e9ries Concertos Did\u00e1ticos Banrisul e Concertos Comunit\u00e1rios Zaffari, sob dire\u00e7\u00e3o art\u00edstica do maestro Evandro Matt\u00e9. A institui\u00e7\u00e3o atua ainda com o projeto social Orquestra Jovem Theatro S\u00e3o Pedro.<\/p>\n<p>SERVI\u00c7O<\/p>\n<p>Minist\u00e9rio da Cultura e Grupo Zaffari apresentam: Concertos Comunit\u00e1rios Zaffari Dia das M\u00e3es<\/p>\n<p>Data: 10 de maio de 2026 Hor\u00e1rio: 18h<\/p>\n<p>Local: Teatro do Bourbon Country Classifica\u00e7\u00e3o: Livre<\/p>\n<p>Entrada Franca<\/p>\n<p>Lei Federal de Incentivo \u00e0 Cultura Patroc\u00ednio: Grupo Zaffari<\/p>\n<p>Produ\u00e7\u00e3o cultural: Opus Entretenimento<\/p>\n<p>Realiza\u00e7\u00e3o: Instituto Orquestra Theatro S\u00e3o Pedro, Minist\u00e9rio da Cultura, Governo do Brasil- ao lado do povo brasileiro<\/p>\n<p>&nbsp;<\/p>\n<p>&nbsp;<\/p>\n<p>&nbsp;<\/p>\n<p>&nbsp;<\/p>\n<p>&nbsp;<\/p>\n<p>&nbsp;<\/p>\n<p>&nbsp;<\/p>\n<p>&nbsp;<\/p>\n<p>&nbsp;<\/p>\n<p>&nbsp;<\/p>\n","protected":false},"excerpt":{"rendered":"<p>Concerto Comunit\u00e1rio Zaffari celebra o Dia das M\u00e3es com noite especial no Teatro Bourbon Country Orquestra Theatro S\u00e3o Pedro, sob reg\u00eancia de Evandro Matt\u00e9, recebe &hellip; <\/p>\n","protected":false},"author":2,"featured_media":42866,"comment_status":"closed","ping_status":"closed","sticky":false,"template":"","format":"standard","meta":{"footnotes":""},"categories":[2],"tags":[],"class_list":["post-42865","post","type-post","status-publish","format-standard","has-post-thumbnail","hentry","category-noticias","latest_post"],"_links":{"self":[{"href":"https:\/\/gilpimentel.com.br\/site\/wp-json\/wp\/v2\/posts\/42865","targetHints":{"allow":["GET"]}}],"collection":[{"href":"https:\/\/gilpimentel.com.br\/site\/wp-json\/wp\/v2\/posts"}],"about":[{"href":"https:\/\/gilpimentel.com.br\/site\/wp-json\/wp\/v2\/types\/post"}],"author":[{"embeddable":true,"href":"https:\/\/gilpimentel.com.br\/site\/wp-json\/wp\/v2\/users\/2"}],"replies":[{"embeddable":true,"href":"https:\/\/gilpimentel.com.br\/site\/wp-json\/wp\/v2\/comments?post=42865"}],"version-history":[{"count":1,"href":"https:\/\/gilpimentel.com.br\/site\/wp-json\/wp\/v2\/posts\/42865\/revisions"}],"predecessor-version":[{"id":42867,"href":"https:\/\/gilpimentel.com.br\/site\/wp-json\/wp\/v2\/posts\/42865\/revisions\/42867"}],"wp:featuredmedia":[{"embeddable":true,"href":"https:\/\/gilpimentel.com.br\/site\/wp-json\/wp\/v2\/media\/42866"}],"wp:attachment":[{"href":"https:\/\/gilpimentel.com.br\/site\/wp-json\/wp\/v2\/media?parent=42865"}],"wp:term":[{"taxonomy":"category","embeddable":true,"href":"https:\/\/gilpimentel.com.br\/site\/wp-json\/wp\/v2\/categories?post=42865"},{"taxonomy":"post_tag","embeddable":true,"href":"https:\/\/gilpimentel.com.br\/site\/wp-json\/wp\/v2\/tags?post=42865"}],"curies":[{"name":"wp","href":"https:\/\/api.w.org\/{rel}","templated":true}]}}