{"id":42847,"date":"2026-04-27T11:36:43","date_gmt":"2026-04-27T14:36:43","guid":{"rendered":"https:\/\/gilpimentel.com.br\/site\/?p=42847"},"modified":"2026-04-27T13:38:08","modified_gmt":"2026-04-27T16:38:08","slug":"em-edicao-historica-rar-vinhos-conquista-medalha-de-ouro-na-grande-prova-de-vinhos","status":"publish","type":"post","link":"https:\/\/gilpimentel.com.br\/site\/em-edicao-historica-rar-vinhos-conquista-medalha-de-ouro-na-grande-prova-de-vinhos\/","title":{"rendered":"EM EDI\u00c7\u00c3O HIST\u00d3RICA, RAR VINHOS CONQUISTA MEDALHA DE OURO NA GRANDE PROVA DE VINHOS"},"content":{"rendered":"<p>A safra de 2023 do Riserva di Famiglia conquistou ouro na categoria Tinto Cortes Bordaleses<\/p>\n<p>A RAR Vinhos conquistou destaque nacional ao ser premiada com medalha de ouro na categoria Tinto Cortes Bordaleses, durante a 11\u00aa edi\u00e7\u00e3o da Grande Prova de Vinhos do Brasil. O reconhecimento foi concedido ao r\u00f3tulo Riserva di Famiglia 2023, evidenciando a excel\u00eancia na elabora\u00e7\u00e3o de vinhos finos e refor\u00e7ando a sua posi\u00e7\u00e3o entre os principais produtores do pa\u00eds.<\/p>\n<p>A edi\u00e7\u00e3o deste ano foi considerada hist\u00f3rica, reunindo 1.291 amostras de dez estados brasileiros, mostrando a evolu\u00e7\u00e3o da viticultura nacional. Com a safra de 2023, o Riserva di Famiglia, primeiro vinho produzido pela RAR Vinhos, \u00e9 um corte das uvas de cabernet sauvignon e merlot, com aroma de frutas maduras combinadas com seus 12 meses de barricas francesas e americanas, o sabor \u00e9 imponente e opulento na boca, com taninos firmes e final prolongado.<\/p>\n<p>Para o presidente executivo da RAR Agro &amp; Ind\u00fastria, Sergio Martins Barbosa, a premia\u00e7\u00e3o refor\u00e7a o compromisso da empresa com a qualidade e a tradi\u00e7\u00e3o. \u201cReceber uma medalha de ouro em uma das principais competi\u00e7\u00f5es do pa\u00eds, e em uma edi\u00e7\u00e3o hist\u00f3rica, \u00e9 motivo de muito orgulho para n\u00f3s. Esse reconhecimento \u00e9 resultado de um trabalho dedicado, que envolve cuidado em cada etapa do processo, desde o cultivo at\u00e9 a elabora\u00e7\u00e3o final do vinho\u201d, destaca.<\/p>\n<p>Sobre a RAR Agro &amp; Ind\u00fastria<\/p>\n<p>A RAR Agro &amp; Ind\u00fastria, de Raul Anselmo Randon, teve origem na fruticultura, com o cultivo da ma\u00e7\u00e3 na d\u00e9cada de 70. Hoje, \u00e9 uma das maiores produtoras e comercializadoras da fruta no Brasil, comprometida com a inova\u00e7\u00e3o e a sustentabilidade. Com um legado voltado para o futuro, nos anos 1990, montou a primeira f\u00e1brica de queijo Tipo Grana fora da It\u00e1lia lan\u00e7ando a marca Gran Formaggio Rar.<\/p>\n<p>Ao longo de sua trajet\u00f3ria, a companhia diversificou suas opera\u00e7\u00f5es e tamb\u00e9m se destaca na produ\u00e7\u00e3o agr\u00edcola de gr\u00e3os, como soja e milho, al\u00e9m de ser uma das principais produtoras de leite do Rio Grande do Sul. A empresa tamb\u00e9m produz queijo parmes\u00e3o, ampliando sua atua\u00e7\u00e3o no segmento de l\u00e1cteos com produtos de alto valor agregado.<\/p>\n<p>A RAR Agro &amp; Ind\u00fastria tem, em seu portf\u00f3lio, linha de importados como queijos e acetos italianos, presuntos e salames italianos e espanh\u00f3is, e azeites de oliva chilenos. A linha de derivados \u00e9 composta por creme de leite fresco e manteiga. Com sede em Vacaria (RS), conta ainda com linha de 32 r\u00f3tulos entre vinhos e espumantes, nacionais e importados, 3 r\u00f3tulos de destilados e duas op\u00e7\u00f5es de Sidras.<\/p>\n<p>&nbsp;<\/p>\n<p>&nbsp;<\/p>\n<p>&nbsp;<\/p>\n<p>&nbsp;<\/p>\n<p>&nbsp;<\/p>\n","protected":false},"excerpt":{"rendered":"<p>A safra de 2023 do Riserva di Famiglia conquistou ouro na categoria Tinto Cortes Bordaleses A RAR Vinhos conquistou destaque nacional ao ser premiada com &hellip; <\/p>\n","protected":false},"author":2,"featured_media":42848,"comment_status":"closed","ping_status":"closed","sticky":false,"template":"","format":"standard","meta":{"footnotes":""},"categories":[2],"tags":[],"class_list":["post-42847","post","type-post","status-publish","format-standard","has-post-thumbnail","hentry","category-noticias","latest_post"],"_links":{"self":[{"href":"https:\/\/gilpimentel.com.br\/site\/wp-json\/wp\/v2\/posts\/42847","targetHints":{"allow":["GET"]}}],"collection":[{"href":"https:\/\/gilpimentel.com.br\/site\/wp-json\/wp\/v2\/posts"}],"about":[{"href":"https:\/\/gilpimentel.com.br\/site\/wp-json\/wp\/v2\/types\/post"}],"author":[{"embeddable":true,"href":"https:\/\/gilpimentel.com.br\/site\/wp-json\/wp\/v2\/users\/2"}],"replies":[{"embeddable":true,"href":"https:\/\/gilpimentel.com.br\/site\/wp-json\/wp\/v2\/comments?post=42847"}],"version-history":[{"count":1,"href":"https:\/\/gilpimentel.com.br\/site\/wp-json\/wp\/v2\/posts\/42847\/revisions"}],"predecessor-version":[{"id":42849,"href":"https:\/\/gilpimentel.com.br\/site\/wp-json\/wp\/v2\/posts\/42847\/revisions\/42849"}],"wp:featuredmedia":[{"embeddable":true,"href":"https:\/\/gilpimentel.com.br\/site\/wp-json\/wp\/v2\/media\/42848"}],"wp:attachment":[{"href":"https:\/\/gilpimentel.com.br\/site\/wp-json\/wp\/v2\/media?parent=42847"}],"wp:term":[{"taxonomy":"category","embeddable":true,"href":"https:\/\/gilpimentel.com.br\/site\/wp-json\/wp\/v2\/categories?post=42847"},{"taxonomy":"post_tag","embeddable":true,"href":"https:\/\/gilpimentel.com.br\/site\/wp-json\/wp\/v2\/tags?post=42847"}],"curies":[{"name":"wp","href":"https:\/\/api.w.org\/{rel}","templated":true}]}}