{"id":42829,"date":"2026-04-27T10:10:15","date_gmt":"2026-04-27T13:10:15","guid":{"rendered":"https:\/\/gilpimentel.com.br\/site\/?p=42829"},"modified":"2026-04-27T13:34:39","modified_gmt":"2026-04-27T16:34:39","slug":"festival-de-cinema-da-fronteira-anuncia-programacao-completa","status":"publish","type":"post","link":"https:\/\/gilpimentel.com.br\/site\/festival-de-cinema-da-fronteira-anuncia-programacao-completa\/","title":{"rendered":"FESTIVAL DE CINEMA DA FRONTEIRA ANUNCIA PROGRAMA\u00c7\u00c3O COMPLETA"},"content":{"rendered":"<p>Evento gratuito acontece de 28 de abril e 2 de maio em Bag\u00e9 e Sant\u2019Ana do Livramento; atra\u00e7\u00e3o traz dez longas em competi\u00e7\u00e3o, oito deles de realizadoras ibero-americanas<\/p>\n<p>As cidades ga\u00fachas de Bag\u00e9 e Sant\u2019Ana do Livramento recebem de 28 de abril e 2 de maio de 2026 a 17\u00aa edi\u00e7\u00e3o do Festival Internacional de Cinema da Fronteira. Trinta t\u00edtulos concorrem ao novo Pr\u00eamio S\u00e3o Sebasti\u00e3o\/Assembleia Legislativa. Em paralelo ao festival, acontece o laborat\u00f3rio de projetos Sur Frontera WIP LAB, voltado para profissionais do audiovisual. Atividades de forma\u00e7\u00e3o e apresenta\u00e7\u00f5es musicais todos os dias complementam a programa\u00e7\u00e3o. Todas as atra\u00e7\u00f5es s\u00e3o gratuitas.<\/p>\n<p>Como de costume, o evento homenageia grandes nomes da cena cultural local. Nesta edi\u00e7\u00e3o, Elvira Nascimento, L\u00facio Yanel, Maria Luiza Benitez, Nei Lisboa, Paulo Ricardo de Moraes e Sapiran Brito (1947-2025) receber\u00e3o a honraria. A exibi\u00e7\u00e3o dos longas em competi\u00e7\u00e3o acontece no Cine 7, precedidas pela proje\u00e7\u00e3o de curtas da mostra principal, com atra\u00e7\u00f5es no Centro Hist\u00f3rico Vila de Santa Thereza e Instituto Municipal de Belas Artes (IMBA). O coquetel de recep\u00e7\u00e3o acontece antes, na segunda (27), \u00e0s 21h, na Casa de Cultura Pedro Wayne.<\/p>\n<p>Pela primeira vez, o Festival da Fronteira contar\u00e1 com a parceria da Assembleia Legislativa na premia\u00e7\u00e3o. Ser\u00e3o concedidos aos realizadores um total de R$ 15 mil, sendo R$ 10 mil ao melhor longa e R$ 2,5 mil ao melhor curta e ao melhor curta de anima\u00e7\u00e3o. A competitiva re\u00fane 30 t\u00edtulos de 18 pa\u00edses, divididos por igual em longas, curtas e curtas de anima\u00e7\u00e3o, v\u00e1rios deles in\u00e9ditos. Dos longas, oito deles s\u00e3o dirigidos por realizadoras ibero-americanas. Seis produ\u00e7\u00f5es ga\u00fachas ser\u00e3o exibidas fora de competi\u00e7\u00e3o. Onze projetos do Brasil e Am\u00e9rica Latina concorrem no Sur Frontera WIP LAB.<\/p>\n<p>&#8220;Porta de entrada da excel\u00eancia cinematogr\u00e1fica ibero-americana, o Festival volta com sua melhor programa\u00e7\u00e3o at\u00e9 aqui&#8221;, atesta Zeca Brito, secret\u00e1rio municipal de Cultura de Bag\u00e9. &#8220;Nossa curadoria escolheu uma sele\u00e7\u00e3o diversa e com especial aten\u00e7\u00e3o \u00e0s grandes diretoras em atividade&#8221;, complementa. A curadoria de longas \u00e9 assinada por Fatimarlei Lunardelli, Jonas Chadarevian e Roger Lerina. Este ano, o evento recebeu mais de 3,2 mil inscri\u00e7\u00f5es de 120 pa\u00edses, sendo mais de 470 longas.<\/p>\n<p>Luiz Fernando Mainardi, prefeito de Bag\u00e9, v\u00ea o evento como motivo de orgulho para a cidade e o estado: &#8220;A cada edi\u00e7\u00e3o, nossa cidade recebe nomes importantes do cinema e reafirma seu lugar como um polo de produ\u00e7\u00e3o e valoriza\u00e7\u00e3o da cultura audiovisual&#8221;. Para o gestor, o evento projeta Bag\u00e9, movimenta a economia, fortalece a identidade cultural e gera impacto positivo para a regi\u00e3o. &#8220;Neste ano, o festival conta com o apoio da Prefeitura e tamb\u00e9m da Assembleia Legislativa, uma parceria importante que constru\u00edmos e que amplia ainda mais a for\u00e7a do evento&#8221;, destaca.<\/p>\n<p>A ter\u00e7a (28) come\u00e7a com sess\u00e3o-homenagem do curta &#8220;Sapiran Brito e o Teatro em Bag\u00e9&#8221;, dirigido por Sapiran, seguido do longa de abertura, &#8220;\u00c1ngeles&#8221;, de Paula Markovitch, \u00e0s 14h, no Cine 7. J\u00e1 \u00e0s 16h30min, ser\u00e1 a vez de &#8220;Cartas Para&#8230;&#8221;, de V\u00e2nia Lima. Em sess\u00e3o especial, \u00e0s 18h30min, ser\u00e1 exibido &#8220;Tambor Sem Fronteiras&#8221;, de Adriana Gon\u00e7alves. \u00c0s 20h \u00e9 a vez do painel &#8220;O Viol\u00e3o Pampeano de Lucio Yanel\u201d, com o professor Jos\u00e9 Daniel (Unipampa) no Instituto Municipal de Belas Artes, seguido da cerim\u00f4nia de abertura, \u00e0s 21h, com Sarau do Solar com L\u00facio Yanel, que ser\u00e1 homenageado, e Grupo de Cordas da UCS.<\/p>\n<p>&#8220;Cielo&#8221; de Alberto Sciamma, come\u00e7a a quarta (29), \u00e0s 10h. A competi\u00e7\u00e3o de longas da tarde inicia \u00e0s 14h com &#8220;Aqui N\u00e3o Entra Luz&#8221;, de Karol Maia. \u00c0s 16h30min, \u00e9 a vez de &#8220;Un Futuro Brillante&#8221;, de Luc\u00eda Garibaldi. A noite continua em Sant\u2019Ana do Livramento, \u00e0s 19h, com a exibi\u00e7\u00e3o de &#8220;O Velho Nepo&#8221;, de Renatho Costa e J.N. Canabarro, na UTEC. Em Bag\u00e9, \u00e0s 20h, o Sur Frontera WIP LAB promove Aula Magistral com Paula Markovitch no IMBA, aberta ao p\u00fablico geral.<\/p>\n<p>&#8220;Quemadura China&#8221;, de Ver\u00f3nica Perrotta, abre a quinta-feira (30), \u00e0s 10h. A tarde come\u00e7a com &#8220;Duas Vezes Jo\u00e3o Liberada&#8221;, de Paula Tom\u00e1s Marques, seguido, \u00e0s 16h30min, de &#8220;Futuro Futuro&#8221;, de Davi Pretto. \u00c0s 20h, ser\u00e1 inaugurada a exposi\u00e7\u00e3o &#8220;Volver a Los 17&#8221;, na Galeria Edmudo Rodrigues, seguido do Conexiones Sur Frontera e show de Samba e Choro Orquestra Rubens Veiga, no Bosque do Palacete Pedro Os\u00f3rio.<\/p>\n<p>A oficina Protocolo Antiass\u00e9dio Objetivas, promovida pela APTC-RS, inicia a sexta, 1\u00ba de maio, \u00e0s 10h, na Casa de Cultura Pedro Wayne. No mesmo hor\u00e1rio, no Cine 7, ser\u00e1 projetado &#8220;Nada a Fazer&#8221;, de Leandra Leal. \u00c0s 14h, passa &#8220;Nuestra Tierra&#8221;, de Lucrecia Martel. Em Santa Thereza, \u00e0s 16h, acontece a sess\u00e3o especial de &#8220;Unipampa Mem\u00f3ria Viva 20 Anos&#8221;, de Sim\u00f4ni Gervasio e Alessandro Bica, e &#8220;Darcy Fagundes, Meu Famoso Pai Desconhecido&#8221;, de Luciane Fagundes, \u00e0s 17h. Mais tarde, \u00e0s 19h, ser\u00e1 exibido o programa de curtas de anima\u00e7\u00e3o. \u00c0s 21h, o IMBA apresenta show-homenagem \u00e0 Nei Lisboa.<\/p>\n<p>O \u00faltimo dia, 2 de maio, come\u00e7a a partir das 9h30min, com duas mesas promovidas pelo Minist\u00e9rio da Cultura (MinC), na Casa de Cultura Pedro Wayne. A programa\u00e7\u00e3o se muda para Santa Thereza a partir das 16h, com reprise de &#8220;O Velho Nepo&#8221;, e exibi\u00e7\u00e3o especial de &#8220;M\u00e3os \u00e0 Terra&#8221;, de Sergio Kalil, \u00e0s 18h. A noite come\u00e7a com a atra\u00e7\u00e3o musical do cortejo com sopros do projeto social Orquestra Rubens Veiga, \u00e0s 20h30min, seguida da cerim\u00f4nia de premia\u00e7\u00e3o, \u00e0s 21h. Na ocasi\u00e3o, ser\u00e3o homenageados Elvira Nascimento e Paulo Ricardo de Moraes. O Sarau do Solar com homenagem a Maria Luiza Benitez encerra o evento.<\/p>\n<p>O XVII Festival Internacional de Cinema da Fronteira \u00e9 uma realiza\u00e7\u00e3o da Associa\u00e7\u00e3o Pr\u00f3 Santa Thereza, Prefeitura Municipal de Bag\u00e9, atrav\u00e9s da Secretaria Municipal de Cultura, e Assembleia Legislativa do Estado do Rio Grande do Sul. A produ\u00e7\u00e3o \u00e9 da Maristela Ribeiro Produ\u00e7\u00f5es. O evento tem apoio da ACCIRS \u2013 Associa\u00e7\u00e3o de Cr\u00edticos de Cinema do Rio Grande do Sul, Centro Universit\u00e1rio da Regi\u00e3o da Campanha (Urcamp), institucional do Instituto Estadual de Cinema (Iecine-RS); Instituto Federal Sul Rio-grandense (IFSul) e Universidade Federal do Pampa (Unipampa).<\/p>\n<p>XVII Festival Internacional de Cinema da Fronteira<\/p>\n<p>De 28 de abril e 2 de maio de 2026<\/p>\n<p>Site: festivaldafronteira.com.br<\/p>\n<p>Instagram: @festivaldafronteira<\/p>\n<p>Entrada franca<\/p>\n<p>Filmes selecionados<\/p>\n<p>Competitiva Internacional de Longas-Metragens<\/p>\n<p>&#8220;Aqui N\u00e3o Entra Luz&#8221;, de Karol Maia (Document\u00e1rio, Brasil)<\/p>\n<p>&#8220;\u00c1ngeles&#8221;, de Paula Markovitch (Fic\u00e7\u00e3o, M\u00e9xico\/Argentina)<\/p>\n<p>&#8220;Cartas Para&#8230;&#8221;, de V\u00e2nia Lima (Document\u00e1rio, Brasil)<\/p>\n<p>&#8220;Cielo&#8221; de Alberto Sciamma (Fic\u00e7\u00e3o, Bol\u00edvia)<\/p>\n<p>&#8220;Duas Vezes Jo\u00e3o Liberada&#8221;, de Paula Tom\u00e1s Marques (Fic\u00e7\u00e3o, Portugal)<\/p>\n<p>&#8220;Futuro Futuro&#8221;, de Davi Pretto (Fic\u00e7\u00e3o, Brasil)<\/p>\n<p>&#8220;Nada a Fazer&#8221;, de Leandra Leal (Document\u00e1rio, Brasil)<\/p>\n<p>&#8220;Nuestra Tierra&#8221;, de Lucrecia Martel (Document\u00e1rio, Argentina)<\/p>\n<p>&#8220;Un Futuro Brillante&#8221;, de Luc\u00eda Garibaldi (Fic\u00e7\u00e3o, Uruguai)<\/p>\n<p>&#8220;Quemadura China&#8221;, de Ver\u00f3nica Perrotta (Fic\u00e7\u00e3o, Uruguai)<\/p>\n<p>Competitiva Internacional de Curtas-Metragens<\/p>\n<p>&#8220;A Biblioteca de Jorge Furtado&#8221;, de Gl\u00eanio P\u00f3voas e Luiz Alberto Cassol (Brasil)<\/p>\n<p>&#8220;Cabe\u00e7a, Ombro, Joelho e P\u00e9&#8221;, de Van Van (Brasil)<\/p>\n<p>&#8220;Coisas que Meu Pai me Deu&#8221;, de David Selva, Victor Oliver e Yifan Wen (Brasil\/Costa Rica\/Portugal)<\/p>\n<p>&#8220;Do Caldeir\u00e3o da Santa Cruz do Deserto&#8221;, de Weyna Macedo, Lucas Parente, Adeciany Castro e Mariana Smith (Brasil)<\/p>\n<p>&#8220;Entrevista com Fantasmas&#8221;, de Lincoln P\u00e9ricles (Brasil)<\/p>\n<p>&#8220;Filme Pin&#8221;, de Mar\u00eda Rojas Arias e Andr\u00e9s Jurado (Col\u00f4mbia\/Portugal)<\/p>\n<p>&#8220;Nuestra Sombra&#8221;, de Agustina S\u00e1nchez Gavier (Argentina)<\/p>\n<p>&#8220;Pasta Negra&#8221;, de Jorge Thielen Armand (Canad\u00e1\/Col\u00f4mbia\/It\u00e1lia\/Venezuela)<\/p>\n<p>&#8220;Pedra-mar&#8221;, de Jana\u00edna Lacerda (Brasil)<\/p>\n<p>&#8220;Te Extra\u00f1o Perdularia&#8221;, de Manu Zilveti (Cuba)<\/p>\n<p>Competitiva Internacional de Curtas de Anima\u00e7\u00e3o<\/p>\n<p>&#8220;After Me, The Flood&#8221;, de Max Shoham (Canad\u00e1)<\/p>\n<p>&#8220;A Menina e o Pote&#8221;, de Valentina Homem e Tati Bond (Brasil)<\/p>\n<p>&#8220;Apocalypsis&#8221;, de Nicol\u00e1s Sanabria, Emmanuel Alcal\u00e1 e Andr\u00e9s Llanezas (Argentina)<\/p>\n<p>&#8220;Duwid Tuminikiz &#8211; Makunaima \u00e9 Duwid?&#8221;, de Gustavo Caboco Wapixana, Brasil)<\/p>\n<p>&#8220;Marimb\u00e3 est\u00e1 Acontecendo&#8221;, de Maryn Marynho (Brasil)<\/p>\n<p>&#8220;Sheep\u2014Wolf&#8221;, de Polina Safina (R\u00fassia)<\/p>\n<p>&#8220;Shelter&#8221;, de Chiara Vincenti Zakhia (It\u00e1lia\/L\u00edbano)<\/p>\n<p>&#8220;Socially approved positions of bodies in space&#8221;, de Lera Oleynikova (R\u00fassia)<\/p>\n<p>&#8220;The entrance lies there&#8221;, de Haoyu Chen (China)<\/p>\n<p>&#8220;Um corpo sem cavalo?&#8221;, de Lara Fuke (B\u00e9lgica\/Brasil\/Finl\u00e2ndia\/Portugal)<\/p>\n<p>Exibi\u00e7\u00f5es Especiais<\/p>\n<p>&#8220;Darcy Fagundes, Meu Famoso Pai Desconhecido&#8221;, de Luciane Fagundes<\/p>\n<p>&#8220;M\u00e3os \u00e0 Terra&#8221;, de Sergio Kalil<\/p>\n<p>&#8220;O Velho Nepo&#8221;, de Renatho Costa e J.N. Canabarro<\/p>\n<p>&#8220;Sapiran Brito e o Teatro em Bag\u00e9&#8221;, dirigido por Sapiran Brito<\/p>\n<p>&#8220;Tambor Sem Fronteiras&#8221;, de Adriana Gon\u00e7alves<\/p>\n<p>&#8220;Unipampa Mem\u00f3ria Viva 20 Anos&#8221;, de Sim\u00f4ni Gervasio e Alessandro Bica<\/p>\n<p>Sur Frontera WIP LAB: projetos selecionados<\/p>\n<p>&#8220;Brasil Pequeno&#8221;, de Genifer Gerhardt e Carla Cassapo (RS)<\/p>\n<p>&#8220;Cogum&#8221;, de Maur\u00edcio Chades (GO)<\/p>\n<p>&#8220;Doce Lar&#8221;, de Ricardo Santos (SP)<\/p>\n<p>&#8220;Herdeiras da Terra&#8221;, de Denise Fait e Graciela Guarani (RJ)<\/p>\n<p>&#8220;Kunhangue&#8221;, de Dario Aldana e Wer\u00e1 Alexandre (SC)<\/p>\n<p>&#8220;Migra\u00f1a Juvenil&#8221;, de Viole Marquis (Argentina)<\/p>\n<p>&#8220;Mudanzas&#8221;, de Bibiana Rojas G\u00f3mez (Col\u00f4mbia)<\/p>\n<p>&#8220;O Lobisomem era meu Vizinho&#8221;, de Matheus Hein (RS)<\/p>\n<p>&#8220;Ritta Faromi &#8211; A Flecha sobre as \u00c1guas&#8221;, de Joana Antonaccio (RJ)<\/p>\n<p>&#8220;Todo Empieza Aqui&#8221;, de Magdalena Schinca Dami\u00e1n (Uruguai)<\/p>\n<p>&#8220;Viracambota&#8221;, de Gaston Canci\u00f3n (Argentina)<\/p>\n<p>&nbsp;<\/p>\n<p>&nbsp;<\/p>\n<p>&nbsp;<\/p>\n","protected":false},"excerpt":{"rendered":"<p>Evento gratuito acontece de 28 de abril e 2 de maio em Bag\u00e9 e Sant\u2019Ana do Livramento; atra\u00e7\u00e3o traz dez longas em competi\u00e7\u00e3o, oito deles &hellip; <\/p>\n","protected":false},"author":2,"featured_media":42830,"comment_status":"closed","ping_status":"closed","sticky":false,"template":"","format":"standard","meta":{"footnotes":""},"categories":[2],"tags":[],"class_list":["post-42829","post","type-post","status-publish","format-standard","has-post-thumbnail","hentry","category-noticias","latest_post"],"_links":{"self":[{"href":"https:\/\/gilpimentel.com.br\/site\/wp-json\/wp\/v2\/posts\/42829","targetHints":{"allow":["GET"]}}],"collection":[{"href":"https:\/\/gilpimentel.com.br\/site\/wp-json\/wp\/v2\/posts"}],"about":[{"href":"https:\/\/gilpimentel.com.br\/site\/wp-json\/wp\/v2\/types\/post"}],"author":[{"embeddable":true,"href":"https:\/\/gilpimentel.com.br\/site\/wp-json\/wp\/v2\/users\/2"}],"replies":[{"embeddable":true,"href":"https:\/\/gilpimentel.com.br\/site\/wp-json\/wp\/v2\/comments?post=42829"}],"version-history":[{"count":1,"href":"https:\/\/gilpimentel.com.br\/site\/wp-json\/wp\/v2\/posts\/42829\/revisions"}],"predecessor-version":[{"id":42831,"href":"https:\/\/gilpimentel.com.br\/site\/wp-json\/wp\/v2\/posts\/42829\/revisions\/42831"}],"wp:featuredmedia":[{"embeddable":true,"href":"https:\/\/gilpimentel.com.br\/site\/wp-json\/wp\/v2\/media\/42830"}],"wp:attachment":[{"href":"https:\/\/gilpimentel.com.br\/site\/wp-json\/wp\/v2\/media?parent=42829"}],"wp:term":[{"taxonomy":"category","embeddable":true,"href":"https:\/\/gilpimentel.com.br\/site\/wp-json\/wp\/v2\/categories?post=42829"},{"taxonomy":"post_tag","embeddable":true,"href":"https:\/\/gilpimentel.com.br\/site\/wp-json\/wp\/v2\/tags?post=42829"}],"curies":[{"name":"wp","href":"https:\/\/api.w.org\/{rel}","templated":true}]}}