{"id":42803,"date":"2026-04-23T04:45:54","date_gmt":"2026-04-23T07:45:54","guid":{"rendered":"https:\/\/gilpimentel.com.br\/site\/?p=42803"},"modified":"2026-04-26T20:36:23","modified_gmt":"2026-04-26T23:36:23","slug":"universo-alegria-realiza-edicao-historica-em-esteio-e-retorna-ao-local-onde-tudo-comecou","status":"publish","type":"post","link":"https:\/\/gilpimentel.com.br\/site\/universo-alegria-realiza-edicao-historica-em-esteio-e-retorna-ao-local-onde-tudo-comecou\/","title":{"rendered":"UNIVERSO ALEGRIA REALIZA EDI\u00c7\u00c3O HIST\u00d3RICA EM ESTEIO E RETORNA AO LOCAL ONDE TUDO COME\u00c7OU"},"content":{"rendered":"<p>Em uma edi\u00e7\u00e3o \u00fanica e hist\u00f3rica, o Universo Alegria retorna ao Parque de Exposi\u00e7\u00f5es Assis Brasil, em Esteio, no dia 26 de abril, resgatando suas origens no local que marcou as primeiras edi\u00e7\u00f5es do festival. Tradicionalmente realizado no fim do ano, o evento ganha uma data in\u00e9dita no calend\u00e1rio, refor\u00e7ando sua for\u00e7a e conex\u00e3o com diferentes gera\u00e7\u00f5es.<\/p>\n<p>Ap\u00f3s as \u00faltimas edi\u00e7\u00f5es realizadas em Porto Alegre \u2014 na Arena do Gr\u00eamio \u2014 e tamb\u00e9m a expans\u00e3o para Curitiba, o festival volta a Esteio com uma proposta especial e carregada de simbolismo, reunindo grandes nomes da m\u00fasica em um dia de celebra\u00e7\u00e3o.<\/p>\n<p>O line-up refor\u00e7a essa conex\u00e3o entre passado e presente. Quando o Universo Alegria come\u00e7ou, nomes ligados \u00e0 m\u00fasica popular do Sul, como Corpo e Alma e Rainha Musical, faziam parte da identidade do evento \u2014 e retornam nesta edi\u00e7\u00e3o ao lado de grandes artistas do cen\u00e1rio nacional como Bruno &amp; Marrone, Maiara &amp; Mara\u00edsa e Victor &amp; L\u00e9o.<\/p>\n<p>Um dos grandes destaques desta edi\u00e7\u00e3o \u00e9 o projeto \u201cC\u00ea T\u00e1 Doido\u201d, que integra a programa\u00e7\u00e3o do festival com um show especial. Fen\u00f4meno atual do sertanejo, o projeto re\u00fane \u00cdcaro &amp; Gilmar, Humberto &amp; Ronaldo e Panda em uma apresenta\u00e7\u00e3o conjunta que j\u00e1 percorre o pa\u00eds.<\/p>\n<p>O espet\u00e1culo promete mais de quatro horas de dura\u00e7\u00e3o, com repert\u00f3rio que mistura sucessos autorais, regrava\u00e7\u00f5es e cl\u00e1ssicos do g\u00eanero. A performance acontece em um palco exclusivo com tem\u00e1tica de posto de combust\u00edveis, criando uma experi\u00eancia imersiva e diferenciada para o p\u00fablico.<\/p>\n<p>Com abertura dos port\u00f5es ao meio-dia e in\u00edcio dos shows previsto para as 13h, o Universo Alegria oferece diferentes setores, que v\u00e3o desde a Arena at\u00e9 \u00e1reas premium, proporcionando experi\u00eancias variadas ao p\u00fablico.<\/p>\n<p>Mais do que um festival, esta edi\u00e7\u00e3o representa um reencontro com a hist\u00f3ria do Universo Alegria, reafirmando sua relev\u00e2ncia no cen\u00e1rio musical e seu papel como um dos maiores eventos do Sul do Brasil.<\/p>\n<p>Os ingressos est\u00e3o \u00e0 venda pela plataforma Zig.Tickets.<\/p>\n<p>Servi\u00e7o<\/p>\n<p>Universo Alegria em Esteio \u2013 RS<\/p>\n<p>Data: 26 de abril, domingo<\/p>\n<p>Local: Parque de Exposi\u00e7\u00f5es Assis Brasil \u2013 BR 116, KM 13 \u2013 Esteio, RS<\/p>\n<p>Abertura dos port\u00f5es: 12h<\/p>\n<p>Previs\u00e3o de in\u00edcio dos shows: 13h<\/p>\n<p>Atra\u00e7\u00f5es<\/p>\n<p>\u2013 C\u00ea T\u00e1 Doido (\u00cdcaro &amp; Gilmar, Humberto &amp; Ronaldo e Panda)<\/p>\n<p>\u2013 Bruno &amp; Marrone<\/p>\n<p>\u2013 Maiara &amp; Mara\u00edsa<\/p>\n<p>\u2013 Victor &amp; L\u00e9o<\/p>\n<p>\u2013 Corpo e Alma<\/p>\n<p>\u2013 Rainha Musical<\/p>\n<p>Classifica\u00e7\u00e3o: Livre. Menores de at\u00e9 13 anos podem acessar o evento somente acompanhados dos pais ou respons\u00e1vel legal. Menores de 14 a 16 anos, \u00e9 obrigat\u00f3rio portar autoriza\u00e7\u00e3o dos pais reconhecida em tabelionato. Obrigat\u00f3ria a apresenta\u00e7\u00e3o de documento com foto para todo o p\u00fablico.<\/p>\n<p>Pessoas com defici\u00eancia: Espa\u00e7o PCD (limitado) reservado.<\/p>\n<p>Estacionamento pago no local.<\/p>\n<p>Venda online: Zig.Tickets<\/p>\n<p>Link: https:\/\/zig.tickets\/eventos\/universo-alegria-esteio<\/p>\n","protected":false},"excerpt":{"rendered":"<p>Em uma edi\u00e7\u00e3o \u00fanica e hist\u00f3rica, o Universo Alegria retorna ao Parque de Exposi\u00e7\u00f5es Assis Brasil, em Esteio, no dia 26 de abril, resgatando suas &hellip; <\/p>\n","protected":false},"author":2,"featured_media":42804,"comment_status":"closed","ping_status":"closed","sticky":false,"template":"","format":"standard","meta":{"footnotes":""},"categories":[2],"tags":[],"class_list":["post-42803","post","type-post","status-publish","format-standard","has-post-thumbnail","hentry","category-noticias","latest_post"],"_links":{"self":[{"href":"https:\/\/gilpimentel.com.br\/site\/wp-json\/wp\/v2\/posts\/42803","targetHints":{"allow":["GET"]}}],"collection":[{"href":"https:\/\/gilpimentel.com.br\/site\/wp-json\/wp\/v2\/posts"}],"about":[{"href":"https:\/\/gilpimentel.com.br\/site\/wp-json\/wp\/v2\/types\/post"}],"author":[{"embeddable":true,"href":"https:\/\/gilpimentel.com.br\/site\/wp-json\/wp\/v2\/users\/2"}],"replies":[{"embeddable":true,"href":"https:\/\/gilpimentel.com.br\/site\/wp-json\/wp\/v2\/comments?post=42803"}],"version-history":[{"count":1,"href":"https:\/\/gilpimentel.com.br\/site\/wp-json\/wp\/v2\/posts\/42803\/revisions"}],"predecessor-version":[{"id":42805,"href":"https:\/\/gilpimentel.com.br\/site\/wp-json\/wp\/v2\/posts\/42803\/revisions\/42805"}],"wp:featuredmedia":[{"embeddable":true,"href":"https:\/\/gilpimentel.com.br\/site\/wp-json\/wp\/v2\/media\/42804"}],"wp:attachment":[{"href":"https:\/\/gilpimentel.com.br\/site\/wp-json\/wp\/v2\/media?parent=42803"}],"wp:term":[{"taxonomy":"category","embeddable":true,"href":"https:\/\/gilpimentel.com.br\/site\/wp-json\/wp\/v2\/categories?post=42803"},{"taxonomy":"post_tag","embeddable":true,"href":"https:\/\/gilpimentel.com.br\/site\/wp-json\/wp\/v2\/tags?post=42803"}],"curies":[{"name":"wp","href":"https:\/\/api.w.org\/{rel}","templated":true}]}}