{"id":42795,"date":"2026-04-27T01:21:46","date_gmt":"2026-04-27T04:21:46","guid":{"rendered":"https:\/\/gilpimentel.com.br\/site\/?p=42795"},"modified":"2026-04-26T17:27:20","modified_gmt":"2026-04-26T20:27:20","slug":"mostra-black-home-sul-projeta-investimento-de-r-8-milhoes-em-edicao-em-porto-alegre","status":"publish","type":"post","link":"https:\/\/gilpimentel.com.br\/site\/mostra-black-home-sul-projeta-investimento-de-r-8-milhoes-em-edicao-em-porto-alegre\/","title":{"rendered":"MOSTRA BLACK HOME SUL PROJETA INVESTIMENTO DE R$ 8 MILH\u00d5ES EM EDI\u00c7\u00c3O EM PORTO ALEGRE"},"content":{"rendered":"<p>Open House abre calend\u00e1rio para arquitetos em im\u00f3vel que ser\u00e1 sede da Mostra Black 2026<\/p>\n<p>A Mostra Black Home Sul inicia oficialmente os preparativos para sua 3\u00aa edi\u00e7\u00e3o com a realiza\u00e7\u00e3o\u00a0de um Open House no dia 28 de abril. O evento marca a abertura do im\u00f3vel escolhido nos altos do bairro Bela Vista para os arquitetos e designers de interiores interessados em assinar os ambientes da edi\u00e7\u00e3o ga\u00facha. Na ocasi\u00e3o, os profissionais avaliam as possibilidades estruturais da resid\u00eancia e definem as \u00e1reas que receber\u00e3o as interven\u00e7\u00f5es arquitet\u00f4nicas sob o crivo de uma curadoria t\u00e9cnica e conceitual.<\/p>\n<p>Infraestrutura e proje\u00e7\u00e3o de investimento<\/p>\n<p>A escolha do im\u00f3vel, uma das raras resid\u00eancias originais remanescentes dos anos 70, foi pautada por atributos t\u00e9cnicos espec\u00edficos: localiza\u00e7\u00e3o privilegiada, planta plana que garante acessibilidade total, al\u00e9m da amplitude dos ambientes internos e das \u00e1reas externas voltadas ao paisagismo. Com 1.150 m\u00b2 de \u00e1rea constru\u00edda, a casa ser\u00e1 segmentada em 25 ambientes, variando entre 20 m\u00b2 e 220 m\u00b2.<\/p>\n<p>Para a viabiliza\u00e7\u00e3o do circuito, estima-se um aporte financeiro total de R$8 milh\u00f5es, entre infraestrutura e execu\u00e7\u00e3o. Para participar, cada arquiteto adquire uma cota de participa\u00e7\u00e3o correspondente ao ambiente escolhido, garantindo a autonomia para projetar e assinar a ambienta\u00e7\u00e3o do espa\u00e7o sob o crivo de uma curadoria t\u00e9cnica e conceitual que acompanhar\u00e1 todas as etapas do projeto.<\/p>\n<p>A Mostra Black<\/p>\n<p>A edi\u00e7\u00e3o de Porto Alegre adota o conceito Experience, distanciando-se de uma exibi\u00e7\u00e3o puramente contemplativa. A diretriz curatorial orienta os escrit\u00f3rios a utilizarem a estrutura da casa para criar ambientes que priorizem o bem-estar e o conforto sensorial.Segundo o idealizador da mostra, o CEO Fernando Rodrigues, &#8220;os visitantes buscam uma experi\u00eancia que combine inspira\u00e7\u00e3o, tecnologia, bem-estar, sustentabilidade e principalmente um desejo crescente por ambientes que reflitam a vida real, com alma e hist\u00f3ria\u201d , explica.<\/p>\n<p>O objetivo \u00e9 traduzir a complexidade do morar contempor\u00e2neo atrav\u00e9s de solu\u00e7\u00f5es de acolhimento e alta tecnologia, oferecendo uma imers\u00e3o nas novas tend\u00eancias de comportamento e moradia de alto padr\u00e3o.<\/p>\n<p>A visita\u00e7\u00e3o ocorrer\u00e1 entre 27 de agosto e 25 de outubro, per\u00edodo em que se projeta um fluxo de 10 mil visitantes. O encerramento da mostra conclui o ciclo de ocupa\u00e7\u00e3o do im\u00f3vel atual; ap\u00f3s o evento, a \u00e1rea ser\u00e1 destinada \u00e0 constru\u00e7\u00e3o de um novo empreendimento residencial de alto padr\u00e3o, consolidando a renova\u00e7\u00e3o urban\u00edstica caracter\u00edstica do bairro Bela Vista, processo intensificado na regi\u00e3o desde a atualiza\u00e7\u00e3o da lei de verticaliza\u00e7\u00e3o em 1999.<\/p>\n<p>SERVI\u00c7O | OPEN HOUSE MOSTRA BLACK SUL<\/p>\n<p>Data: 28 de abril de 2026<\/p>\n<p>Hor\u00e1rio: das 14h \u00e0s 18h<\/p>\n<p>Localiza\u00e7\u00e3o: R. Farnese, 78 &#8211; Porto Alegre\/RS<\/p>\n","protected":false},"excerpt":{"rendered":"<p>Open House abre calend\u00e1rio para arquitetos em im\u00f3vel que ser\u00e1 sede da Mostra Black 2026 A Mostra Black Home Sul inicia oficialmente os preparativos para &hellip; <\/p>\n","protected":false},"author":2,"featured_media":42796,"comment_status":"closed","ping_status":"closed","sticky":false,"template":"","format":"standard","meta":{"footnotes":""},"categories":[2],"tags":[],"class_list":["post-42795","post","type-post","status-publish","format-standard","has-post-thumbnail","hentry","category-noticias","latest_post"],"_links":{"self":[{"href":"https:\/\/gilpimentel.com.br\/site\/wp-json\/wp\/v2\/posts\/42795","targetHints":{"allow":["GET"]}}],"collection":[{"href":"https:\/\/gilpimentel.com.br\/site\/wp-json\/wp\/v2\/posts"}],"about":[{"href":"https:\/\/gilpimentel.com.br\/site\/wp-json\/wp\/v2\/types\/post"}],"author":[{"embeddable":true,"href":"https:\/\/gilpimentel.com.br\/site\/wp-json\/wp\/v2\/users\/2"}],"replies":[{"embeddable":true,"href":"https:\/\/gilpimentel.com.br\/site\/wp-json\/wp\/v2\/comments?post=42795"}],"version-history":[{"count":1,"href":"https:\/\/gilpimentel.com.br\/site\/wp-json\/wp\/v2\/posts\/42795\/revisions"}],"predecessor-version":[{"id":42797,"href":"https:\/\/gilpimentel.com.br\/site\/wp-json\/wp\/v2\/posts\/42795\/revisions\/42797"}],"wp:featuredmedia":[{"embeddable":true,"href":"https:\/\/gilpimentel.com.br\/site\/wp-json\/wp\/v2\/media\/42796"}],"wp:attachment":[{"href":"https:\/\/gilpimentel.com.br\/site\/wp-json\/wp\/v2\/media?parent=42795"}],"wp:term":[{"taxonomy":"category","embeddable":true,"href":"https:\/\/gilpimentel.com.br\/site\/wp-json\/wp\/v2\/categories?post=42795"},{"taxonomy":"post_tag","embeddable":true,"href":"https:\/\/gilpimentel.com.br\/site\/wp-json\/wp\/v2\/tags?post=42795"}],"curies":[{"name":"wp","href":"https:\/\/api.w.org\/{rel}","templated":true}]}}