{"id":42783,"date":"2026-04-30T00:15:33","date_gmt":"2026-04-30T03:15:33","guid":{"rendered":"https:\/\/gilpimentel.com.br\/site\/?p=42783"},"modified":"2026-04-30T18:43:34","modified_gmt":"2026-04-30T21:43:34","slug":"villa-dos-leias-e-opcao-de-hospedagem-para-curtir-os-eventos-de-serra-negra-em-maio","status":"publish","type":"post","link":"https:\/\/gilpimentel.com.br\/site\/villa-dos-leias-e-opcao-de-hospedagem-para-curtir-os-eventos-de-serra-negra-em-maio\/","title":{"rendered":"VILLA DOS LEIAS \u00c9 OP\u00c7\u00c3O DE HOSPEDAGEM PARA CURTIR OS EVENTOS DE SERRA NEGRA EM MAIO"},"content":{"rendered":"<p>Com uma agenda movimentada ao longo de maio, Serra Negra, no interior paulista, deve registrar aumento no fluxo de visitantes impulsionado por eventos culturais e gastron\u00f4micos. Entre os destaques est\u00e3o a tradicional Festa das Na\u00e7\u00f5es, no in\u00edcio do m\u00eas (01 a 03), a Expo Agromais com a b\u00ean\u00e7\u00e3o dos tratores, nos dias 16 e 17, e o Festival do Caf\u00e9 &amp; Riquezas da Serra, programado para acontecer entre os dias 22 e 24.<\/p>\n<div id=\"m#msg-f:1863359424486735739\" class=\"mail-message expanded\">\n<div id=\"m#msg-f:1863359424486735739-content\" class=\"mail-message-content collapsible zoom-normal mail-show-images msg-2186309797182162764\">\n<div class=\"clear\">\n<p>&nbsp;<\/p>\n<div>\n<div style=\"text-align: left;\">\n<p>Cada evento tem uma proposta diferente: a Festa das Na\u00e7\u00f5es trar\u00e1 diversos artistas, representantes de diferentes pa\u00edses, para celebrar a multiculturalidade com m\u00fasica e culin\u00e1ria t\u00edpica; a Expo Agromais homenageia as ra\u00edzes rurais do munic\u00edpio; o Festival do Caf\u00e9 &amp; Riquezas da Serra, por sua vez, d\u00e1 destaque a tudo que a cidade produz de melhor e ter\u00e1 apresenta\u00e7\u00f5es musicais e boa gastronomia.<\/p>\n<p><strong>Hospedagem para o per\u00edodo<\/strong><\/p>\n<p>Localizada a cerca de cinco minutos do centro, a Pousada Villa dos Leais aparece como uma alternativa de hospedagem que combina f\u00e1cil acesso aos principais pontos de evento com um ambiente de tranquilidade em meio \u00e0 natureza. Situada a aproximadamente 1.100 metros de altitude, a propriedade oferece vista para as montanhas e clima t\u00edpico de serra, caracter\u00edsticas valorizadas por quem busca descanso sem abrir m\u00e3o da proximidade com a cidade.<\/p>\n<p>A estrutura \u00e9 composta por 21 chal\u00e9s, que atendem diferentes perfis de viajantes. Entre os destaques est\u00e1 o Chal\u00e9 Super Luxo, com hidromassagem privativa, lareira e varanda com vista para o vale \u2014 op\u00e7\u00e3o dispon\u00edvel durante a semana com di\u00e1rias a partir de R$ 580 no m\u00eas de maio. J\u00e1 para finais de semana, a sugest\u00e3o \u00e9 o Chal\u00e9 Eleg\u00e2ncia com hidro, com pacote a partir de R$ 2.060, incluindo caf\u00e9 da manh\u00e3.<\/p>\n<p>O caf\u00e9 da manh\u00e3, ali\u00e1s, \u00e9 um dos pontos fortes da hospedagem. Servido em hor\u00e1rio estendido, das 8h30 \u00e0s 11h30, re\u00fane mais de 55 itens preparados artesanalmente, com destaque para p\u00e3es, bolos e doces caseiros que valorizam a produ\u00e7\u00e3o regional.<\/p>\n<p>A infraestrutura de lazer tamb\u00e9m contribui para a experi\u00eancia dos h\u00f3spedes, com piscina aquecida coberta, piscina externa, sauna a vapor, sal\u00e3o de jogos com ambienta\u00e7\u00e3o retr\u00f4, espa\u00e7o fitness e \u00e1reas verdes integradas \u00e0 paisagem. As piscinas funcionam 24 horas, ampliando a flexibilidade de uso.<\/p>\n<p>Mais informa\u00e7\u00f5es e reservas: (19) 99684-9988,\u00a0<a href=\"http:\/\/www.villadosleais.com.br\/\" target=\"_blank\" rel=\"noopener noreferrer\" data-saferedirecturl=\"https:\/\/www.google.com\/url?q=http:\/\/www.villadosleais.com.br&amp;source=gmail&amp;ust=1777133091656000&amp;usg=AOvVaw3u15ww1gk6DBOaWme26d2l\">www.villadosleais.com.br<\/a>\u00a0e\u00a0<a href=\"http:\/\/www.instagram.com\/villa_dosleais\" target=\"_blank\" rel=\"noopener noreferrer\" data-saferedirecturl=\"https:\/\/www.google.com\/url?q=http:\/\/www.instagram.com\/villa_dosleais&amp;source=gmail&amp;ust=1777133091656000&amp;usg=AOvVaw2IQzOp8iXBFLANoZEawH3L\">www.instagram.com\/villa_<wbr \/>dosleais<\/a><\/p>\n<\/div>\n<\/div>\n<p><center>\u00a0\u00a0<\/center><\/div>\n<\/div>\n<\/div>\n","protected":false},"excerpt":{"rendered":"<p>Com uma agenda movimentada ao longo de maio, Serra Negra, no interior paulista, deve registrar aumento no fluxo de visitantes impulsionado por eventos culturais e &hellip; <\/p>\n","protected":false},"author":2,"featured_media":42784,"comment_status":"closed","ping_status":"closed","sticky":false,"template":"","format":"standard","meta":{"footnotes":""},"categories":[2],"tags":[],"class_list":["post-42783","post","type-post","status-publish","format-standard","has-post-thumbnail","hentry","category-noticias","latest_post"],"_links":{"self":[{"href":"https:\/\/gilpimentel.com.br\/site\/wp-json\/wp\/v2\/posts\/42783","targetHints":{"allow":["GET"]}}],"collection":[{"href":"https:\/\/gilpimentel.com.br\/site\/wp-json\/wp\/v2\/posts"}],"about":[{"href":"https:\/\/gilpimentel.com.br\/site\/wp-json\/wp\/v2\/types\/post"}],"author":[{"embeddable":true,"href":"https:\/\/gilpimentel.com.br\/site\/wp-json\/wp\/v2\/users\/2"}],"replies":[{"embeddable":true,"href":"https:\/\/gilpimentel.com.br\/site\/wp-json\/wp\/v2\/comments?post=42783"}],"version-history":[{"count":2,"href":"https:\/\/gilpimentel.com.br\/site\/wp-json\/wp\/v2\/posts\/42783\/revisions"}],"predecessor-version":[{"id":42997,"href":"https:\/\/gilpimentel.com.br\/site\/wp-json\/wp\/v2\/posts\/42783\/revisions\/42997"}],"wp:featuredmedia":[{"embeddable":true,"href":"https:\/\/gilpimentel.com.br\/site\/wp-json\/wp\/v2\/media\/42784"}],"wp:attachment":[{"href":"https:\/\/gilpimentel.com.br\/site\/wp-json\/wp\/v2\/media?parent=42783"}],"wp:term":[{"taxonomy":"category","embeddable":true,"href":"https:\/\/gilpimentel.com.br\/site\/wp-json\/wp\/v2\/categories?post=42783"},{"taxonomy":"post_tag","embeddable":true,"href":"https:\/\/gilpimentel.com.br\/site\/wp-json\/wp\/v2\/tags?post=42783"}],"curies":[{"name":"wp","href":"https:\/\/api.w.org\/{rel}","templated":true}]}}