{"id":42754,"date":"2026-04-27T02:00:10","date_gmt":"2026-04-27T05:00:10","guid":{"rendered":"https:\/\/gilpimentel.com.br\/site\/?p=42754"},"modified":"2026-04-26T17:30:06","modified_gmt":"2026-04-26T20:30:06","slug":"biblioteca-reconstruida-apos-enchente-devolve-as-criancas-o-acesso-a-leitura-em-escola-de-novo-hamburgo","status":"publish","type":"post","link":"https:\/\/gilpimentel.com.br\/site\/biblioteca-reconstruida-apos-enchente-devolve-as-criancas-o-acesso-a-leitura-em-escola-de-novo-hamburgo\/","title":{"rendered":"BIBLIOTECA RECONSTRU\u00cdDA AP\u00d3S ENCHENTE DEVOLVE \u00c0S CRIAN\u00c7AS O ACESSO \u00c0 LEITURA EM ESCOLA DE NOVO HAMBURGO"},"content":{"rendered":"<p>Projeto Pr\u00f3-Biblioteca III, com apoio da Doctor Clin, transforma recome\u00e7o da escola em oportunidade de forma\u00e7\u00e3o e est\u00edmulo \u00e0 leitura<\/p>\n<p>A reconstru\u00e7\u00e3o da Escola Estadual de Ensino Fundamental do bairro Santo Afonso, em Novo Hamburgo, ganhou um novo significado com a retomada do acervo da biblioteca, espa\u00e7o que havia sido impactado pelas enchentes no Rio Grande do Sul. Nesta quinta-feira, 23 de abril, Dia Internacional do Livro, a escola recebeu 250 t\u00edtulos de literatura infanto-juvenil por meio do projeto Pr\u00f3-Biblioteca III, com apoio da Doctor Clin, marcando a reabertura de um ambiente essencial para o desenvolvimento dos alunos.<\/p>\n<p>A iniciativa assume papel central no processo de recupera\u00e7\u00e3o da escola ao devolver \u00e0s crian\u00e7as o acesso ao conhecimento, \u00e0 imagina\u00e7\u00e3o e ao h\u00e1bito da leitura, em um momento de reconstru\u00e7\u00e3o f\u00edsica e emocional da comunidade escolar. Respons\u00e1vel pela biblioteca, Gustavo Adolfo Dias Garcia destaca o impacto da a\u00e7\u00e3o. \u201cA enchente destruiu a biblioteca que hav\u00edamos estruturado, mas agora estamos recome\u00e7ando. A leitura permite que os alunos descubram novos mundos e isso faz toda a diferen\u00e7a no desenvolvimento deles\u201d, afirmou.<\/p>\n<p>A programa\u00e7\u00e3o da entrega dos livros contou ainda com a Hora do Conto, conduzida por Valqu\u00edria Cardoso, do Grupo Teatro Atelier, com a proposta \u201cContando e cantando hist\u00f3rias\u201d, que percorreu contos cl\u00e1ssicos e elementos da cultura popular, despertando o interesse das crian\u00e7as de forma l\u00fadica e interativa.<\/p>\n<p>Entre os alunos, o impacto da a\u00e7\u00e3o foi imediato e percebido na forma como se relacionam com o novo acervo. \u201cMe chamou a aten\u00e7\u00e3o na hora que ela contou a hist\u00f3ria, que eu achei muito engra\u00e7ado e muito legal. Agora com mais op\u00e7\u00f5es aqui, achei bem legal, tem mais coisas para interagir na escola\u201d, relata a estudante Alessandra de Vargas Motta, 11 anos.<\/p>\n<p>\u201cEu achei muito legal. Isso ajuda bastante n\u00f3s aqui na escola. Eu gosto de livro de a\u00e7\u00e3o\u201d, afirma o estudante Felipe Maleszyk Ribeiro, 11 anos, ao destacar o interesse pelos novos t\u00edtulos dispon\u00edveis.<\/p>\n<p>Para a estudante Luiza Alessandra Arnolhld, 11 anos, a atividade tamb\u00e9m representou um momento especial de conex\u00e3o com a leitura. \u201cEu achei muito divertido participar desse momento aqui na escola. Eu gosto de ler hist\u00f3rias em quadrinhos e romances, e agora tem mais livros para escolher\u201d, disse.<\/p>\n<p>Desde 2012, a Doctor Clin integra o projeto com investimentos cont\u00ednuos voltados \u00e0 amplia\u00e7\u00e3o de acervos em escolas p\u00fablicas. Ao longo desse per\u00edodo, 17 institui\u00e7\u00f5es j\u00e1 foram contempladas, incluindo as entregas realizadas neste ano, ampliando o acesso \u00e0 leitura e contribuindo para a forma\u00e7\u00e3o de novos leitores.<\/p>\n<p>O Pr\u00f3-Biblioteca III distribui livros para bibliotecas em diferentes regi\u00f5es do Brasil, sendo apresentado pelo Minist\u00e9rio da Cultura, financiado por meio da Lei Federal de Incentivo \u00e0 Cultura e realizado pelo Governo Federal.<\/p>\n<p>Tamb\u00e9m nesta quinta-feira pela manh\u00e3, duas escolas em Porto Alegre foram contempladas: a Escola Estadual de Ensino Fundamental Ana Neri, no bairro S\u00e3o Sebasti\u00e3o, e a Escola Estadual de Ensino Fundamental Oswaldo Vergara, no bairro Farrapos.<\/p>\n<p>Sobre a Doctor Clin<\/p>\n<p>A Doctor Clin \u00e9 uma Operadora de Planos de Sa\u00fade, registrada na ANS &#8211; Ag\u00eancia Nacional de Sa\u00fade sob o n\u00ba 34.368-2. Iniciou suas atividades em 1\u00ba de junho de 1996, na cidade de Porto Alegre (RS), e atualmente administra a sa\u00fade de mais de 150 mil associados atrav\u00e9s de um sistema semiverticalizado, com atendimento nacional pelo sistema Abramge. O DC Group, do qual a Doctor Clin faz parte, se tornou um hub de servi\u00e7os e um dos maiores grupos de sa\u00fade do estado, com 39 unidades de sa\u00fade entre cl\u00ednicas com pronto atendimento, centros m\u00e9dicos, laborat\u00f3rios de an\u00e1lises cl\u00ednicas, lojas de relacionamento, cl\u00ednicas de oncologia e infus\u00f5es e hospital.<\/p>\n<p>Escola Estadual de Ensino Fundamental no Bairro Santo Afonso Escola Estadual de Ensino Fundamental no Bairro Santo Afonso Escola Estadual de Ensino Fundamental no Bairro Santo Afonso<\/p>\n<p>&nbsp;<\/p>\n","protected":false},"excerpt":{"rendered":"<p>Projeto Pr\u00f3-Biblioteca III, com apoio da Doctor Clin, transforma recome\u00e7o da escola em oportunidade de forma\u00e7\u00e3o e est\u00edmulo \u00e0 leitura A reconstru\u00e7\u00e3o da Escola Estadual &hellip; <\/p>\n","protected":false},"author":2,"featured_media":42755,"comment_status":"closed","ping_status":"closed","sticky":false,"template":"","format":"standard","meta":{"footnotes":""},"categories":[2],"tags":[],"class_list":["post-42754","post","type-post","status-publish","format-standard","has-post-thumbnail","hentry","category-noticias","latest_post"],"_links":{"self":[{"href":"https:\/\/gilpimentel.com.br\/site\/wp-json\/wp\/v2\/posts\/42754","targetHints":{"allow":["GET"]}}],"collection":[{"href":"https:\/\/gilpimentel.com.br\/site\/wp-json\/wp\/v2\/posts"}],"about":[{"href":"https:\/\/gilpimentel.com.br\/site\/wp-json\/wp\/v2\/types\/post"}],"author":[{"embeddable":true,"href":"https:\/\/gilpimentel.com.br\/site\/wp-json\/wp\/v2\/users\/2"}],"replies":[{"embeddable":true,"href":"https:\/\/gilpimentel.com.br\/site\/wp-json\/wp\/v2\/comments?post=42754"}],"version-history":[{"count":1,"href":"https:\/\/gilpimentel.com.br\/site\/wp-json\/wp\/v2\/posts\/42754\/revisions"}],"predecessor-version":[{"id":42756,"href":"https:\/\/gilpimentel.com.br\/site\/wp-json\/wp\/v2\/posts\/42754\/revisions\/42756"}],"wp:featuredmedia":[{"embeddable":true,"href":"https:\/\/gilpimentel.com.br\/site\/wp-json\/wp\/v2\/media\/42755"}],"wp:attachment":[{"href":"https:\/\/gilpimentel.com.br\/site\/wp-json\/wp\/v2\/media?parent=42754"}],"wp:term":[{"taxonomy":"category","embeddable":true,"href":"https:\/\/gilpimentel.com.br\/site\/wp-json\/wp\/v2\/categories?post=42754"},{"taxonomy":"post_tag","embeddable":true,"href":"https:\/\/gilpimentel.com.br\/site\/wp-json\/wp\/v2\/tags?post=42754"}],"curies":[{"name":"wp","href":"https:\/\/api.w.org\/{rel}","templated":true}]}}