{"id":42742,"date":"2026-04-24T01:10:47","date_gmt":"2026-04-24T04:10:47","guid":{"rendered":"https:\/\/gilpimentel.com.br\/site\/?p=42742"},"modified":"2026-04-24T21:54:41","modified_gmt":"2026-04-25T00:54:41","slug":"galeria-habitart-integra-a-programacao-oficial-da-design-week-poa-2026","status":"publish","type":"post","link":"https:\/\/gilpimentel.com.br\/site\/galeria-habitart-integra-a-programacao-oficial-da-design-week-poa-2026\/","title":{"rendered":"GALERIA HABITART INTEGRA A PROGRAMA\u00c7\u00c3O OFICIAL DA DESIGN WEEK POA 2026"},"content":{"rendered":"<p>Espa\u00e7o dedicado \u00e0s artes e ao design \u00e9 reconhecido por promover o mobili\u00e1rio brasileiro<\/p>\n<p>A charmosa galeria de arte Habitart integra o circuito de espa\u00e7os participantes do Design Week POA em 2026, com o lan\u00e7amento de uma exposi\u00e7\u00e3o sobre mobili\u00e1rio e momentos de conversas com designers e arquitetos.<\/p>\n<p>Sob a dire\u00e7\u00e3o de Marilene Bittencourt \u2014 diretora criativa, vision\u00e1ria e figura essencial no design contempor\u00e2neo do pa\u00eds \u2014, a Habitart foi criada em 1986, desempenhando um papel decisivo ao apostar em talentos nacionais que hoje figuram como refer\u00eancias no cen\u00e1rio internacional. Entre suas contribui\u00e7\u00f5es mais relevantes est\u00e1 o lan\u00e7amento e a proje\u00e7\u00e3o de nomes como os Irm\u00e3os Campana e Beto Salvi, refor\u00e7ando seu papel na valoriza\u00e7\u00e3o e na internacionaliza\u00e7\u00e3o do design brasileiro.<\/p>\n<p>Exposi\u00e7\u00e3o \u201cAFINIDADES ELETIVAS\u201d<\/p>\n<p>Beto Salvi, designer, e Let\u00edcia Remi\u00e3o, fot\u00f3grafa, produzem uma memorabilia de seus trabalhos individuais, como uma esp\u00e9cie de celebra\u00e7\u00e3o de anos de amizade, trabalho conjunto e a percep\u00e7\u00e3o de uma afinidade est\u00e9tica que remete ao detalhe e \u00e0 precis\u00e3o. Seus trabalhos demonstram um certo modo de olhar o mundo. Beto ir\u00e1 expor uma s\u00e9rie de pe\u00e7as de mobili\u00e1rio que t\u00eam a madeira como protagonista, desenhadas desde 2001, ano em que iniciou o trabalho para a ind\u00fastria moveleira. Let\u00edcia mostrar\u00e1 um conjunto de imagens que fazem o p\u00fablico reconhecer a natureza dos lugares, naturais ou constru\u00eddos.<\/p>\n<p>De 29 de abril at\u00e9 8 de maio.<\/p>\n<p>Das 14h \u00e0s 18h.<\/p>\n<p>E, no dia 2 de maio (s\u00e1bado), dois momentos de conversas fazem parte da programa\u00e7\u00e3o, sendo recomendado que se fa\u00e7a reserva.<\/p>\n<p>\u201cLINA BO BARDI: DESIGN E ARQUITETURA\u201d, com Giselle Padoin e Carlos Trevi.<\/p>\n<p>Hor\u00e1rio: 16h.<\/p>\n<p>\u201cHABITART E A CULTURA DO DESIGN NO BRASIL\u201d, com Marilene Bittencourt e Beto Salvi, que conversam sobre afetos, est\u00e9tica e o renascimento da cultura do design no Brasil, mediados por Tuti Giorgi, arquiteto.<\/p>\n<p>Hor\u00e1rio: 18h.<\/p>\n<p>Giselle Padoin, historiadora e pesquisadora de moda e arte. Curadora e estilista, divide-se entre Porto Alegre e Paris, desenvolvendo projetos autorais desde 2021. Assinou curadorias como \u201cporto alegre; atemporal\u201d (Design Week POA, 2025) e \u201cA Arte da Moda: Hist\u00f3rias Criativas\u201d (Farol Santander, SP), destacada pela University of the Arts London entre as exposi\u00e7\u00f5es de moda-arte mais relevantes de 2021. Estudou cultura da moda na Central Saint Martins (Londres) e no Institut Fran\u00e7ais de la Mode (Paris), e j\u00e1 realizou mais de vinte curadorias, al\u00e9m de cursos e confer\u00eancias em institui\u00e7\u00f5es como PUCRS, IED, Instituto Ling e H. Stern.<\/p>\n<p>Carlos Trevi, graduado em Administra\u00e7\u00e3o de Empresas, atua como gestor e curador \u00e0 frente de importantes institui\u00e7\u00f5es culturais e \u00e0s atividades pr\u00e1ticas no \u00e2mbito das artes visuais, com passagens relevantes como diretor do Farol Santander de S\u00e3o Paulo e de Porto Alegre. Desde 2015 mant\u00e9m ateli\u00ea em Porto Alegre, tem obras no MACRS e no Museu de Pernambuco, bem como em acervos particulares.<\/p>\n<p>Marilene Bittencourt, formada em Belas Artes, idealizadora da Habitart, curadora, consultora e marchand. Pioneira em fazer conex\u00f5es entre designers e empresas do segmento mobili\u00e1rio, realiza regularmente exposi\u00e7\u00f5es, saraus, cursos, lan\u00e7amentos de livros. Al\u00e9m de representar artistas visuais e fot\u00f3grafos, seu trabalho j\u00e1 recebeu men\u00e7\u00e3o em publica\u00e7\u00f5es de refer\u00eancia, como o jornal New York Times, a revista brasileira ArqDesign, a inglesa Wallpaper Magazine, nos anos 2000, destacando cria\u00e7\u00f5es de Irm\u00e3os Campana, com a poltrona Favela, Beto Salvi, e sua cadeira Oscar &#8211; em homenagem ao arquiteto Oscar Niemeyer -, e mobili\u00e1rios de Zanini de Zanine. (@marilenesb)<\/p>\n<p>Beto Salvi, arquiteto e urbanista (FAUPA), p\u00f3s-graduado em Desenho Urbano (UFRGS) e Teoria e Hist\u00f3ria do Projeto Arquitet\u00f4nico (UFRGS). \u00c9 autor de projetos de Arquitetura e mobiliamento, na l\u00f3gica de total design. \u00c9 s\u00f3cio e diretor criativo do est\u00fadio Salvi, Giorgi Arquitetura e Design, onde desenvolve trabalhos multiescala de cria\u00e7\u00e3o e projeto.<\/p>\n<p>Tuti Giorgi, arquiteto, designer, professor e pesquisador, possui Especializa\u00e7\u00e3o em Design Estrat\u00e9gico (Unisinos + Politecnico di Milano) e Mestrado em Planejamento Urbano e Regional (UFRGS), \u00e1rea na qual \u00e9 doutorando. Co-projetou o Bacharelado Interdisciplinar definido entre Humanidades, Arte e Tecnologias \u2013 BIHAT (Unisinos). Desde 1991 \u00e9 s\u00f3cio na Salvi, Giorgi Arquitetura e Design. (@tutigiorgi)<\/p>\n<p>Let\u00edcia Remi\u00e3o, fot\u00f3grafa, formada em Publicidade e Propaganda (UFRGS). Desenvolve o olhar para marcas de moda, design e gastronomia, al\u00e9m do seu trabalho autoral n\u00e3o dirigido. A fot\u00f3grafa descreve, por meio de imagens, processos e resultados do trabalho de outros profissionais e objetos de seu interesse, produzindo arte a partir da fotografia. (@leticiaremiao.studio)<\/p>\n<p>SERVI\u00c7O<\/p>\n<p>Exposi\u00e7\u00e3o: \u201cAfinidades Eletivas\u201d, com Beto Salvi e Leticia Remi\u00e3o.<\/p>\n<p>Per\u00edodo: de 29 de abril at\u00e9 8 de maio.<\/p>\n<p>Hor\u00e1rio: das 14h \u00e0s 18h.<\/p>\n<p>Conversas sobre arquitetura e design:<\/p>\n<p>Data: 2 de maio.<\/p>\n<p>Hor\u00e1rios:<\/p>\n<p>16h &#8211; \u201cLina Bo Bardi: Design e Arquitetura\u201d, com Giselle Padoin e Carlos Trevi.<\/p>\n<p>18h &#8211; \u201cHabitart e a Cultura do Design no Brasil\u201d, com Marilene Bittencourt e Beto Salvi.<\/p>\n<p>Endere\u00e7o: Rua Coronel Armando Assis, 286, bairro Tr\u00eas Figueiras, Porto Alegre\/RS.<\/p>\n<p>Telefone\/WhatsApp para reservas: (51) 98189-9181.<\/p>\n<p>GALERIA HABITART: o elegante espa\u00e7o se integra \u00e0 cena cultural da capital ga\u00facha. Com uma proposta multicultural, re\u00fane exposi\u00e7\u00f5es, saraus musicais, lan\u00e7amentos de mobili\u00e1rios, livros, palestras e uma programa\u00e7\u00e3o formativa que contempla cursos variados \u2014 do desenho \u00e0 aquarela, do bordado \u00e0 confec\u00e7\u00e3o de joias. Comandada pela galerista e marchand Marilene Bittencourt, a Habitart tamb\u00e9m integra a iniciativa Portas Abertas, realizada em paralelo \u00e0s edi\u00e7\u00f5es da Bienal do Mercosul, fortalecendo o circuito art\u00edstico local. A empres\u00e1ria representa importantes artistas brasileiros em diferentes linguagens, que transitam entre fotografia, pintura, escultura, gravura e desenho, consolidando o espa\u00e7o como um ponto de encontro entre cria\u00e7\u00e3o, forma\u00e7\u00e3o e difus\u00e3o art\u00edstica.<\/p>\n<p>@_habitart_<\/p>\n<p>A DESIGN WEEK POA est\u00e1 na sua terceira edi\u00e7\u00e3o e acontece de 29 de abril a 3 de maio, em Porto Alegre, apresentando uma Rota do Design com mais de 30 pontos espalhados pela cidade, todos com programa\u00e7\u00e3o gratuita. A iniciativa inclui tamb\u00e9m projetos de interven\u00e7\u00e3o urbana permanente, al\u00e9m da Superfeira de Design Latino-americana, que deve receber mais de 20 mil visitantes no Barra Shopping Sul, reunindo mais de 80 expositores e uma confer\u00eancia com mais de 20 convidados nacionais e internacionais. www.designweekpoa.com<\/p>\n<p>&nbsp;<\/p>\n<p>&nbsp;<\/p>\n<p>&nbsp;<\/p>\n<p>&nbsp;<\/p>\n","protected":false},"excerpt":{"rendered":"<p>Espa\u00e7o dedicado \u00e0s artes e ao design \u00e9 reconhecido por promover o mobili\u00e1rio brasileiro A charmosa galeria de arte Habitart integra o circuito de espa\u00e7os &hellip; <\/p>\n","protected":false},"author":2,"featured_media":42743,"comment_status":"closed","ping_status":"closed","sticky":false,"template":"","format":"standard","meta":{"footnotes":""},"categories":[2],"tags":[],"class_list":["post-42742","post","type-post","status-publish","format-standard","has-post-thumbnail","hentry","category-noticias","latest_post"],"_links":{"self":[{"href":"https:\/\/gilpimentel.com.br\/site\/wp-json\/wp\/v2\/posts\/42742","targetHints":{"allow":["GET"]}}],"collection":[{"href":"https:\/\/gilpimentel.com.br\/site\/wp-json\/wp\/v2\/posts"}],"about":[{"href":"https:\/\/gilpimentel.com.br\/site\/wp-json\/wp\/v2\/types\/post"}],"author":[{"embeddable":true,"href":"https:\/\/gilpimentel.com.br\/site\/wp-json\/wp\/v2\/users\/2"}],"replies":[{"embeddable":true,"href":"https:\/\/gilpimentel.com.br\/site\/wp-json\/wp\/v2\/comments?post=42742"}],"version-history":[{"count":1,"href":"https:\/\/gilpimentel.com.br\/site\/wp-json\/wp\/v2\/posts\/42742\/revisions"}],"predecessor-version":[{"id":42744,"href":"https:\/\/gilpimentel.com.br\/site\/wp-json\/wp\/v2\/posts\/42742\/revisions\/42744"}],"wp:featuredmedia":[{"embeddable":true,"href":"https:\/\/gilpimentel.com.br\/site\/wp-json\/wp\/v2\/media\/42743"}],"wp:attachment":[{"href":"https:\/\/gilpimentel.com.br\/site\/wp-json\/wp\/v2\/media?parent=42742"}],"wp:term":[{"taxonomy":"category","embeddable":true,"href":"https:\/\/gilpimentel.com.br\/site\/wp-json\/wp\/v2\/categories?post=42742"},{"taxonomy":"post_tag","embeddable":true,"href":"https:\/\/gilpimentel.com.br\/site\/wp-json\/wp\/v2\/tags?post=42742"}],"curies":[{"name":"wp","href":"https:\/\/api.w.org\/{rel}","templated":true}]}}