{"id":42736,"date":"2026-04-24T12:40:23","date_gmt":"2026-04-24T15:40:23","guid":{"rendered":"https:\/\/gilpimentel.com.br\/site\/?p=42736"},"modified":"2026-04-24T21:44:33","modified_gmt":"2026-04-25T00:44:33","slug":"mini-mundo-participa-do-dia-nacional-da-alegria-e-recebe-estudantes-de-rolante-em-acao-de-inclusao","status":"publish","type":"post","link":"https:\/\/gilpimentel.com.br\/site\/mini-mundo-participa-do-dia-nacional-da-alegria-e-recebe-estudantes-de-rolante-em-acao-de-inclusao\/","title":{"rendered":"MINI MUNDO PARTICIPA DO DIA NACIONAL DA ALEGRIA E RECEBE ESTUDANTES DE ROLANTE EM A\u00c7\u00c3O DE INCLUS\u00c3O"},"content":{"rendered":"<p>O Mini Mundo participou da 17\u00aa edi\u00e7\u00e3o do Dia Nacional da Alegria (DNA), iniciativa idealizada pelo SINDEPAT e apoiada pela ADIBRA, que promove a inclus\u00e3o social por meio do entretenimento em parques e atra\u00e7\u00f5es tur\u00edsticas de todo o Brasil. A a\u00e7\u00e3o, realizada anualmente, proporciona momentos de lazer, divers\u00e3o e experi\u00eancias marcantes para crian\u00e7as e adolescentes atendidos por institui\u00e7\u00f5es e escolas p\u00fablicas.<\/p>\n<p>Em Gramado, o parque recebeu um grupo de alunos da Escola Municipal de Ensino Fundamental Independ\u00eancia, do munic\u00edpio de Rolante (RS), para um dia especial de descobertas na cidade em miniatura. Durante a visita, os estudantes puderam conhecer r\u00e9plicas detalhadas de constru\u00e7\u00f5es de diferentes regi\u00f5es do mundo, interagir com os cen\u00e1rios e vivenciar a proposta l\u00fadica e educativa que consagrou o Mini Mundo como um dos atrativos mais tradicionais da Serra Ga\u00facha.<\/p>\n<p>A participa\u00e7\u00e3o refor\u00e7a o compromisso do Mini Mundo com a democratiza\u00e7\u00e3o do acesso ao lazer, \u00e0 cultura e ao turismo, conectando entretenimento e impacto social. Para muitas crian\u00e7as, a experi\u00eancia representa a oportunidade de visitar pela primeira vez um parque tem\u00e1tico e criar mem\u00f3rias afetivas em um ambiente de encantamento.<\/p>\n<p>Nesta edi\u00e7\u00e3o de 2026, o Dia Nacional da Alegria mobilizou mais de 40 parques e atra\u00e7\u00f5es em nove estados brasileiros, beneficiando cerca de 30 mil crian\u00e7as em situa\u00e7\u00e3o de vulnerabilidade social. Desde sua cria\u00e7\u00e3o, a iniciativa j\u00e1 impactou mais de 570 mil participantes em todo o pa\u00eds.<\/p>\n<p>\u201cO Mini Mundo acredita no poder transformador da alegria e da imagina\u00e7\u00e3o. Receber esses estudantes em uma data t\u00e3o significativa refor\u00e7a nosso prop\u00f3sito de encantar pessoas e contribuir positivamente para a comunidade\u201d, destaca Gisele Nienow, diretora de opera\u00e7\u00f5es do parque.<\/p>\n<p>&nbsp;<\/p>\n<p>&nbsp;<\/p>\n","protected":false},"excerpt":{"rendered":"<p>O Mini Mundo participou da 17\u00aa edi\u00e7\u00e3o do Dia Nacional da Alegria (DNA), iniciativa idealizada pelo SINDEPAT e apoiada pela ADIBRA, que promove a inclus\u00e3o &hellip; <\/p>\n","protected":false},"author":2,"featured_media":42737,"comment_status":"closed","ping_status":"closed","sticky":false,"template":"","format":"standard","meta":{"footnotes":""},"categories":[2],"tags":[],"class_list":["post-42736","post","type-post","status-publish","format-standard","has-post-thumbnail","hentry","category-noticias","latest_post"],"_links":{"self":[{"href":"https:\/\/gilpimentel.com.br\/site\/wp-json\/wp\/v2\/posts\/42736","targetHints":{"allow":["GET"]}}],"collection":[{"href":"https:\/\/gilpimentel.com.br\/site\/wp-json\/wp\/v2\/posts"}],"about":[{"href":"https:\/\/gilpimentel.com.br\/site\/wp-json\/wp\/v2\/types\/post"}],"author":[{"embeddable":true,"href":"https:\/\/gilpimentel.com.br\/site\/wp-json\/wp\/v2\/users\/2"}],"replies":[{"embeddable":true,"href":"https:\/\/gilpimentel.com.br\/site\/wp-json\/wp\/v2\/comments?post=42736"}],"version-history":[{"count":1,"href":"https:\/\/gilpimentel.com.br\/site\/wp-json\/wp\/v2\/posts\/42736\/revisions"}],"predecessor-version":[{"id":42738,"href":"https:\/\/gilpimentel.com.br\/site\/wp-json\/wp\/v2\/posts\/42736\/revisions\/42738"}],"wp:featuredmedia":[{"embeddable":true,"href":"https:\/\/gilpimentel.com.br\/site\/wp-json\/wp\/v2\/media\/42737"}],"wp:attachment":[{"href":"https:\/\/gilpimentel.com.br\/site\/wp-json\/wp\/v2\/media?parent=42736"}],"wp:term":[{"taxonomy":"category","embeddable":true,"href":"https:\/\/gilpimentel.com.br\/site\/wp-json\/wp\/v2\/categories?post=42736"},{"taxonomy":"post_tag","embeddable":true,"href":"https:\/\/gilpimentel.com.br\/site\/wp-json\/wp\/v2\/tags?post=42736"}],"curies":[{"name":"wp","href":"https:\/\/api.w.org\/{rel}","templated":true}]}}