{"id":42706,"date":"2026-04-28T08:12:17","date_gmt":"2026-04-28T11:12:17","guid":{"rendered":"https:\/\/gilpimentel.com.br\/site\/?p=42706"},"modified":"2026-04-28T18:36:06","modified_gmt":"2026-04-28T21:36:06","slug":"feriado-de-1o-de-maio-com-descanso-de-verdade-hotel-monte-real-oferece-estrutura-completa-de-bem-estar-em-aguas-de-lindoia","status":"publish","type":"post","link":"https:\/\/gilpimentel.com.br\/site\/feriado-de-1o-de-maio-com-descanso-de-verdade-hotel-monte-real-oferece-estrutura-completa-de-bem-estar-em-aguas-de-lindoia\/","title":{"rendered":"FERIADO DE 1\u00ba DE MAIO COM DESCANSO DE VERDADE: HOTEL MONTE REAL OFERECE ESTRUTURA COMPLETA DE BEM-ESTAR EM \u00c1GUAS DE LIND\u00d3IA"},"content":{"rendered":"<p>A cerca de 160 km de S\u00e3o Paulo, destino reconhecido internacionalmente re\u00fane \u00e1guas termais, serra e hospitalidade para quem quer desacelerar no Dia do Trabalho.<\/p>\n<p>O feriado de 1\u00ba de Maio convida a uma pausa real da rotina e, para quem est\u00e1 em S\u00e3o Paulo, a resposta pode estar a menos de duas horas de carro. \u00c1guas de Lind\u00f3ia, encravada na Serra da Mantiqueira, combina clima ameno, paisagens serranas e a tradi\u00e7\u00e3o das \u00e1guas termais para entregar exatamente o que o Dia do Trabalho deveria proporcionar: descanso de verdade.<\/p>\n<p>O potencial do destino ganhou proje\u00e7\u00e3o global recentemente. A plataforma KAYAK apontou \u00c1guas de Lind\u00f3ia como um dos destinos menos \u00f3bvios para conhecer em 2026, em levantamento que destaca o crescente interesse por lugares com experi\u00eancias mais aut\u00eanticas e menos movimentadas. A cidade, que j\u00e1 \u00e9 refer\u00eancia no turismo de bem-estar do interior paulista, vai al\u00e9m do termalismo oferecendo ecoturismo, gastronomia regional, hist\u00f3ria e conex\u00e3o com a natureza em um roteiro que cabe em um feriado prolongado.<\/p>\n<p>E, entre as op\u00e7\u00f5es de hospedagem em \u00c1guas de Lind\u00f3ia, o Hotel Monte Real se posiciona como escolha estrat\u00e9gica para o feriado de 1\u00ba de Maio. Situado em frente \u00e0 Pra\u00e7a Adhemar de Barros, um dos principais cart\u00f5es-postais da cidade, o hotel permite que os h\u00f3spedes acessem os principais atrativos a p\u00e9, sem depender de deslocamentos durante a estadia.<\/p>\n<p>O empreendimento conta com 243 apartamentos distribu\u00eddos em tr\u00eas torres, com op\u00e7\u00f5es de vista para as montanhas ou para a pra\u00e7a. Al\u00e9m disso, a infraestrutura de lazer inclui 9 piscinas (sendo 3 cobertas e aquecidas), hidromassagem e 4 saunas, quadras esportivas, academia ao ar livre, brinquedoteca e sal\u00f5es de jogos.<\/p>\n<p>Para o feriado do Dia do Trabalho, o hotel oferece condi\u00e7\u00f5es especiais com m\u00ednimo de 3 di\u00e1rias, com tudo o que fam\u00edlia ou casal precisa em um \u00fanico lugar, incluindo tr\u00eas refei\u00e7\u00f5es (caf\u00e9 da manh\u00e3, almo\u00e7o e jantar) e recrea\u00e7\u00e3o para crian\u00e7as a partir de 4 anos, adolescentes e adultos.<\/p>\n<p>A proposta \u00e9 pensada tanto para casais em busca de descanso quanto para fam\u00edlias que desejam praticidade, lazer e boa gastronomia concentrados em um \u00fanico destino, eliminando a necessidade de planejar refei\u00e7\u00f5es ou atividades fora do hotel.<\/p>\n<p>Por que \u00c1guas de Lind\u00f3ia no Dia do Trabalho?<\/p>\n<p>F\u00e1cil acesso: aproximadamente 160 km da capital paulista, com estradas em boas condi\u00e7\u00f5es<\/p>\n<p>Clima serrano: temperatura amena durante todo o ano, ideal para relaxar<\/p>\n<p>\u00c1guas medicinais: tradi\u00e7\u00e3o terap\u00eautica que atrai visitantes de todo o Brasil<\/p>\n<p>Destino em ascens\u00e3o: reconhecimento internacional pelo KAYAK como um dos destinos a descobrir em 2026<\/p>\n<p>Atividades ao ar livre: trilhas, ecoturismo e pontos hist\u00f3ricos que complementam a estadia<\/p>\n<p>Para mais informa\u00e7\u00f5es e reservas, acesse: montereal.com.br.<\/p>\n<p>&nbsp;<\/p>\n<p>&nbsp;<\/p>\n<p>&nbsp;<\/p>\n<p>&nbsp;<\/p>\n<p>&nbsp;<\/p>\n","protected":false},"excerpt":{"rendered":"<p>A cerca de 160 km de S\u00e3o Paulo, destino reconhecido internacionalmente re\u00fane \u00e1guas termais, serra e hospitalidade para quem quer desacelerar no Dia do Trabalho. &hellip; <\/p>\n","protected":false},"author":2,"featured_media":42707,"comment_status":"closed","ping_status":"closed","sticky":false,"template":"","format":"standard","meta":{"footnotes":""},"categories":[2],"tags":[],"class_list":["post-42706","post","type-post","status-publish","format-standard","has-post-thumbnail","hentry","category-noticias","latest_post"],"_links":{"self":[{"href":"https:\/\/gilpimentel.com.br\/site\/wp-json\/wp\/v2\/posts\/42706","targetHints":{"allow":["GET"]}}],"collection":[{"href":"https:\/\/gilpimentel.com.br\/site\/wp-json\/wp\/v2\/posts"}],"about":[{"href":"https:\/\/gilpimentel.com.br\/site\/wp-json\/wp\/v2\/types\/post"}],"author":[{"embeddable":true,"href":"https:\/\/gilpimentel.com.br\/site\/wp-json\/wp\/v2\/users\/2"}],"replies":[{"embeddable":true,"href":"https:\/\/gilpimentel.com.br\/site\/wp-json\/wp\/v2\/comments?post=42706"}],"version-history":[{"count":1,"href":"https:\/\/gilpimentel.com.br\/site\/wp-json\/wp\/v2\/posts\/42706\/revisions"}],"predecessor-version":[{"id":42708,"href":"https:\/\/gilpimentel.com.br\/site\/wp-json\/wp\/v2\/posts\/42706\/revisions\/42708"}],"wp:featuredmedia":[{"embeddable":true,"href":"https:\/\/gilpimentel.com.br\/site\/wp-json\/wp\/v2\/media\/42707"}],"wp:attachment":[{"href":"https:\/\/gilpimentel.com.br\/site\/wp-json\/wp\/v2\/media?parent=42706"}],"wp:term":[{"taxonomy":"category","embeddable":true,"href":"https:\/\/gilpimentel.com.br\/site\/wp-json\/wp\/v2\/categories?post=42706"},{"taxonomy":"post_tag","embeddable":true,"href":"https:\/\/gilpimentel.com.br\/site\/wp-json\/wp\/v2\/tags?post=42706"}],"curies":[{"name":"wp","href":"https:\/\/api.w.org\/{rel}","templated":true}]}}