{"id":42698,"date":"2026-04-27T04:04:29","date_gmt":"2026-04-27T07:04:29","guid":{"rendered":"https:\/\/gilpimentel.com.br\/site\/?p=42698"},"modified":"2026-04-26T17:32:15","modified_gmt":"2026-04-26T20:32:15","slug":"riogaleao-espera-cerca-de-314-mil-passageiros-no-periodo-do-show-de-shakira-no-rio","status":"publish","type":"post","link":"https:\/\/gilpimentel.com.br\/site\/riogaleao-espera-cerca-de-314-mil-passageiros-no-periodo-do-show-de-shakira-no-rio\/","title":{"rendered":"RIOGALE\u00c3O ESPERA CERCA DE 314 MIL PASSAGEIROS NO PER\u00cdODO DO SHOW DE SHAKIRA NO RIO"},"content":{"rendered":"<p>Aeroporto Internacional Tom Jobim vai receber turistas com batalha do passinho e cover da cantora pop no terminal<\/p>\n<p>Entre 30 de abril e 5 de maio de 2026, o RIOgale\u00e3o estima a movimenta\u00e7\u00e3o de cerca de 314 mil passageiros para o show da Shakira no evento Todo Mundo no Rio (2 de maio) e o feriado prolongado do Dia do Trabalhador (1 de maio). Entre pousos e decolagens, mais de 213 mil passageiros devem viajar em voos dom\u00e9sticos e 101 mil em voos internacionais.<\/p>\n<p>No mesmo per\u00edodo, est\u00e3o previstos cerca de 1.990 voos, alta de 13% em rela\u00e7\u00e3o a 2025 e de 32% frente a 2024. Do total de movimenta\u00e7\u00f5es, 32 s\u00e3o de voos extras dom\u00e9sticos (16 pousos e 16 decolagens). No n\u00famero de passageiros, o crescimento \u00e9 de 14% sobre 2025 e de 46% em compara\u00e7\u00e3o com 2024.<\/p>\n<p>Entre os principais destinos dom\u00e9sticos est\u00e3o S\u00e3o Paulo, Porto Alegre, Vit\u00f3ria, Salvador e Curitiba. No cen\u00e1rio internacional, destacam-se Buenos Aires, Santiago, Bogot\u00e1, Lisboa e Cidade do Panam\u00e1.<\/p>\n<p>Entre os pa\u00edses de origem dos passageiros internacionais, a Argentina lidera com 31%, seguida por Chile (14%), Estados Unidos (8%), Portugal (7%) e Col\u00f4mbia (6%).<\/p>\n<p>Universo latino toma conta do terminal<\/p>\n<p>Para receber os turistas, o RIOgale\u00e3o preparou um momento de conex\u00e3o entre o universo latino e a energia carioca. A campanha \u201cRio, estoy aqu\u00ed!\u201d vai misturar esses dois territ\u00f3rios com elementos do cotidiano da Am\u00e9rica Latina e refer\u00eancias da cultura do Rio. Frases como \u201cSoy Latino\u201d e \u201cRio, estoy aqu\u00ed!\u201d estar\u00e3o em cenografias no desembarque dom\u00e9stico.<\/p>\n<p>Nos dias 30\/04 e 01\/05, o terminal recebe batalhas de passinho com vers\u00f5es remixadas das m\u00fasicas da Shakira em batida de funk e apresenta\u00e7\u00e3o com cover da Shakira pelo sagu\u00e3o da \u00e1rea p\u00fablica do desembarque.<\/p>\n<p>Sobre o RIOgale\u00e3o \u2013 Aeroporto Internacional Tom Jobim<\/p>\n<p>O RIOgale\u00e3o &#8211; Aeroporto Internacional Tom Jobim \u00e9 um aeroporto de padr\u00e3o internacional no Rio de Janeiro, com infraestrutura pronta para receber 37 milh\u00f5es de passageiros por ano e sempre aberto. A concession\u00e1ria \u00e9 uma das maiores empresas do Rio de Janeiro com relev\u00e2ncia nacional e conex\u00e3o global, sendo uma das principais portas de entrada do turismo no Brasil e um importante impulsionador da economia local.<\/p>\n<p>&nbsp;<\/p>\n<p>&nbsp;<\/p>\n<p>&nbsp;<\/p>\n<p>&nbsp;<\/p>\n<p>&nbsp;<\/p>\n","protected":false},"excerpt":{"rendered":"<p>Aeroporto Internacional Tom Jobim vai receber turistas com batalha do passinho e cover da cantora pop no terminal Entre 30 de abril e 5 de &hellip; <\/p>\n","protected":false},"author":2,"featured_media":42699,"comment_status":"closed","ping_status":"closed","sticky":false,"template":"","format":"standard","meta":{"footnotes":""},"categories":[2],"tags":[],"class_list":["post-42698","post","type-post","status-publish","format-standard","has-post-thumbnail","hentry","category-noticias","latest_post"],"_links":{"self":[{"href":"https:\/\/gilpimentel.com.br\/site\/wp-json\/wp\/v2\/posts\/42698","targetHints":{"allow":["GET"]}}],"collection":[{"href":"https:\/\/gilpimentel.com.br\/site\/wp-json\/wp\/v2\/posts"}],"about":[{"href":"https:\/\/gilpimentel.com.br\/site\/wp-json\/wp\/v2\/types\/post"}],"author":[{"embeddable":true,"href":"https:\/\/gilpimentel.com.br\/site\/wp-json\/wp\/v2\/users\/2"}],"replies":[{"embeddable":true,"href":"https:\/\/gilpimentel.com.br\/site\/wp-json\/wp\/v2\/comments?post=42698"}],"version-history":[{"count":1,"href":"https:\/\/gilpimentel.com.br\/site\/wp-json\/wp\/v2\/posts\/42698\/revisions"}],"predecessor-version":[{"id":42700,"href":"https:\/\/gilpimentel.com.br\/site\/wp-json\/wp\/v2\/posts\/42698\/revisions\/42700"}],"wp:featuredmedia":[{"embeddable":true,"href":"https:\/\/gilpimentel.com.br\/site\/wp-json\/wp\/v2\/media\/42699"}],"wp:attachment":[{"href":"https:\/\/gilpimentel.com.br\/site\/wp-json\/wp\/v2\/media?parent=42698"}],"wp:term":[{"taxonomy":"category","embeddable":true,"href":"https:\/\/gilpimentel.com.br\/site\/wp-json\/wp\/v2\/categories?post=42698"},{"taxonomy":"post_tag","embeddable":true,"href":"https:\/\/gilpimentel.com.br\/site\/wp-json\/wp\/v2\/tags?post=42698"}],"curies":[{"name":"wp","href":"https:\/\/api.w.org\/{rel}","templated":true}]}}