{"id":42695,"date":"2026-04-24T03:00:17","date_gmt":"2026-04-24T06:00:17","guid":{"rendered":"https:\/\/gilpimentel.com.br\/site\/?p=42695"},"modified":"2026-04-24T19:55:46","modified_gmt":"2026-04-24T22:55:46","slug":"nascente-azul-e-destaque-em-nova-campanha-de-promocao-do-turismo-acessivel-e-inclusivo-do-mato-grosso-do-sul","status":"publish","type":"post","link":"https:\/\/gilpimentel.com.br\/site\/nascente-azul-e-destaque-em-nova-campanha-de-promocao-do-turismo-acessivel-e-inclusivo-do-mato-grosso-do-sul\/","title":{"rendered":"NASCENTE AZUL \u00c9 DESTAQUE EM NOVA CAMPANHA DE PROMO\u00c7\u00c3O DO TURISMO ACESS\u00cdVEL E INCLUSIVO DO MATO GROSSO DO SUL"},"content":{"rendered":"<p>Como parte do Programa Turismo Acess\u00edvel e Inclusivo, a Fundtur-MS (Funda\u00e7\u00e3o de Turismo de Mato Grosso do Sul) acaba de lan\u00e7ar um novo v\u00eddeo promocional, que comprova que o turismo acess\u00edvel \u00e9 n\u00e3o s\u00f3 poss\u00edvel, mas uma realidade no estado. O material, exibido em primeira m\u00e3o durante a WTM Latin America, mostra os atrativos da regi\u00e3o de Bonito e da Serra da Bodoquena que integram o projeto. Entre eles, destaque para a Nascente Azul, parque que \u00e9 refer\u00eancia nacional em turismo acess\u00edvel.<\/p>\n<p>Para a produ\u00e7\u00e3o do v\u00eddeo, pessoas com defici\u00eancia, idosas e com mobilidade reduzida, como o bicampe\u00e3o paral\u00edmpico e recordista mundial no atletismo Yeltsin Jacques, foram convidadas a vivenciar as experi\u00eancias proporcionadas pelos empreendimentos que tornaram seus equipamentos tur\u00edsticos acess\u00edveis. Na Nascente Azul, os participantes tiveram a oportunidade de embarcar em uma s\u00e9rie de atividades de ecoturismo, como a flutua\u00e7\u00e3o e a tirolesa.<\/p>\n<p>\u201cA Nascente Azul foi o primeiro destino da nossa rota\u201d, conta Telma Nantes, coordenadora do Projeto de Turismo Acess\u00edvel e Inclusivo da Fundtur-MS. \u201cTivemos conhecimento que a Nascente Azul j\u00e1 estava envolvida com essa realidade de acessibilidade e inclus\u00e3o, e hoje a gente v\u00ea que \u00e9 um lugar que acolhe e n\u00e3o tem barreiras atitudinais. A Nascente Azul \u00e9 um exemplo para os destinos que pretendem ser acess\u00edveis e inclusivos\u201d, completa.<\/p>\n<p>Al\u00e9m de ser o atrativo mais visitado de Bonito nos \u00faltimos seis anos, a Nascente Azul disponibiliza uma estrutura adequada e funcion\u00e1rios altamente capacitados para garantir liberdade, bem-estar e seguran\u00e7a a todos os visitantes, tornando acess\u00edveis suas atividades de ecoturismo. O parque oferece cadeiras anf\u00edbias, rampas de acesso, trilhas com piso t\u00e1til, sinaliza\u00e7\u00e3o especial, barras de apoio, caminhos e decks largos, entre outros equipamentos adequados.<\/p>\n<p>No lan\u00e7amento da nova campanha, Bruno Wendling, diretor-presidente da Fundtur-MS, afirmou que o estado vem \u201ctrabalhando para ser um destino cada vez mais acess\u00edvel\u201d. Com planejamento, forma\u00e7\u00e3o t\u00e9cnica e sensibilidade social, o Programa Turismo Acess\u00edvel e Inclusivo mostra a import\u00e2ncia da acessibilidade como fator de inclus\u00e3o social e de impacto econ\u00f4mico.<\/p>\n<p>De acordo com Telma Nantes, \u201co Mato Grosso do Sul \u00e9 o \u00fanico estado do Brasil que traz o turismo acess\u00edvel e inclusivo como pol\u00edtica p\u00fablica. A Fundtur-MS \u00e9 a \u00fanica funda\u00e7\u00e3o que tem um projeto e um programa de acessibilidade. Ent\u00e3o n\u00f3s temos a certeza de que podemos receber e acolher as pessoas com defici\u00eancia, idosas e com mobilidade reduzida com tranquilidade\u201d.<\/p>\n<p>Nascente Azul<\/p>\n<p>Rodovia Bonito Bodoquena, km 22 \u2013 Bonito\/MS<\/p>\n<p>Mais informa\u00e7\u00f5es em: nascenteazul.com.br<\/p>\n<p>&nbsp;<\/p>\n<p>&nbsp;<\/p>\n<p>&nbsp;<\/p>\n<p>&nbsp;<\/p>\n","protected":false},"excerpt":{"rendered":"<p>Como parte do Programa Turismo Acess\u00edvel e Inclusivo, a Fundtur-MS (Funda\u00e7\u00e3o de Turismo de Mato Grosso do Sul) acaba de lan\u00e7ar um novo v\u00eddeo promocional, &hellip; <\/p>\n","protected":false},"author":2,"featured_media":42696,"comment_status":"closed","ping_status":"closed","sticky":false,"template":"","format":"standard","meta":{"footnotes":""},"categories":[2],"tags":[],"class_list":["post-42695","post","type-post","status-publish","format-standard","has-post-thumbnail","hentry","category-noticias","latest_post"],"_links":{"self":[{"href":"https:\/\/gilpimentel.com.br\/site\/wp-json\/wp\/v2\/posts\/42695","targetHints":{"allow":["GET"]}}],"collection":[{"href":"https:\/\/gilpimentel.com.br\/site\/wp-json\/wp\/v2\/posts"}],"about":[{"href":"https:\/\/gilpimentel.com.br\/site\/wp-json\/wp\/v2\/types\/post"}],"author":[{"embeddable":true,"href":"https:\/\/gilpimentel.com.br\/site\/wp-json\/wp\/v2\/users\/2"}],"replies":[{"embeddable":true,"href":"https:\/\/gilpimentel.com.br\/site\/wp-json\/wp\/v2\/comments?post=42695"}],"version-history":[{"count":1,"href":"https:\/\/gilpimentel.com.br\/site\/wp-json\/wp\/v2\/posts\/42695\/revisions"}],"predecessor-version":[{"id":42697,"href":"https:\/\/gilpimentel.com.br\/site\/wp-json\/wp\/v2\/posts\/42695\/revisions\/42697"}],"wp:featuredmedia":[{"embeddable":true,"href":"https:\/\/gilpimentel.com.br\/site\/wp-json\/wp\/v2\/media\/42696"}],"wp:attachment":[{"href":"https:\/\/gilpimentel.com.br\/site\/wp-json\/wp\/v2\/media?parent=42695"}],"wp:term":[{"taxonomy":"category","embeddable":true,"href":"https:\/\/gilpimentel.com.br\/site\/wp-json\/wp\/v2\/categories?post=42695"},{"taxonomy":"post_tag","embeddable":true,"href":"https:\/\/gilpimentel.com.br\/site\/wp-json\/wp\/v2\/tags?post=42695"}],"curies":[{"name":"wp","href":"https:\/\/api.w.org\/{rel}","templated":true}]}}