{"id":42686,"date":"2026-04-24T04:39:00","date_gmt":"2026-04-24T07:39:00","guid":{"rendered":"https:\/\/gilpimentel.com.br\/site\/?p=42686"},"modified":"2026-04-24T19:42:43","modified_gmt":"2026-04-24T22:42:43","slug":"hotel-deville-prime-porto-alegre-abre-inscricoes-para-programa-gratuito-de-capacitacao-em-hotelaria-com-possibilidade-de-contratacao","status":"publish","type":"post","link":"https:\/\/gilpimentel.com.br\/site\/hotel-deville-prime-porto-alegre-abre-inscricoes-para-programa-gratuito-de-capacitacao-em-hotelaria-com-possibilidade-de-contratacao\/","title":{"rendered":"HOTEL DEVILLE PRIME PORTO ALEGRE ABRE INSCRI\u00c7\u00d5ES PARA PROGRAMA GRATUITO DE CAPACITA\u00c7\u00c3O EM HOTELARIA COM POSSIBILIDADE DE CONTRATA\u00c7\u00c3O"},"content":{"rendered":"<p>As inscri\u00e7\u00f5es podem ser feitas at\u00e9 4 de maio, com envio de curr\u00edculo por e-mail ou presencialmente no hotel<\/p>\n<p>O Deville Prime Porto Alegre, que faz parte da Rede de Hot\u00e9is Deville, est\u00e1 com inscri\u00e7\u00f5es abertas para o Programa Capacita, uma iniciativa gratuita de qualifica\u00e7\u00e3o profissional com forte impacto social, voltada \u00e0 forma\u00e7\u00e3o de novos talentos em Porto Alegre. Ao todo, ser\u00e3o oferecidas 20 vagas para pessoas interessadas em ingressar no mercado de trabalho, com possibilidade real de contrata\u00e7\u00e3o ao final do curso.<\/p>\n<p>O programa \u00e9 aberto a candidatos com ou sem experi\u00eancia em hotelaria, incluindo quem busca o primeiro emprego, profissionais em transi\u00e7\u00e3o de carreira, estrangeiros e pessoas com defici\u00eancia. Para participar, \u00e9 necess\u00e1rio ter ensino m\u00e9dio completo ou em andamento e disponibilidade de hor\u00e1rio.<\/p>\n<p>\u201cAs iniciativas de capacita\u00e7\u00e3o fazem parte do nosso compromisso com o desenvolvimento das comunidades onde estamos inseridos. Acreditamos que, ao oferecer acesso \u00e0 qualifica\u00e7\u00e3o e criar oportunidades reais de inser\u00e7\u00e3o no mercado de trabalho, contribu\u00edmos diretamente para a transforma\u00e7\u00e3o social e para a forma\u00e7\u00e3o de novos talentos na hotelaria\u201d, destaca Andr\u00e9 Machado, gerente Geral do Deville Prime Porto Alegre.<\/p>\n<p>As inscri\u00e7\u00f5es podem ser realizadas at\u00e9 o dia 04 de maio de 2026, mediante envio de curr\u00edculo para o e-mail capacita@deville.com.br ou entrega presencial na portaria de servi\u00e7os do hotel, localizado na Av. dos Estados, 1909 \u2013 Bairro Anchieta, das 8h \u00e0s 18h. A sele\u00e7\u00e3o ser\u00e1 feita por meio de processo conduzido pelo RH da unidade, que tamb\u00e9m contar\u00e1 com indica\u00e7\u00f5es de colaboradores, ampliando o alcance da iniciativa na comunidade local.<\/p>\n<p>O curso ser\u00e1 realizado entre os dias 11 e 22 de maio de 2026, com dura\u00e7\u00e3o de duas semanas, combinando teoria e pr\u00e1tica na \u00e1rea de governan\u00e7a, essencial para a opera\u00e7\u00e3o hoteleira. Durante o treinamento, os participantes aprender\u00e3o atividades como arruma\u00e7\u00e3o de camas, higieniza\u00e7\u00e3o de banheiros e \u00e1reas comuns, al\u00e9m do uso correto de produtos de limpeza. Tamb\u00e9m ter\u00e3o contato com as rotinas de outros setores, com participa\u00e7\u00e3o dos gestores do hotel.<\/p>\n<p>A programa\u00e7\u00e3o ser\u00e1 dividida em dois formatos:<\/p>\n<p>Primeira semana (te\u00f3rica): das 8h \u00e0s 12h<\/p>\n<p>Segunda semana (pr\u00e1tica): das 8h \u00e0s 16h<\/p>\n<p>Durante o per\u00edodo, os participantes contar\u00e3o com uma estrutura completa oferecida pelo hotel, incluindo caf\u00e9 da manh\u00e3, almo\u00e7o, vale-transporte, material did\u00e1tico, uniforme e equipamentos de prote\u00e7\u00e3o individual. Na segunda semana, os alunos tamb\u00e9m receber\u00e3o ajuda de custo pelas atividades pr\u00e1ticas.<\/p>\n<p>Ao final do curso, todos os participantes receber\u00e3o certificado de conclus\u00e3o e, de acordo com o desempenho, poder\u00e3o ser contratados pelo hotel. Al\u00e9m disso, candidatos com perfil poder\u00e3o ser direcionados para oportunidades em outras \u00e1reas da unidade.<\/p>\n<p>Mais do que uma forma\u00e7\u00e3o t\u00e9cnica, o Programa Capacita refor\u00e7a o compromisso da Rede Deville com o desenvolvimento social, criando caminhos concretos de inser\u00e7\u00e3o profissional e contribuindo para o fortalecimento da economia local.<\/p>\n<p>Servi\u00e7o &#8211; Programa Capacita do Deville Prime Porto Alegre<\/p>\n<p>Inscri\u00e7\u00f5es: at\u00e9 04 de maio de 2026<\/p>\n<p>Como se inscrever: envio de curr\u00edculo para capacita@deville.com.br ou entrega presencial<\/p>\n<p>Local de inscri\u00e7\u00e3o presencial: Deville Prime Porto Alegre \u2013 Av. dos Estados, 1909 \u2013 Bairro Anchieta (das 8h \u00e0s 18h)<\/p>\n<p>Vagas: 20<\/p>\n<p>Pr\u00e9-requisitos: ensino m\u00e9dio completo ou em andamento e disponibilidade de hor\u00e1rio<\/p>\n<p>Per\u00edodo do curso: de 11 a 22 de maio de 2026<\/p>\n<p>Sobre a Rede Deville<\/p>\n<p>A Rede Deville \u00e9 um dos mais tradicionais grupos hoteleiros do Brasil, com mais de 50 anos de hist\u00f3ria. O grupo, al\u00e9m de propriet\u00e1rio, administra suas unidades e abrange as marcas Deville Prime, Deville Express e as franquias Marriott S\u00e3o Paulo Airport, primeira franqueada da Marriott International na Am\u00e9rica do Sul, e o novo The Westin S\u00e3o Paulo.<\/p>\n<p>Atualmente, a Rede Deville est\u00e1 presente em 10 destinos, com cerca de 1.700 acomoda\u00e7\u00f5es e mais de 1.300 colaboradores.<\/p>\n<p>Com o compromisso de atendimento de qualidade e hospitalidade de excel\u00eancia, reafirmam sua posi\u00e7\u00e3o como um dos mais respeitados nomes da hotelaria no pa\u00eds. Para mais informa\u00e7\u00f5es sobre os hot\u00e9is, acesse www.deville.com.br e siga @hoteisdeville nas redes sociais.<\/p>\n<p>&nbsp;<\/p>\n<p>&nbsp;<\/p>\n<p>&nbsp;<\/p>\n","protected":false},"excerpt":{"rendered":"<p>As inscri\u00e7\u00f5es podem ser feitas at\u00e9 4 de maio, com envio de curr\u00edculo por e-mail ou presencialmente no hotel O Deville Prime Porto Alegre, que &hellip; <\/p>\n","protected":false},"author":2,"featured_media":42687,"comment_status":"closed","ping_status":"closed","sticky":false,"template":"","format":"standard","meta":{"footnotes":""},"categories":[2],"tags":[],"class_list":["post-42686","post","type-post","status-publish","format-standard","has-post-thumbnail","hentry","category-noticias","latest_post"],"_links":{"self":[{"href":"https:\/\/gilpimentel.com.br\/site\/wp-json\/wp\/v2\/posts\/42686","targetHints":{"allow":["GET"]}}],"collection":[{"href":"https:\/\/gilpimentel.com.br\/site\/wp-json\/wp\/v2\/posts"}],"about":[{"href":"https:\/\/gilpimentel.com.br\/site\/wp-json\/wp\/v2\/types\/post"}],"author":[{"embeddable":true,"href":"https:\/\/gilpimentel.com.br\/site\/wp-json\/wp\/v2\/users\/2"}],"replies":[{"embeddable":true,"href":"https:\/\/gilpimentel.com.br\/site\/wp-json\/wp\/v2\/comments?post=42686"}],"version-history":[{"count":1,"href":"https:\/\/gilpimentel.com.br\/site\/wp-json\/wp\/v2\/posts\/42686\/revisions"}],"predecessor-version":[{"id":42688,"href":"https:\/\/gilpimentel.com.br\/site\/wp-json\/wp\/v2\/posts\/42686\/revisions\/42688"}],"wp:featuredmedia":[{"embeddable":true,"href":"https:\/\/gilpimentel.com.br\/site\/wp-json\/wp\/v2\/media\/42687"}],"wp:attachment":[{"href":"https:\/\/gilpimentel.com.br\/site\/wp-json\/wp\/v2\/media?parent=42686"}],"wp:term":[{"taxonomy":"category","embeddable":true,"href":"https:\/\/gilpimentel.com.br\/site\/wp-json\/wp\/v2\/categories?post=42686"},{"taxonomy":"post_tag","embeddable":true,"href":"https:\/\/gilpimentel.com.br\/site\/wp-json\/wp\/v2\/tags?post=42686"}],"curies":[{"name":"wp","href":"https:\/\/api.w.org\/{rel}","templated":true}]}}