{"id":42662,"date":"2026-04-24T02:30:13","date_gmt":"2026-04-24T05:30:13","guid":{"rendered":"https:\/\/gilpimentel.com.br\/site\/?p=42662"},"modified":"2026-04-24T18:48:57","modified_gmt":"2026-04-24T21:48:57","slug":"petra-anuncia-patrocinio-a-turne-dominguinho-com-o-cantor-joao-gomes-e-reforca-conexao-com-a-musica-brasileira","status":"publish","type":"post","link":"https:\/\/gilpimentel.com.br\/site\/petra-anuncia-patrocinio-a-turne-dominguinho-com-o-cantor-joao-gomes-e-reforca-conexao-com-a-musica-brasileira\/","title":{"rendered":"PETRA ANUNCIA PATROC\u00cdNIO \u00c0 TURN\u00ca &#8220;DOMINGUINHO&#8221;, COM O CANTOR JO\u00c3O GOMES, E REFOR\u00c7A CONEX\u00c3O COM A M\u00daSICA BRASILEIRA"},"content":{"rendered":"<p>Marca do Grupo Petr\u00f3polis \u00e9 a cerveja oficial do projeto musical que percorrer\u00e1 o pa\u00eds, como uma plataforma de experi\u00eancia de marca para o consumidor<\/p>\n<p>Petra, cerveja puro malte do Grupo Petr\u00f3polis \u2013 maior cervejaria com capital 100% nacional \u2013, anuncia patroc\u00ednio \u00e0 turn\u00ea \u201cDominguinho\u201d, projeto colaborativo dos artistas m\u00fasicos Jo\u00e3o Gomes, Jota.p\u00ea e Mestrinho. Com 16 apresenta\u00e7\u00f5es previstas ao longo do ano em diferentes regi\u00f5es do pa\u00eds, a iniciativa integra a estrat\u00e9gia da marca de investir em experi\u00eancias que ampliem sua presen\u00e7a e conex\u00e3o com o p\u00fablico.<\/p>\n<p>Inspirado pela riqueza da m\u00fasica nordestina e pela mistura de ritmos que definem a identidade cultural do pa\u00eds, o projeto \u201cDominguinho\u201d se conecta diretamente com o posicionamento de Petra, que valoriza a brasilidade e os momentos que aproximam as pessoas. A parceria refor\u00e7a a presen\u00e7a da marca em iniciativas que celebram a cultura nacional de forma pr\u00f3xima e relevante.<\/p>\n<p>\u201cA m\u00fasica traduz muito da brasilidade e da express\u00e3o da cultura nacional, um territ\u00f3rio com o qual Petra se identifica. O projeto Dominguinho tem se mostrado um enorme sucesso nas pra\u00e7as por onde passa, e o apoio da marca refor\u00e7a nossa presen\u00e7a em um contexto que valoriza a forma \u00fanica com que o brasileiro transforma o simples em algo marcante, conectando a marca a experi\u00eancias com alto potencial de identifica\u00e7\u00e3o e alcance, fortalecendo nossa estrat\u00e9gia de crescimento no pa\u00eds\u201d, afirma Jo\u00e3o Netto, diretor de Marketing e Trade do Grupo Petr\u00f3polis.<\/p>\n<p>A abertura da turn\u00ea acontece no dia 25 de abril, no Allianz Parque, em S\u00e3o Paulo, e marca a celebra\u00e7\u00e3o de um ano do lan\u00e7amento do \u00e1lbum que deu origem ao projeto. O show contar\u00e1 com diversas ativa\u00e7\u00f5es de Petra, incluindo espa\u00e7o instagram\u00e1vel, distribui\u00e7\u00e3o de brindes e balc\u00e3o de chopp na \u00e1rea exclusiva para convidados. O evento ter\u00e1 ainda a presen\u00e7a de influenciadores que integram o squad da marca, como Dani Diz e o ator Jos\u00e9 Loreto. Os cantores Jota.p\u00ea e Mestrinho, que fazem parte do trio de Dominguinho, tamb\u00e9m chegam ao time de influenciadores de Petra, refor\u00e7ando o territ\u00f3rio de brasilidade e a conex\u00e3o da marca com a m\u00fasica brasileira contempor\u00e2nea.<\/p>\n<p>Ao longo do ano, a turn\u00ea passar\u00e1 por diversas cidades, incluindo as capitais Fortaleza, Porto Alegre, Rio de Janeiro, Salvador, Recife e Bras\u00edlia, ampliando o alcance da iniciativa e fortalecendo a presen\u00e7a de Petra em diferentes mercados.<\/p>\n<p>\u201cA parceria com a turn\u00ea refor\u00e7a o compromisso de Petra com a cultura brasileira e com experi\u00eancias que realmente conectam as pessoas. Mais do que presen\u00e7a de marca, estar junto de um projeto que valoriza nossas ra\u00edzes \u00e9 uma oportunidade de criar conex\u00f5es verdadeiras com o p\u00fablico e proporcionar a experimenta\u00e7\u00e3o dos nossos produtos\u201d, afirma Jos\u00e9 Luis Sinti, gerente nacional de Patroc\u00ednios do Grupo Petr\u00f3polis.<\/p>\n<p>SOBRE A PETRA \u2013 A Petra \u00e9 uma marca de cervejas desenvolvida seguindo a melhor tradi\u00e7\u00e3o cervejeira mundial. Cada um dos estilos carrega a hist\u00f3ria de respeito aos preceitos essenciais de processos e mat\u00e9rias primas, sem ceder a modismos ou experimenta\u00e7\u00f5es. Prezando pela harmoniza\u00e7\u00e3o, Petra apresenta r\u00f3tulos que agradam aos mais exigentes paladares: Petra Origem Puro Malte, Petra Aurum, Petra Schwarzbier, Petra Bock, Petra Weiss Bier, Petra Stark Bier e Petra Origem Escura Premium. A Petra \u00e9 parceira do Saber Beber, programa que incentiva o consumo consciente de \u00e1lcool, refor\u00e7ando que o ato de beber n\u00e3o \u00e9 um problema, desde que seja feito de forma consciente e respons\u00e1vel. Saiba mais sobre a cerveja em www.cervejapetra.com.br e @cervejapetra.<\/p>\n<p>SOBRE O GRUPO PETR\u00d3POLIS &#8211; O Grupo Petr\u00f3polis \u00e9 a \u00fanica grande empresa do setor cervejeiro com capital 100% nacional. Produz as marcas de cerveja Itaipava, Petra, Black Princess, Cacildis, Cabar\u00e9, Weltenburger, Crystal e Lokal; a cacha\u00e7a Cabar\u00e9; a vodca Nordka; as bebidas mistas Fest Drinks, Cabar\u00e9 Ice, Crystal Ice e Blue Spirit Ice; o energ\u00e9tico TNT Energy; os refrigerantes It! e a T\u00f4nica Petra; a bebida esportiva TNT Sport Drink; e a \u00e1gua mineral Petra. O Grupo possui oito f\u00e1bricas em seis estados e mais de 130 Centros de Distribui\u00e7\u00e3o em todo o Pa\u00eds, sendo respons\u00e1vel pela gera\u00e7\u00e3o de mais de 22 mil empregos diretos. Em 2017, o Grupo criou o programa de consumo consciente Saber Beber, que orienta consumidores sobre o consumo respons\u00e1vel de bebidas alco\u00f3licas. Saiba mais em www.grupopetropolis.com.br e no perfil @grupo.petropolis.<\/p>\n<p>&nbsp;<\/p>\n","protected":false},"excerpt":{"rendered":"<p>Marca do Grupo Petr\u00f3polis \u00e9 a cerveja oficial do projeto musical que percorrer\u00e1 o pa\u00eds, como uma plataforma de experi\u00eancia de marca para o consumidor &hellip; <\/p>\n","protected":false},"author":2,"featured_media":42663,"comment_status":"closed","ping_status":"closed","sticky":false,"template":"","format":"standard","meta":{"footnotes":""},"categories":[2],"tags":[],"class_list":["post-42662","post","type-post","status-publish","format-standard","has-post-thumbnail","hentry","category-noticias","latest_post"],"_links":{"self":[{"href":"https:\/\/gilpimentel.com.br\/site\/wp-json\/wp\/v2\/posts\/42662","targetHints":{"allow":["GET"]}}],"collection":[{"href":"https:\/\/gilpimentel.com.br\/site\/wp-json\/wp\/v2\/posts"}],"about":[{"href":"https:\/\/gilpimentel.com.br\/site\/wp-json\/wp\/v2\/types\/post"}],"author":[{"embeddable":true,"href":"https:\/\/gilpimentel.com.br\/site\/wp-json\/wp\/v2\/users\/2"}],"replies":[{"embeddable":true,"href":"https:\/\/gilpimentel.com.br\/site\/wp-json\/wp\/v2\/comments?post=42662"}],"version-history":[{"count":1,"href":"https:\/\/gilpimentel.com.br\/site\/wp-json\/wp\/v2\/posts\/42662\/revisions"}],"predecessor-version":[{"id":42664,"href":"https:\/\/gilpimentel.com.br\/site\/wp-json\/wp\/v2\/posts\/42662\/revisions\/42664"}],"wp:featuredmedia":[{"embeddable":true,"href":"https:\/\/gilpimentel.com.br\/site\/wp-json\/wp\/v2\/media\/42663"}],"wp:attachment":[{"href":"https:\/\/gilpimentel.com.br\/site\/wp-json\/wp\/v2\/media?parent=42662"}],"wp:term":[{"taxonomy":"category","embeddable":true,"href":"https:\/\/gilpimentel.com.br\/site\/wp-json\/wp\/v2\/categories?post=42662"},{"taxonomy":"post_tag","embeddable":true,"href":"https:\/\/gilpimentel.com.br\/site\/wp-json\/wp\/v2\/tags?post=42662"}],"curies":[{"name":"wp","href":"https:\/\/api.w.org\/{rel}","templated":true}]}}