{"id":42562,"date":"2026-04-24T04:05:21","date_gmt":"2026-04-24T07:05:21","guid":{"rendered":"https:\/\/gilpimentel.com.br\/site\/?p=42562"},"modified":"2026-04-24T19:59:55","modified_gmt":"2026-04-24T22:59:55","slug":"a-volta-da-alemanha-nazista","status":"publish","type":"post","link":"https:\/\/gilpimentel.com.br\/site\/a-volta-da-alemanha-nazista\/","title":{"rendered":"A VOLTA DA ALEMANHA NAZISTA"},"content":{"rendered":"<p>O terror da guerra na obra de Rog\u00e9rio Gomes evoca um tempo que deveria ter sido enterrado no passado. O lan\u00e7amento de &#8220;A \u00daltima Esta\u00e7\u00e3o&#8221; ser\u00e1 no dia 28 de abril, no Terezas Caf\u00e9.<\/p>\n<p>Tempos de guerra, de sofrimento, de paix\u00f5es perdidas, de pais que veem seus filhos partirem, de v\u00edtimas de todos os lados. A Segunda Guerra Mundial eclode em \u201cA \u00daltima Esta\u00e7\u00e3o\u201d, do escritor e m\u00e9dico Rog\u00e9rio Gomes, que ser\u00e1 lan\u00e7ado na ter\u00e7a-feira, 28 de abril, das 19h \u00e0s 22h, no Terezas Caf\u00e9, em Porto Alegre. A sess\u00e3o de aut\u00f3grafos ser\u00e1 acompanhada de exposi\u00e7\u00e3o da fotojornalista Karine Viana com imagens que fazem do autor protagonista de sua pr\u00f3pria obra em um cen\u00e1rio de destrui\u00e7\u00e3o e desola\u00e7\u00e3o.<\/p>\n<p>O romance de fic\u00e7\u00e3o de Rog\u00e9rio Gomes traz o drama de uma fam\u00edlia afetada pela guerra e que a revive at\u00e9 os dias atuais. O nono livro do escritor, que passeia pela poesia, pelos contos, pelas cr\u00f4nicas e pelo romance, evoca a dor e o terror de um tempo que n\u00e3o deveria voltar. A guerra revivida nas p\u00e1ginas do livro n\u00e3o \u00e9 um mero cen\u00e1rio, mas uma imposi\u00e7\u00e3o, que define os rumos da popula\u00e7\u00e3o em geral, de artistas, de m\u00e9dicos e at\u00e9 de quem \u00e9 obrigado a lutar.<\/p>\n<p>Rog\u00e9rio \u00e9 um cardiologista que transforma sua viv\u00eancia em sensibilidade para retratar os sentimentos mais profundos da humanidade. \u00c9 um escritor que v\u00ea suas hist\u00f3rias emergirem dos mais diferentes momentos, como da viagem de 2025 com os filhos \u00e0 Alemanha, que trouxe de volta o contexto da guerra e o drama das pessoas que por ela passaram.<\/p>\n<p>\u201cHavia um velho bem encasacado esperando pelo seu trem. Estava sozinho e nem ao menos lia o jornal, tampouco olhava para algu\u00e9m, mas segurava uma caneca de caf\u00e9, cuja fuma\u00e7a eu conseguia distinguir com a escurid\u00e3o como pano de fundo. Fiquei pensando comigo mesmo: o que um homem que aparentava mais de oitenta anos fazia sentado sozinho numa madrugada congelada, esperando um trem na Esta\u00e7\u00e3o Central, em Munique? Ent\u00e3o, uma ideia come\u00e7ou a se estruturar. A imagem do velho esperando pelo trem n\u00e3o me abandonou mais, de t\u00e3o impactante que foi\u201d narrado pelo escritor no pr\u00f3logo do livro. \u201cN\u00e3o sei quem ele \u00e9, mas estava l\u00e1 naquele momento m\u00e1gico e me deu as pistas e os caminhos necess\u00e1rios para que eu desenvolvesse a ideia para a hist\u00f3ria desse romance\u201d, revela.<\/p>\n<p>A esse epis\u00f3dio decisivo somou-se o fasc\u00ednio de Rog\u00e9rio pela hist\u00f3ria do S\u00e9culo XX, especialmente das duas Grandes Guerras. Despontava, ent\u00e3o, \u201cA \u00daltima Esta\u00e7\u00e3o\u201d, um livro envolvente que mescla drama, romance hist\u00f3rico, erotismo, suspense, flashbacks e um plot twist digno de um roteiro inesquec\u00edvel de cinema.<\/p>\n<p>Rog\u00e9rio Gomes v\u00ea hist\u00f3rias por onde passa. Em seu livro anterior, \u201cMorte s\u00fabita e outras hist\u00f3rias de mulheres\u201d, publicado em 2025, trouxe diversas faces da alma feminina. Antes, havia publicado \u201cO Grande Mestre e o Padre Judas\u201d, retomando seu personagem mais ic\u00f4nico, e \u201cO Sul do teu corpo\u201d, obra de poesias er\u00f3ticas. Escreveu ainda \u201cO Afiador de Facas\u201d, romance que j\u00e1 est\u00e1 com roteiro pronto para virar filme, \u201cCr\u00f4nicas da Pandemia\u201d, \u201cAnita e outras poesias fotografadas\u201d e \u201cCr\u00f4nicas de Havana\u201d, todos editados pela TotalBooks.<\/p>\n<p>Lan\u00e7amento do livro \u201cA \u00daltima Esta\u00e7\u00e3o\u201d, de Rog\u00e9rio Gomes<\/p>\n<p>Editora: TotalBooks<\/p>\n<p>P\u00e1ginas: 234<\/p>\n<p>Pre\u00e7o do livro: R$ 60<\/p>\n<p>Data: 28 de abril<\/p>\n<p>Hor\u00e1rio: das 19h \u00e0s 22h<\/p>\n<p>Local: Terezas Caf\u00e9 &#8211; Rua Giordano Bruno, 318<\/p>\n<p>&nbsp;<\/p>\n<p>&nbsp;<\/p>\n","protected":false},"excerpt":{"rendered":"<p>O terror da guerra na obra de Rog\u00e9rio Gomes evoca um tempo que deveria ter sido enterrado no passado. O lan\u00e7amento de &#8220;A \u00daltima Esta\u00e7\u00e3o&#8221; &hellip; <\/p>\n","protected":false},"author":2,"featured_media":42563,"comment_status":"closed","ping_status":"closed","sticky":false,"template":"","format":"standard","meta":{"footnotes":""},"categories":[2],"tags":[],"class_list":["post-42562","post","type-post","status-publish","format-standard","has-post-thumbnail","hentry","category-noticias","latest_post"],"_links":{"self":[{"href":"https:\/\/gilpimentel.com.br\/site\/wp-json\/wp\/v2\/posts\/42562","targetHints":{"allow":["GET"]}}],"collection":[{"href":"https:\/\/gilpimentel.com.br\/site\/wp-json\/wp\/v2\/posts"}],"about":[{"href":"https:\/\/gilpimentel.com.br\/site\/wp-json\/wp\/v2\/types\/post"}],"author":[{"embeddable":true,"href":"https:\/\/gilpimentel.com.br\/site\/wp-json\/wp\/v2\/users\/2"}],"replies":[{"embeddable":true,"href":"https:\/\/gilpimentel.com.br\/site\/wp-json\/wp\/v2\/comments?post=42562"}],"version-history":[{"count":1,"href":"https:\/\/gilpimentel.com.br\/site\/wp-json\/wp\/v2\/posts\/42562\/revisions"}],"predecessor-version":[{"id":42564,"href":"https:\/\/gilpimentel.com.br\/site\/wp-json\/wp\/v2\/posts\/42562\/revisions\/42564"}],"wp:featuredmedia":[{"embeddable":true,"href":"https:\/\/gilpimentel.com.br\/site\/wp-json\/wp\/v2\/media\/42563"}],"wp:attachment":[{"href":"https:\/\/gilpimentel.com.br\/site\/wp-json\/wp\/v2\/media?parent=42562"}],"wp:term":[{"taxonomy":"category","embeddable":true,"href":"https:\/\/gilpimentel.com.br\/site\/wp-json\/wp\/v2\/categories?post=42562"},{"taxonomy":"post_tag","embeddable":true,"href":"https:\/\/gilpimentel.com.br\/site\/wp-json\/wp\/v2\/tags?post=42562"}],"curies":[{"name":"wp","href":"https:\/\/api.w.org\/{rel}","templated":true}]}}