{"id":42434,"date":"2026-04-28T02:00:07","date_gmt":"2026-04-28T05:00:07","guid":{"rendered":"https:\/\/gilpimentel.com.br\/site\/?p=42434"},"modified":"2026-04-27T19:15:34","modified_gmt":"2026-04-27T22:15:34","slug":"grand-resort-serra-negra-preserva-historia-da-selecao-brasileira-nas-copas-de-1962-e-1966","status":"publish","type":"post","link":"https:\/\/gilpimentel.com.br\/site\/grand-resort-serra-negra-preserva-historia-da-selecao-brasileira-nas-copas-de-1962-e-1966\/","title":{"rendered":"GRAND RESORT SERRA NEGRA PRESERVA HIST\u00d3RIA DA SELE\u00c7\u00c3O BRASILEIRA NAS COPAS DE 1962 E 1966"},"content":{"rendered":"<p>Hotel no interior paulista foi base da equipe bicampe\u00e3 mundial que ajudou a projetar a cidade como destino nacional.<\/p>\n<p>Em ano de Copa do Mundo, um endere\u00e7o no interior paulista resgata uma conex\u00e3o direta com dois momentos marcantes do futebol brasileiro. H\u00e1 60 anos, o Grand Resort Serra Negra abria suas portas para receber a Sele\u00e7\u00e3o Brasileira na prepara\u00e7\u00e3o final antes da Copa do Mundo de 1966, que ocorreria na Inglaterra. N\u00e3o era a primeira vez: em 1962, o mesmo hotel j\u00e1 havia servido de quartel-general para os jogadores que embarcariam rumo ao Chile e voltariam com a ta\u00e7a do bicampeonato mundial.<\/p>\n<p>Duas concentra\u00e7\u00f5es, dois momentos hist\u00f3ricos, um \u00fanico cen\u00e1rio, que \u00e9 preservado at\u00e9 hoje nas paredes, nos corredores e no memorial do hotel.<\/p>\n<p>A presen\u00e7a da equipe bicampe\u00e3 mundial em Serra Negra transformou a rotina da cidade. At\u00e9 ent\u00e3o reconhecida somente por suas \u00e1guas minerais, a est\u00e2ncia passou a atrair aten\u00e7\u00e3o internacional com a chegada de jornalistas estrangeiros que acompanhavam a prepara\u00e7\u00e3o da Sele\u00e7\u00e3o. \u201cA expans\u00e3o da cidade como um destino tur\u00edstico foi a partir da\u00ed, porque Serra Negra foi para o mundo\u201d, afirma o historiador local Nestor Leme, que acompanhou de perto as duas concentra\u00e7\u00f5es, sendo que na primeira, atuou at\u00e9 como gandula durante os treinos.<\/p>\n<p>A escolha pelo hotel n\u00e3o foi por acaso. Na \u00e9poca, n\u00e3o existia ainda um centro de treinamento pr\u00f3prio como a Granja Comary, inaugurada posteriormente em Teres\u00f3polis (RJ). As concentra\u00e7\u00f5es aconteciam em cidades com estrutura hoteleira de excel\u00eancia, clima ameno e tranquilidade. Bem instalado na Serra da Mantiqueira e fundado, o hotel reunia essas caracter\u00edsticas e, n\u00e3o \u00e0 toa, foi escolhido em duas ocasi\u00f5es. A articula\u00e7\u00e3o para levar a equipe at\u00e9 a cidade tamb\u00e9m teve participa\u00e7\u00e3o de Carlos Nascimento, dirigente da CBD, atual CBF, que possu\u00eda liga\u00e7\u00e3o com a regi\u00e3o.<\/p>\n<p>As concentra\u00e7\u00f5es da d\u00e9cada de 1960 contrastam com o modelo atual de isolamento das delega\u00e7\u00f5es. Nessa \u00e9poca, os jogadores circulavam pela cidade, interagiam com moradores e mantinham uma rotina pr\u00f3xima da popula\u00e7\u00e3o local. \u201cEles andavam pela rua, conversavam com todo mundo, entravam nos bares\u201d, relembra Leme. Entre os registros da \u00e9poca, h\u00e1 at\u00e9 imagens de Pel\u00e9 pescando em pontos tur\u00edsticos da cidade.<\/p>\n<p>Os treinos aconteciam no Est\u00e1dio Municipal da cidade, que precisou passar por uma reforma especial em 1965 para adaptar o gramado \u00e0s medidas dos campos da Copa na Inglaterra; um detalhe t\u00e9cnico que evidencia o quanto a cidade se mobilizou para receber a Sele\u00e7\u00e3o. O est\u00e1dio, inclusive, teve sua inaugura\u00e7\u00e3o marcada pela presen\u00e7a dos craques, tornando-se parte permanente da hist\u00f3ria esportiva de Serra Negra.<\/p>\n<p>Dois momentos marcantes da hist\u00f3ria<\/p>\n<p>Os contextos das duas prepara\u00e7\u00f5es foram distintos. Em 1962, a equipe embarcou com um grupo considerado coeso e voltou com o t\u00edtulo do bicampeonato mundial. J\u00e1 em 1966, a convoca\u00e7\u00e3o ampliada e influenciada por press\u00f5es pol\u00edticas resultou em um elenco numeroso, com cortes sendo realizados ao longo do per\u00edodo de treinos. A etapa final dessas defini\u00e7\u00f5es ocorreu em Serra Negra. \u201cSobrou uns 30, 32 jogadores aqui. N\u00e3o tinha como ir todo mundo\u201d, recorda o historiador.<\/p>\n<p>A mem\u00f3ria viva<\/p>\n<p>At\u00e9 os dias de hoje, o Grand Resort Serra Negra mant\u00e9m viva essa trajet\u00f3ria. Um memorial dedicado ao futebol re\u00fane registros das passagens da Sele\u00e7\u00e3o, incluindo um monumento com assinaturas em cimento de nomes como Pel\u00e9, Garrincha, Gilmar e Zagallo. Fotografias hist\u00f3ricas espalhadas pelos ambientes do hotel ajudam a reconstruir o cen\u00e1rio da \u00e9poca.<\/p>\n<p>Com a proximidade de mais uma Copa do Mundo, o hotel se posiciona como um ponto de interesse para pautas que conectam turismo, mem\u00f3ria e esporte. A hist\u00f3ria preservada em Serra Negra revela um recorte pouco explorado da prepara\u00e7\u00e3o da Sele\u00e7\u00e3o Brasileira e refor\u00e7a o papel de destinos do interior na constru\u00e7\u00e3o de cap\u00edtulos relevantes do futebol nacional.<\/p>\n<p>Sobre o Grand Resort Serra Negra<\/p>\n<p>Inaugurado em 1942 e cercado por 40 mil metros quadrados de \u00e1rea verde, o Grand Resort Serra Negra conta com mais de 100 acomoda\u00e7\u00f5es equipadas com ar-condicionado, TV a cabo, minibar, cofre, Wi-Fi e espa\u00e7o de trabalho. As op\u00e7\u00f5es incluem quartos duplos, triplos, qu\u00e1druplos e familiares.<\/p>\n<p>A infraestrutura tamb\u00e9m disp\u00f5e de dois restaurantes, bar na piscina, varanda panor\u00e2mica e estacionamento gratuito com pontos para recarga de carros el\u00e9tricos, al\u00e9m de acessibilidade em todos os ambientes.<\/p>\n<p>Para mais informa\u00e7\u00f5es e reservas, acesse: grandresortserranegra.com.br\/<\/p>\n<p>&nbsp;<\/p>\n<p>&nbsp;<\/p>\n<p>&nbsp;<\/p>\n<p>&nbsp;<\/p>\n<p>&nbsp;<\/p>\n","protected":false},"excerpt":{"rendered":"<p>Hotel no interior paulista foi base da equipe bicampe\u00e3 mundial que ajudou a projetar a cidade como destino nacional. Em ano de Copa do Mundo, &hellip; <\/p>\n","protected":false},"author":2,"featured_media":42435,"comment_status":"closed","ping_status":"closed","sticky":false,"template":"","format":"standard","meta":{"footnotes":""},"categories":[2],"tags":[],"class_list":["post-42434","post","type-post","status-publish","format-standard","has-post-thumbnail","hentry","category-noticias","latest_post"],"_links":{"self":[{"href":"https:\/\/gilpimentel.com.br\/site\/wp-json\/wp\/v2\/posts\/42434","targetHints":{"allow":["GET"]}}],"collection":[{"href":"https:\/\/gilpimentel.com.br\/site\/wp-json\/wp\/v2\/posts"}],"about":[{"href":"https:\/\/gilpimentel.com.br\/site\/wp-json\/wp\/v2\/types\/post"}],"author":[{"embeddable":true,"href":"https:\/\/gilpimentel.com.br\/site\/wp-json\/wp\/v2\/users\/2"}],"replies":[{"embeddable":true,"href":"https:\/\/gilpimentel.com.br\/site\/wp-json\/wp\/v2\/comments?post=42434"}],"version-history":[{"count":1,"href":"https:\/\/gilpimentel.com.br\/site\/wp-json\/wp\/v2\/posts\/42434\/revisions"}],"predecessor-version":[{"id":42436,"href":"https:\/\/gilpimentel.com.br\/site\/wp-json\/wp\/v2\/posts\/42434\/revisions\/42436"}],"wp:featuredmedia":[{"embeddable":true,"href":"https:\/\/gilpimentel.com.br\/site\/wp-json\/wp\/v2\/media\/42435"}],"wp:attachment":[{"href":"https:\/\/gilpimentel.com.br\/site\/wp-json\/wp\/v2\/media?parent=42434"}],"wp:term":[{"taxonomy":"category","embeddable":true,"href":"https:\/\/gilpimentel.com.br\/site\/wp-json\/wp\/v2\/categories?post=42434"},{"taxonomy":"post_tag","embeddable":true,"href":"https:\/\/gilpimentel.com.br\/site\/wp-json\/wp\/v2\/tags?post=42434"}],"curies":[{"name":"wp","href":"https:\/\/api.w.org\/{rel}","templated":true}]}}