{"id":42425,"date":"2026-04-27T00:30:51","date_gmt":"2026-04-27T03:30:51","guid":{"rendered":"https:\/\/gilpimentel.com.br\/site\/?p=42425"},"modified":"2026-04-24T20:01:42","modified_gmt":"2026-04-24T23:01:42","slug":"trofeu-cores-do-turismo-2026-homenageia-dan-rios-referencia-internacional-no-turismo-lgbtq","status":"publish","type":"post","link":"https:\/\/gilpimentel.com.br\/site\/trofeu-cores-do-turismo-2026-homenageia-dan-rios-referencia-internacional-no-turismo-lgbtq\/","title":{"rendered":"TROF\u00c9U CORES DO TURISMO 2026 HOMENAGEIA DAN RIOS, REFER\u00caNCIA INTERNACIONAL NO TURISMO LGBTQ+"},"content":{"rendered":"<p>O Festuris \u2013 Feira Internacional de Turismo de Gramado j\u00e1 tem definido um dos momentos mais simb\u00f3licos de sua 38\u00aa edi\u00e7\u00e3o. O Trof\u00e9u Cores do Turismo ser\u00e1 entregue a Dan Rios, diretor de Marketing de Turismo LGBTQ+ do Greater Miami Convention &amp; Visitors Bureau (Visit Miami), reconhecido internacionalmente por sua atua\u00e7\u00e3o na promo\u00e7\u00e3o da diversidade e inclus\u00e3o no setor.<\/p>\n<p>\u00c0 frente das estrat\u00e9gias de marketing LGBTQ+ do Visit Miami, Dan Rios lidera iniciativas que posicionam Miami e Miami Beach como alguns dos destinos mais acolhedores, diversos e inclusivos do mundo. Com forte presen\u00e7a internacional, especialmente nos mercados brasileiro e latino-americano, o executivo tem desempenhado papel fundamental no fortalecimento da imagem do destino como seguro, vibrante e aberto \u00e0 diversidade.<\/p>\n<p>Ao longo de sua trajet\u00f3ria, Dan Rios tem se dedicado \u00e0 promo\u00e7\u00e3o da diversidade, equidade e inclus\u00e3o dentro da ind\u00fastria do turismo. Sua atua\u00e7\u00e3o vai al\u00e9m do marketing tradicional, com foco na representatividade aut\u00eantica, no relacionamento com a comunidade e no desenvolvimento de experi\u00eancias de viagem que valorizam a individualidade e a diversidade cultural. Seus esfor\u00e7os contribuem diretamente para ampliar a visibilidade e o impacto do turismo LGBTQ+ em escala global.<\/p>\n<p>\u201cReconhecer o Dan Rios com o Trof\u00e9u Cores do Turismo \u00e9 reafirmar o compromisso do Festuris com um turismo mais inclusivo, diverso e representativo. A trajet\u00f3ria dele inspira destinos e toda a cadeia do turismo a evoluir com mais respeito e autenticidade. \u00c9 uma honra destacar profissionais que fazem a diferen\u00e7a em escala global e contribuem para um setor mais humano e acolhedor\u201d, observa Marta Rossi, CEO do Festuris.<\/p>\n<p>O Festuris acontece de 12 a 15 de novembro, em Gramado, reunindo profissionais e destinos tur\u00edsticos do Brasil e do exterior. E neste ano o tema do evento \u00e9 \u201cRela\u00e7\u00f5es reais que constr\u00f3em o futuro\u201d.<\/p>\n<p>Sobre o Trof\u00e9u Cores do Turismo<\/p>\n<p>Criado pelo Festuris, o Trof\u00e9u Cores do Turismo reconhece personalidades que se destacam na promo\u00e7\u00e3o do turismo LGBTQ+, valorizando a\u00e7\u00f5es que incentivam a inclus\u00e3o, o respeito e a diversidade no setor. A premia\u00e7\u00e3o tornou-se uma das mais importantes do segmento no Brasil, evidenciando boas pr\u00e1ticas e inspirando o desenvolvimento de um turismo mais plural e acolhedor.<\/p>\n<p>Ao longo dos anos, o trof\u00e9u j\u00e1 homenageou nomes que s\u00e3o refer\u00eancia na constru\u00e7\u00e3o de um turismo mais inclusivo: Cl\u00f3vis Casemiro (2021), Alex Bernardes (2022), Saulo Santos (2023), Maria do C\u00e9u (2024) e Antonietta Varlese (2025).<\/p>\n<p>&nbsp;<\/p>\n<p>&nbsp;<\/p>\n<p>&nbsp;<\/p>\n<p>&nbsp;<\/p>\n","protected":false},"excerpt":{"rendered":"<p>O Festuris \u2013 Feira Internacional de Turismo de Gramado j\u00e1 tem definido um dos momentos mais simb\u00f3licos de sua 38\u00aa edi\u00e7\u00e3o. O Trof\u00e9u Cores do &hellip; <\/p>\n","protected":false},"author":2,"featured_media":42428,"comment_status":"closed","ping_status":"closed","sticky":false,"template":"","format":"standard","meta":{"footnotes":""},"categories":[2],"tags":[],"class_list":["post-42425","post","type-post","status-publish","format-standard","has-post-thumbnail","hentry","category-noticias","latest_post"],"_links":{"self":[{"href":"https:\/\/gilpimentel.com.br\/site\/wp-json\/wp\/v2\/posts\/42425","targetHints":{"allow":["GET"]}}],"collection":[{"href":"https:\/\/gilpimentel.com.br\/site\/wp-json\/wp\/v2\/posts"}],"about":[{"href":"https:\/\/gilpimentel.com.br\/site\/wp-json\/wp\/v2\/types\/post"}],"author":[{"embeddable":true,"href":"https:\/\/gilpimentel.com.br\/site\/wp-json\/wp\/v2\/users\/2"}],"replies":[{"embeddable":true,"href":"https:\/\/gilpimentel.com.br\/site\/wp-json\/wp\/v2\/comments?post=42425"}],"version-history":[{"count":1,"href":"https:\/\/gilpimentel.com.br\/site\/wp-json\/wp\/v2\/posts\/42425\/revisions"}],"predecessor-version":[{"id":42427,"href":"https:\/\/gilpimentel.com.br\/site\/wp-json\/wp\/v2\/posts\/42425\/revisions\/42427"}],"wp:featuredmedia":[{"embeddable":true,"href":"https:\/\/gilpimentel.com.br\/site\/wp-json\/wp\/v2\/media\/42428"}],"wp:attachment":[{"href":"https:\/\/gilpimentel.com.br\/site\/wp-json\/wp\/v2\/media?parent=42425"}],"wp:term":[{"taxonomy":"category","embeddable":true,"href":"https:\/\/gilpimentel.com.br\/site\/wp-json\/wp\/v2\/categories?post=42425"},{"taxonomy":"post_tag","embeddable":true,"href":"https:\/\/gilpimentel.com.br\/site\/wp-json\/wp\/v2\/tags?post=42425"}],"curies":[{"name":"wp","href":"https:\/\/api.w.org\/{rel}","templated":true}]}}