{"id":42387,"date":"2026-04-24T02:00:41","date_gmt":"2026-04-24T05:00:41","guid":{"rendered":"https:\/\/gilpimentel.com.br\/site\/?p=42387"},"modified":"2026-04-24T17:53:57","modified_gmt":"2026-04-24T20:53:57","slug":"explore-novos-destinos-no-feriado-de-corpus-christi","status":"publish","type":"post","link":"https:\/\/gilpimentel.com.br\/site\/explore-novos-destinos-no-feriado-de-corpus-christi\/","title":{"rendered":"EXPLORE NOVOS DESTINOS NO FERIADO DE CORPUS CHRISTI"},"content":{"rendered":"<p>Operadora Abreu indica roteiros sob medida para transformar a folga em uma viagem inesquec\u00edvel<\/p>\n<p>Com a possibilidade de emendar dias de descanso, o feriado de Corpus Christi, em 4 de junho (quinta-feira), \u00e9 a oportunidade ideal para uma pausa estrat\u00e9gica na rotina e um convite irresist\u00edvel para viajar, seja para relaxar, explorar novos cen\u00e1rios ou viver experi\u00eancias culturais marcantes.<\/p>\n<p>Pensando em diferentes perfis de viajantes, dos que buscam tranquilidade aos que preferem roteiros mais din\u00e2micos, a Abreu preparou uma sele\u00e7\u00e3o especial de viagens com destinos variados, dentro e fora do Brasil. S\u00e3o op\u00e7\u00f5es que combinam praticidade, conforto e experi\u00eancias \u00fanicas para aproveitar ao m\u00e1ximo cada momento do feriado prolongado.<\/p>\n<p>Devido \u00e0 alta procura por viagens durante essas datas, a recomenda\u00e7\u00e3o da Abreu \u00e9 garantir as reservas o quanto antes. Assim, \u00e9 poss\u00edvel assegurar os melhores pre\u00e7os e condi\u00e7\u00f5es. Confira.<\/p>\n<p>Destino: Extraordin\u00e1rio Leste Canadense<\/p>\n<p>Data da viagem: 31 de maio a 8 de junho de 2026<\/p>\n<p>Inclui: 8 noites com caf\u00e9 da manh\u00e3 visitando Montreal, Quebec, Mont-Tremblant, Ottawa, Toronto e Cataratas do Ni\u00e1gara + traslados + transporte em \u00f4nibus + ingresso para o barco Voyage to the Falls nas Cataratas do Ni\u00e1gara + ingresso ao cruzeiro pelas Mil Ilhas + visitas e entradas conforme itiner\u00e1rio com guia em espanhol<\/p>\n<p>Valor: por pessoa R$ 15.756 ou entrada de R$ 3.151 + 5x de R$ 2.521<\/p>\n<p>* Valor por pessoa em apto duplo. Somente terrestre. IOF n\u00e3o inclu\u00eddo.<\/p>\n<p>Destino: It\u00e1lia Monumental<\/p>\n<p>Data da viagem: 1 a 10 de junho de 2026<\/p>\n<p>Inclui: 9 noites com caf\u00e9 da manh\u00e3 visitando Veneza, Floren\u00e7a, Pisa, Siena, Assis, Roma, Vaticano, N\u00e1poles, Capri, Costa Amalfitana e Pompeia + traslados + circuito em \u00f4nibus de turismo + visitas e entradas conforme itiner\u00e1rio com guia Abreu portugu\u00eas<\/p>\n<p>Valor: por pessoa R$ 22.845 ou entrada de R$ 4.569 + 5x de R$ 3.655<\/p>\n<p>* Valor por pessoa em apto duplo. Somente terrestre. IOF inclu\u00eddo.<\/p>\n<p>Destino: Punta Cana<\/p>\n<p>Data da viagem: 4 a 11 de junho de 2026<\/p>\n<p>Inclui: passagem a\u00e9rea de ida e volta voando Copa Airlines em classe econ\u00f4mica saindo de S\u00e3o Paulo (taxas de embarque e 1 bagagem despachada de at\u00e9 23 kg inclu\u00eddas) + 6 noites no RIU Bambu (apto standard) com all inclusive + traslados<\/p>\n<p>Valor: por pessoa R$ 10.555 ou entrada de R$ 2.111 + 9x de R$ 938<\/p>\n<p>* Valor por pessoa em apto duplo. IOF inclu\u00eddo.<\/p>\n<p>Destino: Bariloche Cl\u00e1ssico<\/p>\n<p>Data da viagem: junho de 2026<\/p>\n<p>Inclui: 5 noites em Bariloche com caf\u00e9 da manh\u00e3 + traslados + circuito Chico e Cerro campan\u00e1rio<\/p>\n<p>Valor: por pessoa R$ 2.559 ou entrada de R$ 509 + 5x de R$ 410<\/p>\n<p>* Valor por pessoa em apto duplo. Somente terrestre. IOF inclu\u00eddo.<\/p>\n<p>Destino: Costa do Sau\u00edpe<\/p>\n<p>Data da viagem: 4 a 7 de junho de 2026<\/p>\n<p>Inclui: bloqueio a\u00e9reo de ida e volta voando Gol saindo do Rio de Janeiro + 3 noites no Mar Premium (apto superior) com all inclusive<\/p>\n<p>Valor: pre\u00e7o por pessoa R$ 4.556 ou entrada de R$ 911 + 9x de R$ 405<\/p>\n<p>* Valor por pessoa em apto duplo. Taxas de embarque inclu\u00eddas.<\/p>\n<p>Destino: Porto de Galinhas<\/p>\n<p>Data da viagem: 5 a 10 de junho de 2026<\/p>\n<p>Inclui: Bloqueio a\u00e9reo de ida e volta voando Gol saindo de S\u00e3o Paulo + 5 noites no Porto Alto Resort (apto smart vista externa) com caf\u00e9 da manh\u00e3<\/p>\n<p>Valor: por pessoa R$ 3.220 ou entrada de R$ 646 + 9x de R$ 286<\/p>\n<p>* Valor por pessoa em apto duplo. Taxas de embarque inclu\u00eddas.<\/p>\n<p>*C\u00e2mbio calculado em 24\/03\/2026: 1 USD = R$ 5,41, 1 EUR = R$6,29 e CAD = R$ 3,94. Sujeito a altera\u00e7\u00f5es sem aviso pr\u00e9vio.<\/p>\n<p>*N\u00e3o inclui o Imposto sobre Opera\u00e7\u00f5es Financeiras (IOF), que ser\u00e1 informado no momento do fechamento da viagem.<\/p>\n<p>Sobre a Abreu<\/p>\n<p>Com 185 anos de hist\u00f3ria, a Abreu \u00e9 uma das operadoras de turismo mais tradicionais e respeitadas do mundo, reconhecida por criar experi\u00eancias inesquec\u00edveis nos melhores destinos nacionais e internacionais.<\/p>\n<p>Seja qual for o perfil do viajante ou o or\u00e7amento dispon\u00edvel, a Abreu oferece uma ampla variedade de pacotes de viagens que atendem a todas as prefer\u00eancias \u2013 de op\u00e7\u00f5es econ\u00f4micas a experi\u00eancias de luxo. Seu portf\u00f3lio inclui cruzeiros, viagens rom\u00e2nticas, f\u00e9rias em fam\u00edlia, aventuras em destinos ex\u00f3ticos, esqui, praias paradis\u00edacas e muito mais. Com destinos no Brasil, Europa, Am\u00e9rica Latina, Estados Unidos, Oceania e outros lugares fascinantes, a Abreu est\u00e1 sempre pronta para levar voc\u00ea a descobrir o mundo.<\/p>\n<p>Reconhecida internacionalmente por sua excel\u00eancia, a Abreu \u00e9 premiada por seu alto padr\u00e3o de servi\u00e7os e por trabalhar com os melhores agentes de viagens e profissionais do setor. Cada detalhe \u00e9 pensado para garantir experi\u00eancias \u00fanicas e memor\u00e1veis.<\/p>\n<p>Saiba mais e planeje sua pr\u00f3xima viagem em: www.abreutur.com.br<\/p>\n<p>&nbsp;<\/p>\n<p>&nbsp;<\/p>\n<p>&nbsp;<\/p>\n<p>&nbsp;<\/p>\n","protected":false},"excerpt":{"rendered":"<p>Operadora Abreu indica roteiros sob medida para transformar a folga em uma viagem inesquec\u00edvel Com a possibilidade de emendar dias de descanso, o feriado de &hellip; <\/p>\n","protected":false},"author":2,"featured_media":42388,"comment_status":"closed","ping_status":"closed","sticky":false,"template":"","format":"standard","meta":{"footnotes":""},"categories":[2],"tags":[],"class_list":["post-42387","post","type-post","status-publish","format-standard","has-post-thumbnail","hentry","category-noticias","latest_post"],"_links":{"self":[{"href":"https:\/\/gilpimentel.com.br\/site\/wp-json\/wp\/v2\/posts\/42387","targetHints":{"allow":["GET"]}}],"collection":[{"href":"https:\/\/gilpimentel.com.br\/site\/wp-json\/wp\/v2\/posts"}],"about":[{"href":"https:\/\/gilpimentel.com.br\/site\/wp-json\/wp\/v2\/types\/post"}],"author":[{"embeddable":true,"href":"https:\/\/gilpimentel.com.br\/site\/wp-json\/wp\/v2\/users\/2"}],"replies":[{"embeddable":true,"href":"https:\/\/gilpimentel.com.br\/site\/wp-json\/wp\/v2\/comments?post=42387"}],"version-history":[{"count":1,"href":"https:\/\/gilpimentel.com.br\/site\/wp-json\/wp\/v2\/posts\/42387\/revisions"}],"predecessor-version":[{"id":42389,"href":"https:\/\/gilpimentel.com.br\/site\/wp-json\/wp\/v2\/posts\/42387\/revisions\/42389"}],"wp:featuredmedia":[{"embeddable":true,"href":"https:\/\/gilpimentel.com.br\/site\/wp-json\/wp\/v2\/media\/42388"}],"wp:attachment":[{"href":"https:\/\/gilpimentel.com.br\/site\/wp-json\/wp\/v2\/media?parent=42387"}],"wp:term":[{"taxonomy":"category","embeddable":true,"href":"https:\/\/gilpimentel.com.br\/site\/wp-json\/wp\/v2\/categories?post=42387"},{"taxonomy":"post_tag","embeddable":true,"href":"https:\/\/gilpimentel.com.br\/site\/wp-json\/wp\/v2\/tags?post=42387"}],"curies":[{"name":"wp","href":"https:\/\/api.w.org\/{rel}","templated":true}]}}