{"id":40475,"date":"2026-03-17T00:05:08","date_gmt":"2026-03-17T03:05:08","guid":{"rendered":"https:\/\/gilpimentel.com.br\/site\/?p=40475"},"modified":"2026-03-16T19:39:42","modified_gmt":"2026-03-16T22:39:42","slug":"hotel-ritta-hoppner-recebe-conferencia-medical-san-e-reforca-protagonismo-de-gramado-no-turismo-de-negocios","status":"publish","type":"post","link":"https:\/\/gilpimentel.com.br\/site\/hotel-ritta-hoppner-recebe-conferencia-medical-san-e-reforca-protagonismo-de-gramado-no-turismo-de-negocios\/","title":{"rendered":"HOTEL RITTA H\u00d6PPNER RECEBE CONFER\u00caNCIA MEDICAL SAN E REFOR\u00c7A PROTAGONISMO DE GRAMADO NO TURISMO DE NEG\u00d3CIOS"},"content":{"rendered":"<p style=\"text-align: left;\">O Hotel Ritta H\u00f6ppner, em Gramado, foi palco de dois importantes encontros voltados ao empreendedorismo e ao mercado da est\u00e9tica entre os dias 13 e 15 de mar\u00e7o. A programa\u00e7\u00e3o reuniu empres\u00e1rios, profissionais e especialistas de diferentes regi\u00f5es do pa\u00eds em momentos de networking, troca de conhecimento e desenvolvimento de neg\u00f3cios.<\/p>\n<p style=\"text-align: left;\">No dia 13 de mar\u00e7o, o hotel recebeu um evento promovido pela Medical San, empresa brasileira refer\u00eancia no desenvolvimento de tecnologias e equipamentos para a \u00e1rea da sa\u00fade est\u00e9tica. O encontro reuniu convidados e profissionais do setor em uma programa\u00e7\u00e3o dedicada \u00e0 integra\u00e7\u00e3o e ao compartilhamento de experi\u00eancias dentro do segmento.<\/p>\n<p style=\"text-align: left;\">J\u00e1 nos dias 14 e 15 de mar\u00e7o, o Hotel Ritta H\u00f6ppner sediou o 1\u00b0 encontro presencial do Pot\u00eancia Club, iniciativa voltada ao desenvolvimento empresarial e \u00e0 forma\u00e7\u00e3o de lideran\u00e7as no mercado da est\u00e9tica. O evento reuniu empres\u00e1rios e profissionais da \u00e1rea em uma agenda focada em gest\u00e3o, posicionamento de mercado e estrat\u00e9gias de crescimento profissional.<\/p>\n<p style=\"text-align: left;\">Entre os destaques da programa\u00e7\u00e3o esteve a participa\u00e7\u00e3o do empres\u00e1rio, autor e especialista em alta performance Joel Jota, que conduziu uma palestra seguida de um painel de conversa com os participantes, abordando temas ligados \u00e0 mentalidade empreendedora, lideran\u00e7a e expans\u00e3o de neg\u00f3cios.<\/p>\n<p style=\"text-align: left;\">Al\u00e9m das atividades de conte\u00fado, os encontros tamb\u00e9m proporcionaram momentos de integra\u00e7\u00e3o entre os participantes. O almo\u00e7o foi servido no Restaurante H\u00f6ppner, localizado no hotel, e um coquetel especial acompanhado de DJ marcou um dos momentos de confraterniza\u00e7\u00e3o do evento, criando um ambiente prop\u00edcio para networking e novas conex\u00f5es profissionais.<\/p>\n<p style=\"text-align: left;\">A realiza\u00e7\u00e3o dos encontros refor\u00e7a o posicionamento do Hotel Ritta H\u00f6ppner como um dos espa\u00e7os mais tradicionais da Serra Ga\u00facha para eventos corporativos e sociais. Com estrutura preparada para conven\u00e7\u00f5es, treinamentos e reuni\u00f5es empresariais, o hotel alia ambientes elegantes, hospitalidade e experi\u00eancias gastron\u00f4micas \u00e0 realiza\u00e7\u00e3o de encontros estrat\u00e9gicos.<\/p>\n<p style=\"text-align: left;\">Fundado em 1958, o Hotel Ritta H\u00f6ppner mant\u00e9m como marca registrada a hospitalidade refinada e a aten\u00e7\u00e3o aos detalhes, caracter\u00edsticas que contribuem para a realiza\u00e7\u00e3o de eventos que combinam conte\u00fado, relacionamento e experi\u00eancias memor\u00e1veis.<\/p>\n<p style=\"text-align: left;\">A realiza\u00e7\u00e3o de eventos como este tamb\u00e9m evidencia o crescimento de Gramado como destino estrat\u00e9gico para o turismo de neg\u00f3cios, atraindo empresas e profissionais de diferentes regi\u00f5es do Brasil e consolidando a cidade como um importante polo de eventos no pa\u00eds.<\/p>\n<p>&nbsp;<\/p>\n<p style=\"text-align: left;\">\n","protected":false},"excerpt":{"rendered":"<p>O Hotel Ritta H\u00f6ppner, em Gramado, foi palco de dois importantes encontros voltados ao empreendedorismo e ao mercado da est\u00e9tica entre os dias 13 e &hellip; <\/p>\n","protected":false},"author":2,"featured_media":40476,"comment_status":"closed","ping_status":"closed","sticky":false,"template":"","format":"standard","meta":{"footnotes":""},"categories":[2],"tags":[],"class_list":["post-40475","post","type-post","status-publish","format-standard","has-post-thumbnail","hentry","category-noticias","latest_post"],"_links":{"self":[{"href":"https:\/\/gilpimentel.com.br\/site\/wp-json\/wp\/v2\/posts\/40475","targetHints":{"allow":["GET"]}}],"collection":[{"href":"https:\/\/gilpimentel.com.br\/site\/wp-json\/wp\/v2\/posts"}],"about":[{"href":"https:\/\/gilpimentel.com.br\/site\/wp-json\/wp\/v2\/types\/post"}],"author":[{"embeddable":true,"href":"https:\/\/gilpimentel.com.br\/site\/wp-json\/wp\/v2\/users\/2"}],"replies":[{"embeddable":true,"href":"https:\/\/gilpimentel.com.br\/site\/wp-json\/wp\/v2\/comments?post=40475"}],"version-history":[{"count":2,"href":"https:\/\/gilpimentel.com.br\/site\/wp-json\/wp\/v2\/posts\/40475\/revisions"}],"predecessor-version":[{"id":40489,"href":"https:\/\/gilpimentel.com.br\/site\/wp-json\/wp\/v2\/posts\/40475\/revisions\/40489"}],"wp:featuredmedia":[{"embeddable":true,"href":"https:\/\/gilpimentel.com.br\/site\/wp-json\/wp\/v2\/media\/40476"}],"wp:attachment":[{"href":"https:\/\/gilpimentel.com.br\/site\/wp-json\/wp\/v2\/media?parent=40475"}],"wp:term":[{"taxonomy":"category","embeddable":true,"href":"https:\/\/gilpimentel.com.br\/site\/wp-json\/wp\/v2\/categories?post=40475"},{"taxonomy":"post_tag","embeddable":true,"href":"https:\/\/gilpimentel.com.br\/site\/wp-json\/wp\/v2\/tags?post=40475"}],"curies":[{"name":"wp","href":"https:\/\/api.w.org\/{rel}","templated":true}]}}