{"id":40432,"date":"2026-03-16T03:39:29","date_gmt":"2026-03-16T06:39:29","guid":{"rendered":"https:\/\/gilpimentel.com.br\/site\/?p=40432"},"modified":"2026-03-16T19:14:38","modified_gmt":"2026-03-16T22:14:38","slug":"criadora-da-balone-tais-scherer-apresenta-a-festa-da-tais-no-encouracado-butikin","status":"publish","type":"post","link":"https:\/\/gilpimentel.com.br\/site\/criadora-da-balone-tais-scherer-apresenta-a-festa-da-tais-no-encouracado-butikin\/","title":{"rendered":"CRIADORA DA BALON\u00ca, TA\u00cdS SCHERER APRESENTA A FESTA DA TA\u00cdS NO ENCOURA\u00c7ADO BUTIKIN"},"content":{"rendered":"<p><!--more--><!--more--><!--more-->Porto Alegre ganha, no dia 21 de mar\u00e7o, mais uma noite dedicada \u00e0 pista de dan\u00e7a com a estreia da Festa da Ta\u00eds, evento comandado pela DJ e produtora Ta\u00eds Scherer, nome conhecido da cena noturna da cidade e criadora da cl\u00e1ssica festa Balon\u00ea. A celebra\u00e7\u00e3o acontece das 19h \u00e0 meia-noite, no Encoura\u00e7ado Butikin (Av. Independ\u00eancia, 936), reunindo m\u00fasica pop dan\u00e7ante, hits de diferentes \u00e9pocas, para um p\u00fablico disposto a aproveitar a pista sem r\u00f3tulos musicais.<\/p>\n<p>A proposta da festa \u00e9 direta: celebrar a pista de dan\u00e7a com liberdade musical. No set, Ta\u00eds mistura estilos, d\u00e9cadas e refer\u00eancias diversas \u2014 sempre com foco em m\u00fasicas que fazem cantar junto e manter a pista em movimento. \u201cA ideia \u00e9 tocar m\u00fasica boa para dan\u00e7ar, sem preconceito de estilos, ritmos ou d\u00e9cadas\u201d, resume.<\/p>\n<p>A trajet\u00f3ria de Ta\u00eds Scherer acompanha a hist\u00f3ria da noite porto-alegrense. Ela iniciou sua carreira produzindo festas em 1997, no bar Garagem Herm\u00e9tica. Em 2001 criou a Balon\u00ea, que se tornou uma das festas mais tradicionais da cidade. Dois anos depois, assumiu as pick ups em uma situa\u00e7\u00e3o inesperada \u2014 quando um dos DJs da festa n\u00e3o apareceu \u2014 e desde ent\u00e3o segue atuando tanto na produ\u00e7\u00e3o quanto nas pistas.<\/p>\n<p>A ideia da Festa da Ta\u00eds nasceu durante a pandemia, quando as edi\u00e7\u00f5es virtuais da Balon\u00ea estavam acontecendo. Segundo a DJ, o projeto surgiu da vontade de explorar um repert\u00f3rio mais amplo. \u201cGosto de muitos estilos diferentes de m\u00fasica e na Balon\u00ea existe um conceito musical mais espec\u00edfico, focado nas d\u00e9cadas de 80 e 90. Essa nova festa surgiu como um espa\u00e7o para tocar de tudo um pouco.\u201d<\/p>\n<p>O clima do evento aposta em leveza, celebra\u00e7\u00e3o e conex\u00e3o atrav\u00e9s da m\u00fasica. \u201cEspero que as pessoas saiam extasiadas de alegria e boas energias \u2014 suadas e cansadas de tanto dan\u00e7ar\u201d, afirma Ta\u00eds.<\/p>\n<p>SERVI\u00c7O &#8211; FESTA DA TA\u00cdS<\/p>\n<p>Data: 21 de mar\u00e7o de 2026, das 19h \u00e0s 0h<\/p>\n<p>Local: Encoura\u00e7ado Butikin \u2013 Av. Independ\u00eancia, 936 \u2013 Porto Alegre<\/p>\n<p>Classifica\u00e7\u00e3o: 18 anos<\/p>\n<p>Ingressos antecipados: R$ 80<\/p>\n<p>Vendas: www.balone.com.br<\/p>\n<p>Reservas de mesa e anivers\u00e1rios: festadatais@gmail.com<\/p>\n<p>Mais informa\u00e7\u00f5es: @festadatais<\/p>\n<p><!--more--><\/p>\n<p>&nbsp;<\/p>\n<p>&nbsp;<\/p>\n","protected":false},"excerpt":{"rendered":"","protected":false},"author":2,"featured_media":40433,"comment_status":"closed","ping_status":"closed","sticky":false,"template":"","format":"standard","meta":{"footnotes":""},"categories":[2],"tags":[],"class_list":["post-40432","post","type-post","status-publish","format-standard","has-post-thumbnail","hentry","category-noticias","latest_post"],"_links":{"self":[{"href":"https:\/\/gilpimentel.com.br\/site\/wp-json\/wp\/v2\/posts\/40432","targetHints":{"allow":["GET"]}}],"collection":[{"href":"https:\/\/gilpimentel.com.br\/site\/wp-json\/wp\/v2\/posts"}],"about":[{"href":"https:\/\/gilpimentel.com.br\/site\/wp-json\/wp\/v2\/types\/post"}],"author":[{"embeddable":true,"href":"https:\/\/gilpimentel.com.br\/site\/wp-json\/wp\/v2\/users\/2"}],"replies":[{"embeddable":true,"href":"https:\/\/gilpimentel.com.br\/site\/wp-json\/wp\/v2\/comments?post=40432"}],"version-history":[{"count":1,"href":"https:\/\/gilpimentel.com.br\/site\/wp-json\/wp\/v2\/posts\/40432\/revisions"}],"predecessor-version":[{"id":40434,"href":"https:\/\/gilpimentel.com.br\/site\/wp-json\/wp\/v2\/posts\/40432\/revisions\/40434"}],"wp:featuredmedia":[{"embeddable":true,"href":"https:\/\/gilpimentel.com.br\/site\/wp-json\/wp\/v2\/media\/40433"}],"wp:attachment":[{"href":"https:\/\/gilpimentel.com.br\/site\/wp-json\/wp\/v2\/media?parent=40432"}],"wp:term":[{"taxonomy":"category","embeddable":true,"href":"https:\/\/gilpimentel.com.br\/site\/wp-json\/wp\/v2\/categories?post=40432"},{"taxonomy":"post_tag","embeddable":true,"href":"https:\/\/gilpimentel.com.br\/site\/wp-json\/wp\/v2\/tags?post=40432"}],"curies":[{"name":"wp","href":"https:\/\/api.w.org\/{rel}","templated":true}]}}