{"id":40413,"date":"2026-03-16T00:05:15","date_gmt":"2026-03-16T03:05:15","guid":{"rendered":"https:\/\/gilpimentel.com.br\/site\/?p=40413"},"modified":"2026-03-13T17:29:04","modified_gmt":"2026-03-13T20:29:04","slug":"vera-loca-sera-primeira-atracao-de-talk-show-sobre-historias-da-musica-na-biblioteca-parque","status":"publish","type":"post","link":"https:\/\/gilpimentel.com.br\/site\/vera-loca-sera-primeira-atracao-de-talk-show-sobre-historias-da-musica-na-biblioteca-parque\/","title":{"rendered":"VERA LOCA SER\u00c1 PRIMEIRA ATRA\u00c7\u00c3O DE TALK SHOW SOBRE HIST\u00d3RIAS DA M\u00daSICA, NA BIBLIOTECA PARQUE"},"content":{"rendered":"<p>Programa Som da Prosa, da Funda\u00e7\u00e3o Marcopolo, ter\u00e1 grava\u00e7\u00e3o dia 25 de mar\u00e7o; ingressos s\u00e3o limitados<\/p>\n<p>&nbsp;<\/p>\n<p>Uma das bandas mais queridas do rock ga\u00facho, a Vera Loca ser\u00e1 a primeira atra\u00e7\u00e3o do talk show Som da Prosa, novidade da Funda\u00e7\u00e3o Marcopolo para 2026. O projeto vai realizar uma s\u00e9rie de bate-papos com bandas e artistas, em estilo programa de entrevistas com m\u00fasicas em formato ac\u00fastico, tendo como cen\u00e1rio os livros da Biblioteca Parque Funda\u00e7\u00e3o Marcopolo, em Caxias do Sul.<\/p>\n<p>&nbsp;<\/p>\n<p>O objetivo \u00e9 incluir a cidade no mapa da m\u00fasica, aproximando m\u00fasicos e compositores \u00e0s pessoas que amam m\u00fasica. Os epis\u00f3dios ter\u00e3o media\u00e7\u00e3o de Beto Scopel, instrumentista, produtor cultural e vencedor do Pr\u00eamio da M\u00fasica Brasileira em 2013. Os conte\u00fados ficar\u00e3o dispon\u00edveis no canal da Funda\u00e7\u00e3o Marcopolo no YouTube.<\/p>\n<p>&nbsp;<\/p>\n<p>A grava\u00e7\u00e3o do bate-papo com a banda Vera Loca ser\u00e1 no dia 25 de mar\u00e7o, uma quarta-feira, \u00e0s 19h30. Ser\u00e3o disponibilizados apenas 50 ingressos, diretamente na Biblioteca Parque Funda\u00e7\u00e3o Marcopolo, mediante a doa\u00e7\u00e3o de 5 livros em bom estado, destinados \u00e0 amplia\u00e7\u00e3o do acervo. Os outros nomes j\u00e1 confirmados para a temporada s\u00e3o a cantora Shana M\u00fcller, a dupla Kleiton &amp; Kledir e o nativista Luiz Marenco.<\/p>\n<p>&nbsp;<\/p>\n<p>\u201cCaxias do Sul sempre foi uma cidade antenada, quando falamos de m\u00fasica. Desde Os Bertussi at\u00e9 quando a Yangos foi finalista do Grammy Latino, fomos historicamente relevantes na cena musical brasileira. Somos uma antena que capta e tamb\u00e9m transmite m\u00fasica. Qualquer cidade que deseja ser criativa e inovadora precisa de uma trilha sonora\u201d, argumenta Luciano Balen, gerente da Funda\u00e7\u00e3o Marcopolo.<\/p>\n<p>&nbsp;<\/p>\n<p>Os interessados tamb\u00e9m podem concorrer a ingressos gratuitos para a primeira edi\u00e7\u00e3o do programa Som da Prosa. Para participar, basta gravar um v\u00eddeo contando por que ama m\u00fasica e publicar no feed pessoal do Instagram, em colabora\u00e7\u00e3o com @fundacao_marcopolo e @fundacao_biblioteca. Os autores dos 10 v\u00eddeos com mais curtidas at\u00e9 a data da grava\u00e7\u00e3o ganham entrada gratuita.<\/p>\n<p>&nbsp;<\/p>\n<p>Servi\u00e7o<\/p>\n<p>&nbsp;<\/p>\n<p>:: O que: grava\u00e7\u00e3o do talk show Som da Prosa, da Funda\u00e7\u00e3o Marcopolo, com a banda Vera Loca.<\/p>\n<p>:: Quando: dia 25 de mar\u00e7o, \u00e0s 19h30.<\/p>\n<p>:: Onde: na Biblioteca Parque da Funda\u00e7\u00e3o Marcopolo (entradas pela Rua Pinheiro Machado, 410, e pela Avenida J\u00falio de Castilhos, 445, bairro Nossa Senhora de Lourdes), em Caxias do Sul.<\/p>\n<p>:: Quanto: ingressos podem ser retirados na Biblioteca Parque com a doa\u00e7\u00e3o de 5 livros em bom estado.<\/p>\n<p>&nbsp;<\/p>\n<p>Sobre a BBPQ<\/p>\n<p>&nbsp;<\/p>\n<p>A Biblioteca Parque da Funda\u00e7\u00e3o Marcopolo \u00e9 um espa\u00e7o aberto \u00e0 comunidade, criado para integrar cultura, educa\u00e7\u00e3o e esporte em um mesmo lugar. Mais do que um acervo de livros, \u00e9 um ponto de conviv\u00eancia para todas as idades, onde fam\u00edlias, jovens e crian\u00e7as aprendem, se expressam e compartilham experi\u00eancias. Seu prop\u00f3sito \u00e9 unir gera\u00e7\u00f5es, ampliar horizontes e promover inclus\u00e3o, sendo um verdadeiro centro de encontro e inspira\u00e7\u00e3o para a cidade. Ao fortalecer v\u00ednculos e criar oportunidades, a Biblioteca Parque faz de Caxias do Sul uma cidade mais inovadora, com uma comunidade engajada e preparada para o futuro.<\/p>\n","protected":false},"excerpt":{"rendered":"<p>Programa Som da Prosa, da Funda\u00e7\u00e3o Marcopolo, ter\u00e1 grava\u00e7\u00e3o dia 25 de mar\u00e7o; ingressos s\u00e3o limitados &nbsp; Uma das bandas mais queridas do rock ga\u00facho, &hellip; <\/p>\n","protected":false},"author":2,"featured_media":40414,"comment_status":"closed","ping_status":"closed","sticky":false,"template":"","format":"standard","meta":{"footnotes":""},"categories":[2],"tags":[],"class_list":["post-40413","post","type-post","status-publish","format-standard","has-post-thumbnail","hentry","category-noticias","latest_post"],"_links":{"self":[{"href":"https:\/\/gilpimentel.com.br\/site\/wp-json\/wp\/v2\/posts\/40413","targetHints":{"allow":["GET"]}}],"collection":[{"href":"https:\/\/gilpimentel.com.br\/site\/wp-json\/wp\/v2\/posts"}],"about":[{"href":"https:\/\/gilpimentel.com.br\/site\/wp-json\/wp\/v2\/types\/post"}],"author":[{"embeddable":true,"href":"https:\/\/gilpimentel.com.br\/site\/wp-json\/wp\/v2\/users\/2"}],"replies":[{"embeddable":true,"href":"https:\/\/gilpimentel.com.br\/site\/wp-json\/wp\/v2\/comments?post=40413"}],"version-history":[{"count":1,"href":"https:\/\/gilpimentel.com.br\/site\/wp-json\/wp\/v2\/posts\/40413\/revisions"}],"predecessor-version":[{"id":40415,"href":"https:\/\/gilpimentel.com.br\/site\/wp-json\/wp\/v2\/posts\/40413\/revisions\/40415"}],"wp:featuredmedia":[{"embeddable":true,"href":"https:\/\/gilpimentel.com.br\/site\/wp-json\/wp\/v2\/media\/40414"}],"wp:attachment":[{"href":"https:\/\/gilpimentel.com.br\/site\/wp-json\/wp\/v2\/media?parent=40413"}],"wp:term":[{"taxonomy":"category","embeddable":true,"href":"https:\/\/gilpimentel.com.br\/site\/wp-json\/wp\/v2\/categories?post=40413"},{"taxonomy":"post_tag","embeddable":true,"href":"https:\/\/gilpimentel.com.br\/site\/wp-json\/wp\/v2\/tags?post=40413"}],"curies":[{"name":"wp","href":"https:\/\/api.w.org\/{rel}","templated":true}]}}