{"id":40410,"date":"2026-03-13T14:23:17","date_gmt":"2026-03-13T17:23:17","guid":{"rendered":"https:\/\/gilpimentel.com.br\/site\/?p=40410"},"modified":"2026-03-13T17:24:01","modified_gmt":"2026-03-13T20:24:01","slug":"teteu-severo-faz-unica-apresentacao-no-teatro-ciee-rs-banrisul","status":"publish","type":"post","link":"https:\/\/gilpimentel.com.br\/site\/teteu-severo-faz-unica-apresentacao-no-teatro-ciee-rs-banrisul\/","title":{"rendered":"TETEU SEVERO FAZ \u00daNICA APRESENTA\u00c7\u00c3O NO TEATRO CIEE-RS BANRISUL"},"content":{"rendered":"<p>O Porto Ver\u00e3o Alegre 2026 chegou ao fim. Mas para celebrar a despedida do ver\u00e3o e dar um gostinho do que foi a 27\u00aa edi\u00e7\u00e3o, o Porto Ver\u00e3o Alegre, em parceria com o Banrisul Seguros, oferece ao p\u00fablico duas sess\u00f5es, no dia 18 de mar\u00e7o, \u00e0s 18h e \u00e0s 20h, do espet\u00e1culo Teteu Severo: O Tal Guri de Apartamento. No palco,<\/p>\n<p>o \u201cguri de apartamento\u201d traz esse olhar bem-humorado sobre a vida, os costumes e as pequenas cenas do dia a dia.<\/p>\n<p>&nbsp;<\/p>\n<p>Abaixo, as informa\u00e7\u00f5es completas.<\/p>\n<p>&nbsp;<\/p>\n<p>SINOPSE: Teteu Severo tem 23 anos, \u00e9 um guri ga\u00facho com mais de 7 milh\u00f5es de seguidores nas redes sociais. Come\u00e7ou a fazer v\u00eddeos na internet falando sobre coisas cotidianas na sua vida e na regi\u00e3o sul do Brasil.<\/p>\n<p>&nbsp;<\/p>\n<p>AUTOR: Matheus Severo<\/p>\n<p>DIRE\u00c7\u00c3O: Artistar<\/p>\n<p>ELENCO: Matheus Severo<\/p>\n<p>FICHA T\u00c9CNICA: Artistar<\/p>\n<p>DURA\u00c7\u00c3O: 90 minutos<\/p>\n<p>CLASSIFICA\u00c7\u00c3O: Livre<\/p>\n<p>&nbsp;<\/p>\n<p>Servi\u00e7o:<\/p>\n<p>&nbsp;<\/p>\n<p>Espet\u00e1culo: Teteu Severo: O Tal Guri de Apartamento<\/p>\n<p>Data: 18 de mar\u00e7o<\/p>\n<p>Hor\u00e1rio: sess\u00f5es \u00e0s 18h00 e \u00e0s 20h00<\/p>\n<p>Local: Teatro CIEE-RS Banrisul<\/p>\n<p>Endere\u00e7o: Rua Dom Pedro II, 861 &#8211; Higien\u00f3polis, Porto Alegre &#8211; RS<\/p>\n<p>Vendas pelo site TRi.RS<\/p>\n","protected":false},"excerpt":{"rendered":"<p>O Porto Ver\u00e3o Alegre 2026 chegou ao fim. Mas para celebrar a despedida do ver\u00e3o e dar um gostinho do que foi a 27\u00aa edi\u00e7\u00e3o, &hellip; <\/p>\n","protected":false},"author":2,"featured_media":40411,"comment_status":"closed","ping_status":"closed","sticky":false,"template":"","format":"standard","meta":{"footnotes":""},"categories":[2],"tags":[],"class_list":["post-40410","post","type-post","status-publish","format-standard","has-post-thumbnail","hentry","category-noticias","latest_post"],"_links":{"self":[{"href":"https:\/\/gilpimentel.com.br\/site\/wp-json\/wp\/v2\/posts\/40410","targetHints":{"allow":["GET"]}}],"collection":[{"href":"https:\/\/gilpimentel.com.br\/site\/wp-json\/wp\/v2\/posts"}],"about":[{"href":"https:\/\/gilpimentel.com.br\/site\/wp-json\/wp\/v2\/types\/post"}],"author":[{"embeddable":true,"href":"https:\/\/gilpimentel.com.br\/site\/wp-json\/wp\/v2\/users\/2"}],"replies":[{"embeddable":true,"href":"https:\/\/gilpimentel.com.br\/site\/wp-json\/wp\/v2\/comments?post=40410"}],"version-history":[{"count":1,"href":"https:\/\/gilpimentel.com.br\/site\/wp-json\/wp\/v2\/posts\/40410\/revisions"}],"predecessor-version":[{"id":40412,"href":"https:\/\/gilpimentel.com.br\/site\/wp-json\/wp\/v2\/posts\/40410\/revisions\/40412"}],"wp:featuredmedia":[{"embeddable":true,"href":"https:\/\/gilpimentel.com.br\/site\/wp-json\/wp\/v2\/media\/40411"}],"wp:attachment":[{"href":"https:\/\/gilpimentel.com.br\/site\/wp-json\/wp\/v2\/media?parent=40410"}],"wp:term":[{"taxonomy":"category","embeddable":true,"href":"https:\/\/gilpimentel.com.br\/site\/wp-json\/wp\/v2\/categories?post=40410"},{"taxonomy":"post_tag","embeddable":true,"href":"https:\/\/gilpimentel.com.br\/site\/wp-json\/wp\/v2\/tags?post=40410"}],"curies":[{"name":"wp","href":"https:\/\/api.w.org\/{rel}","templated":true}]}}