{"id":40404,"date":"2026-03-13T10:20:30","date_gmt":"2026-03-13T13:20:30","guid":{"rendered":"https:\/\/gilpimentel.com.br\/site\/?p=40404"},"modified":"2026-03-13T17:21:43","modified_gmt":"2026-03-13T20:21:43","slug":"park-knorr-apresenta-a-vila-encantada-em-gramado","status":"publish","type":"post","link":"https:\/\/gilpimentel.com.br\/site\/park-knorr-apresenta-a-vila-encantada-em-gramado\/","title":{"rendered":"PARK KNORR APRESENTA A VILA ENCANTADA EM GRAMADO"},"content":{"rendered":"<p>Experi\u00eancia imersiva re\u00fane oficinas criativas, personagens e atividades em meio \u00e0 natureza durante a temporada de P\u00e1scoa<\/p>\n<p>&nbsp;<\/p>\n<p>Conhecido como um parque de contempla\u00e7\u00e3o em meio \u00e0 natureza e por abrigar a hist\u00f3rica Casa do Seu Oscar Knorr, patrim\u00f4nio tombado da cidade de Gramado, o Park Knorr convida os visitantes a conhecer um pouco da hist\u00f3ria e da mem\u00f3ria do local atrav\u00e9s da visita \u00e0 resid\u00eancia que marcou a origem do parque. Durante o per\u00edodo de P\u00e1scoa, os jardins ao redor da casa ganham um clima especial e se transformam no cen\u00e1rio da Vila Encantada, uma programa\u00e7\u00e3o l\u00fadica com espa\u00e7os tem\u00e1ticos, personagens que interagem com as fam\u00edlias, oficinas criativas e momentos guiados ao longo do dia, sempre respeitando e valorizando o principal s\u00edmbolo do parque: a casa do Seu Oscar.<\/p>\n<p>A programa\u00e7\u00e3o de P\u00e1scoa na Vila Encantada no Park Knorr acontece de 14 de mar\u00e7o a 12 de abril e oferece quatro espa\u00e7os tem\u00e1ticos, personagens que interagem com as fam\u00edlias, oficinas criativas e momentos guiados ao longo do dia. Mais do que uma simples visita tem\u00e1tica, a proposta \u00e9 proporcionar uma experi\u00eancia completa para as crian\u00e7as, estimulando a imagina\u00e7\u00e3o e criando mem\u00f3rias afetivas em fam\u00edlia. Durante o passeio, os pequenos participam de oficinas criativas, criam o pr\u00f3prio brinquedo, exploram o parque, soltam a imagina\u00e7\u00e3o no camarim tem\u00e1tico, plantam uma sementinha e acompanham momentos de conta\u00e7\u00e3o de hist\u00f3rias.<\/p>\n<p>A programa\u00e7\u00e3o tamb\u00e9m resgata brincadeiras antigas, convidando as fam\u00edlias a vivenciarem atividades que remetem \u00e0s P\u00e1scoas de antigamente. Ao final da experi\u00eancia, as crian\u00e7as levam para casa lembran\u00e7as produzidas durante as oficinas, um ovo de chocolate da Prawer e materiais que permitem continuar a hist\u00f3ria depois da visita.<\/p>\n<p>Embora a experi\u00eancia seja especialmente pensada para o p\u00fablico infantil, a proposta envolve toda a fam\u00edlia. A expectativa \u00e9 que o ambiente tem\u00e1tico e as intera\u00e7\u00f5es com os personagens proporcionem momentos emocionantes tamb\u00e9m para os adultos.<\/p>\n<p>A visita costuma durar entre uma hora e meia e duas horas, j\u00e1 que as atividades acontecem ao longo do dia e est\u00e3o distribu\u00eddas em diferentes espa\u00e7os do parque.<\/p>\n<p>Os ingressos para acesso ao parque t\u00eam valor promocional de R$ 49,00. Moradores de Gramado e Canela t\u00eam entrada isenta, mediante comprova\u00e7\u00e3o. A inscri\u00e7\u00e3o para as oficinas tem o valor de R$ 79 por pessoa. Ela garante participa\u00e7\u00e3o em toda a programa\u00e7\u00e3o da Vila Encantada, incluindo a Ca\u00e7a ao Ninho, na qual o visitante ganha um ovo de chocolate de Prawer de 150g.<\/p>\n<p>O hor\u00e1rio de funcionamento do Vila Encantada \u00e9 das 9h \u00e0s 17h e a recomenda\u00e7\u00e3o \u00e9 que os visitantes cheguem cedo para aproveitar com tranquilidade todas as atividades e acompanhar a programa\u00e7\u00e3o especial que acontece ao longo do dia.<\/p>\n<p>&nbsp;<\/p>\n<p>Sobre o Park Knorr<\/p>\n<p>O Park Knorr, localizado no cora\u00e7\u00e3o de Gramado (RS), \u00e9 um dos espa\u00e7os mais tradicionais e emblem\u00e1ticos da cidade, reunindo natureza, hist\u00f3ria e experi\u00eancias ao ar livre em uma \u00e1rea de aproximadamente 90 mil m\u00b2. Fundado em 1940 por Oscar Knorr, filho de imigrantes alem\u00e3es, o parque preserva jardins exuberantes, trilhas e a hist\u00f3rica casa em estilo b\u00e1varo, al\u00e9m de ter papel fundamental na consolida\u00e7\u00e3o das hort\u00eansias como s\u00edmbolo de Gramado. Tombado pelo Patrim\u00f4nio Hist\u00f3rico de Gramado, o Park Knorr \u00e9 hoje um importante legado cultural da cidade e cen\u00e1rio para contempla\u00e7\u00e3o e lazer ao longo do ano<\/p>\n","protected":false},"excerpt":{"rendered":"<p>Experi\u00eancia imersiva re\u00fane oficinas criativas, personagens e atividades em meio \u00e0 natureza durante a temporada de P\u00e1scoa &nbsp; Conhecido como um parque de contempla\u00e7\u00e3o em &hellip; <\/p>\n","protected":false},"author":2,"featured_media":40405,"comment_status":"closed","ping_status":"closed","sticky":false,"template":"","format":"standard","meta":{"footnotes":""},"categories":[2],"tags":[],"class_list":["post-40404","post","type-post","status-publish","format-standard","has-post-thumbnail","hentry","category-noticias","latest_post"],"_links":{"self":[{"href":"https:\/\/gilpimentel.com.br\/site\/wp-json\/wp\/v2\/posts\/40404","targetHints":{"allow":["GET"]}}],"collection":[{"href":"https:\/\/gilpimentel.com.br\/site\/wp-json\/wp\/v2\/posts"}],"about":[{"href":"https:\/\/gilpimentel.com.br\/site\/wp-json\/wp\/v2\/types\/post"}],"author":[{"embeddable":true,"href":"https:\/\/gilpimentel.com.br\/site\/wp-json\/wp\/v2\/users\/2"}],"replies":[{"embeddable":true,"href":"https:\/\/gilpimentel.com.br\/site\/wp-json\/wp\/v2\/comments?post=40404"}],"version-history":[{"count":1,"href":"https:\/\/gilpimentel.com.br\/site\/wp-json\/wp\/v2\/posts\/40404\/revisions"}],"predecessor-version":[{"id":40406,"href":"https:\/\/gilpimentel.com.br\/site\/wp-json\/wp\/v2\/posts\/40404\/revisions\/40406"}],"wp:featuredmedia":[{"embeddable":true,"href":"https:\/\/gilpimentel.com.br\/site\/wp-json\/wp\/v2\/media\/40405"}],"wp:attachment":[{"href":"https:\/\/gilpimentel.com.br\/site\/wp-json\/wp\/v2\/media?parent=40404"}],"wp:term":[{"taxonomy":"category","embeddable":true,"href":"https:\/\/gilpimentel.com.br\/site\/wp-json\/wp\/v2\/categories?post=40404"},{"taxonomy":"post_tag","embeddable":true,"href":"https:\/\/gilpimentel.com.br\/site\/wp-json\/wp\/v2\/tags?post=40404"}],"curies":[{"name":"wp","href":"https:\/\/api.w.org\/{rel}","templated":true}]}}