{"id":40398,"date":"2026-03-13T05:35:43","date_gmt":"2026-03-13T08:35:43","guid":{"rendered":"https:\/\/gilpimentel.com.br\/site\/?p=40398"},"modified":"2026-03-13T17:08:25","modified_gmt":"2026-03-13T20:08:25","slug":"jorge-drexler-lanca-taraca-seu-aguardado-novo-disco","status":"publish","type":"post","link":"https:\/\/gilpimentel.com.br\/site\/jorge-drexler-lanca-taraca-seu-aguardado-novo-disco\/","title":{"rendered":"JORGE DREXLER LAN\u00c7A &#8220;TARAC\u00c1&#8221;, SEU AGUARDADO NOVO DISCO"},"content":{"rendered":"<p>O m\u00fasico, compositor e cantor uruguaio Jorge Drexler, uma das vozes mais influentes da m\u00fasica ibero-americana contempor\u00e2nea, apresenta seu novo trabalho discogr\u00e1fico, &#8220;TARAC\u00c1&#8221;, j\u00e1 dispon\u00edvel<\/p>\n<p>&nbsp;<\/p>\n<p>Com mais de tr\u00eas d\u00e9cadas de trajet\u00f3ria, Drexler construiu uma obra s\u00f3lida e singular dentro do cen\u00e1rio musical internacional. Ao longo de sua carreira, lan\u00e7ou quinze \u00e1lbuns de est\u00fadio e levou sua m\u00fasica a palcos de todo o mundo, consolidando uma proposta art\u00edstica marcada pela curiosidade, pela experimenta\u00e7\u00e3o e por uma profunda sensibilidade po\u00e9tica.<\/p>\n<p>&nbsp;<\/p>\n<p>Sua obra, amplamente premiada, caracteriza-se por ser um di\u00e1logo constante entre m\u00fasica, literatura e conhecimento, com letras que transitam com naturalidade entre a poesia e a ci\u00eancia. Apaixonado pela palavra \u2014 e pela d\u00e9cima \u2014 Drexler desenvolveu uma linguagem pr\u00f3pria que explora as emo\u00e7\u00f5es enquanto busca construir pontes entre culturas e sociedades, apelando \u00e0 empatia e aos v\u00ednculos que nos conectam.<\/p>\n<p>&nbsp;<\/p>\n<p>Neste momento especialmente f\u00e9rtil de sua carreira, o artista compartilha hoje com o p\u00fablico \u201cTARAC\u00c1\u201d, um \u00e1lbum que prop\u00f5e um novo cap\u00edtulo em sua trajet\u00f3ria criativa. O disco se apresenta como um trabalho de pontes: geracionais e geogr\u00e1ficas, estil\u00edsticas e temporais, concretas e simb\u00f3licas. Uruguai, Porto Rico e Espanha s\u00e3o os v\u00e9rtices dessa tr\u00edade. Com a clave do candombe uruguaio como fio condutor e transversal, Drexler apresenta onze faixas belas, sonoras e densas, com a letra e o tambor como principais protagonistas na maioria das can\u00e7\u00f5es.<\/p>\n<p>&nbsp;<\/p>\n<p>\u201cTARAC\u00c1\u201d, cujo t\u00edtulo \u00e9 uma af\u00e9rese de \u201cestar ac\u00e1\u201d \u2014 e um jogo com o ritmo do tambor chico \u2014 funciona tamb\u00e9m como uma comunidade musical, que convida \u00e0 mesa a Rueda de Candombe, o artista Am\u00e9rico Young, a murga Falta y Resto, a rapper porto-riquenha Young Miko, o guitarrista Julio Cobeli e a cantora de flamenco \u00c1ngeles Toledano. Por meio dessas colabora\u00e7\u00f5es, o disco se transforma em um leque de patrim\u00f4nio musical que dialoga com diferentes origens e vis\u00f5es art\u00edsticas. Um pantone que se completa com a produ\u00e7\u00e3o de Lucas Piedra Cueva, Mauro, Tadu V\u00e1zquez, Gabo Lugo, Facundo Balta e do pr\u00f3prio Drexler. Com mixagem de Carles \u201cCampi\u201d Camp\u00f3n e masteriza\u00e7\u00e3o de Fred Kevorkian.<\/p>\n<p>&nbsp;<\/p>\n<p>Aqui voc\u00ea pode ler a apresenta\u00e7\u00e3o de \u201cTARAC\u00c1\u201d, por Jorge Drexler.<\/p>\n<p>&nbsp;<\/p>\n<p>Os jornalistas Gabriel Plaza e Bel\u00e9n Fourment escreveram dois textos de imprensa que voc\u00ea pode ler aqui.<\/p>\n<p>&nbsp;<\/p>\n<p>A criatividade audiovisual do disco foi um trabalho inteligente, preciso e tamb\u00e9m coletivo. A arte e o design f\u00edsico do \u00e1lbum ficaram a cargo do Bandiz Studio (David Heofs e Sergio Polvorinos). Os diretores Joana Colomar e Rodrigo M\u00e9ndez codirigem os visuais (lyric videos) que servem de suporte para cada can\u00e7\u00e3o \u2014 al\u00e9m do videoclipe do segundo single, \u201c\u00bfQu\u00e9 ser\u00e1 que es?\u201d. O primeiro v\u00eddeo, \u201cToco madera\u201d, foi dirigido por Mario Arenas, a partir de uma ideia de Jorge Drexler.<\/p>\n<p>&nbsp;<\/p>\n<p>Este lan\u00e7amento mundial chega acompanhado de um impressionante showcase gravado em Montevid\u00e9u, que apresenta ao vivo algumas das can\u00e7\u00f5es de \u201cTARAC\u00c1\u201d. Uma janela para o som vivo e presente do Uruguai que, em apenas trinta minutos, revela o tesouro sonoro que \u00e9 este disco.<\/p>\n<p>&nbsp;<\/p>\n<p>Aqui come\u00e7a o pr\u00f3prio caminho de \u201cTARAC\u00c1\u201d. Ap\u00f3s a dedica\u00e7\u00e3o do artista \u2014 que vem escrevendo este \u00e1lbum h\u00e1 meia vida \u2014 agora ele pertence ao p\u00fablico e a todos aqueles que quiserem atravessar as pontes que aqui foram constru\u00eddas.<\/p>\n<p>&nbsp;<\/p>\n<p>O novo \u00e1lbum de Jorge Drexler j\u00e1 est\u00e1 dispon\u00edvel em todas as plataformas. A turn\u00ea de apresenta\u00e7\u00e3o j\u00e1 tem datas confirmadas na Argentina, Chile, Brasil, Uruguai e Espanha, com ingressos \u00e0 venda em www.jorgedrexler.com. Em breve, mais cidades ser\u00e3o adicionadas \u00e0 lista.<\/p>\n","protected":false},"excerpt":{"rendered":"<p>O m\u00fasico, compositor e cantor uruguaio Jorge Drexler, uma das vozes mais influentes da m\u00fasica ibero-americana contempor\u00e2nea, apresenta seu novo trabalho discogr\u00e1fico, &#8220;TARAC\u00c1&#8221;, j\u00e1 dispon\u00edvel &hellip; <\/p>\n","protected":false},"author":2,"featured_media":40399,"comment_status":"closed","ping_status":"closed","sticky":false,"template":"","format":"standard","meta":{"footnotes":""},"categories":[2],"tags":[],"class_list":["post-40398","post","type-post","status-publish","format-standard","has-post-thumbnail","hentry","category-noticias","latest_post"],"_links":{"self":[{"href":"https:\/\/gilpimentel.com.br\/site\/wp-json\/wp\/v2\/posts\/40398","targetHints":{"allow":["GET"]}}],"collection":[{"href":"https:\/\/gilpimentel.com.br\/site\/wp-json\/wp\/v2\/posts"}],"about":[{"href":"https:\/\/gilpimentel.com.br\/site\/wp-json\/wp\/v2\/types\/post"}],"author":[{"embeddable":true,"href":"https:\/\/gilpimentel.com.br\/site\/wp-json\/wp\/v2\/users\/2"}],"replies":[{"embeddable":true,"href":"https:\/\/gilpimentel.com.br\/site\/wp-json\/wp\/v2\/comments?post=40398"}],"version-history":[{"count":1,"href":"https:\/\/gilpimentel.com.br\/site\/wp-json\/wp\/v2\/posts\/40398\/revisions"}],"predecessor-version":[{"id":40400,"href":"https:\/\/gilpimentel.com.br\/site\/wp-json\/wp\/v2\/posts\/40398\/revisions\/40400"}],"wp:featuredmedia":[{"embeddable":true,"href":"https:\/\/gilpimentel.com.br\/site\/wp-json\/wp\/v2\/media\/40399"}],"wp:attachment":[{"href":"https:\/\/gilpimentel.com.br\/site\/wp-json\/wp\/v2\/media?parent=40398"}],"wp:term":[{"taxonomy":"category","embeddable":true,"href":"https:\/\/gilpimentel.com.br\/site\/wp-json\/wp\/v2\/categories?post=40398"},{"taxonomy":"post_tag","embeddable":true,"href":"https:\/\/gilpimentel.com.br\/site\/wp-json\/wp\/v2\/tags?post=40398"}],"curies":[{"name":"wp","href":"https:\/\/api.w.org\/{rel}","templated":true}]}}