{"id":40386,"date":"2026-03-13T03:30:38","date_gmt":"2026-03-13T06:30:38","guid":{"rendered":"https:\/\/gilpimentel.com.br\/site\/?p=40386"},"modified":"2026-03-13T17:03:27","modified_gmt":"2026-03-13T20:03:27","slug":"6-motivos-para-passar-a-pascoa-na-pousada-villa-dos-leais-em-serra-negra-sp","status":"publish","type":"post","link":"https:\/\/gilpimentel.com.br\/site\/6-motivos-para-passar-a-pascoa-na-pousada-villa-dos-leais-em-serra-negra-sp\/","title":{"rendered":"6 MOTIVOS PARA PASSAR A P\u00c1SCOA NA POUSADA VILLA DOS LEAIS, EM SERRA NEGRA (SP)"},"content":{"rendered":"<p>Com a proximidade da Semana Santa, muitos viajantes come\u00e7am a buscar destinos tranquilos no interior paulista para aproveitar o feriado prolongado. Entre as op\u00e7\u00f5es pr\u00f3ximas da capital, Serra Negra, no Circuito das \u00c1guas Paulista, re\u00fane natureza, gastronomia e uma programa\u00e7\u00e3o cultural tradicional nessa \u00e9poca do ano. Para quem deseja combinar lazer e descanso, a Pousada Villa dos Leais preparou um pacote especial de P\u00e1scoa com vagas limitadas. Confira cinco motivos para escolher o destino no feriado.<\/p>\n<p>&nbsp;<\/p>\n<p>Pacote com di\u00e1ria extra<\/p>\n<p>&nbsp;<\/p>\n<p>A pousada lan\u00e7ou um pacote v\u00e1lido de 3 a 5 de abril, com hospedagem para duas pessoas e caf\u00e9 da manh\u00e3 incluso. Como incentivo adicional, quem reserva o pacote completo ganha uma di\u00e1ria cortesia no dia 2 de abril, ampliando a estadia sem custo extra. O valor anunciado para duas pessoas \u00e9 de R$ 2.775. Nas condi\u00e7\u00f5es de pagamento, h\u00e1 5% de desconto para pagamento via Pix ou possibilidade de confirmar a reserva com 20% de entrada, parcelando o restante em at\u00e9 quatro vezes no cart\u00e3o de cr\u00e9dito.<\/p>\n<p>&nbsp;<\/p>\n<p>Chal\u00e9s com vista para as montanhas<\/p>\n<p>&nbsp;<\/p>\n<p>Um dos destaques da hospedagem \u00e9 o Chal\u00e9 Super Luxo, equipado com hidromassagem privativa, lareira e varanda com vista para a paisagem serrana. No total, a pousada possui 21 chal\u00e9s, que variam entre op\u00e7\u00f5es rom\u00e2nticas \u2014 algumas com banheira de hidromassagem ou piscina privativa climatizada \u2014 e unidades familiares que acomodam at\u00e9 quatro pessoas. Todos mant\u00eam decora\u00e7\u00e3o aconchegante e varanda voltada para o vale.<\/p>\n<p>&nbsp;<\/p>\n<p>Localiza\u00e7\u00e3o estrat\u00e9gica<\/p>\n<p>&nbsp;<\/p>\n<p>Instalada a cerca de cinco minutos do centro de Serra Negra, a pousada combina duas caracter\u00edsticas valorizadas por quem viaja para a serra: a proximidade do com\u00e9rcio e dos restaurantes da cidade, com a tranquilidade de uma \u00e1rea cercada por montanhas e muito verde. Situada a aproximadamente 1.100 metros de altitude, a propriedade oferece um ambiente silencioso e paisagens t\u00edpicas da regi\u00e3o, mantendo acesso r\u00e1pido aos passeios urbanos.<\/p>\n<p>&nbsp;<\/p>\n<p>Caf\u00e9 da manh\u00e3 artesanal com produtos regionais<\/p>\n<p>&nbsp;<\/p>\n<p>Outro diferencial da hospedagem \u00e9 o caf\u00e9 da manh\u00e3 servido das 8h30 \u00e0s 11h30, que re\u00fane mais de 55 itens preparados artesanalmente, incluindo receitas t\u00edpicas da regi\u00e3o. P\u00e3es, bolos, doces caseiros e outras especialidades fazem parte da mesa, valorizando ingredientes frescos e o estilo acolhedor das pousadas da serra.<\/p>\n<p>&nbsp;<\/p>\n<p>Estrutura de lazer<\/p>\n<p>&nbsp;<\/p>\n<p>A estrutura da pousada inclui piscina aquecida coberta, piscina externa, sauna a vapor, sal\u00e3o de jogos com decora\u00e7\u00e3o retr\u00f4 e espa\u00e7o fitness, al\u00e9m de \u00e1reas verdes integradas \u00e0 natureza. As piscinas funcionam 24 horas.<\/p>\n<p>&nbsp;<\/p>\n<p>Programa\u00e7\u00e3o especial na cidade<\/p>\n<p>&nbsp;<\/p>\n<p>Quem se hospeda na cidade durante o feriado tamb\u00e9m pode aproveitar a programa\u00e7\u00e3o cultural organizada pela prefeitura. Um dos momentos mais aguardados \u00e9 a tradicional Encena\u00e7\u00e3o da Paix\u00e3o de Cristo de Serra Negra, marcada para 3 de abril, \u00e0s 21h30, na Avenida Governador Laudo Natel.<\/p>\n<p>&nbsp;<\/p>\n<p>A agenda inclui ainda shows musicais e atividades para todas as idades na Pra\u00e7a Prefeito Jo\u00e3o Zelante e na Pra\u00e7a Sesquicenten\u00e1rio, al\u00e9m de apresenta\u00e7\u00f5es da Corpora\u00e7\u00e3o Musical Lira de Serra Negra e eventos especiais ao longo do feriado.<\/p>\n<p>&nbsp;<\/p>\n<p>Mais informa\u00e7\u00f5es e reservas: (19) 99684-9988, www.villadosleais.com.br e www.instagram.com\/villa_dosleais<\/p>\n","protected":false},"excerpt":{"rendered":"<p>Com a proximidade da Semana Santa, muitos viajantes come\u00e7am a buscar destinos tranquilos no interior paulista para aproveitar o feriado prolongado. Entre as op\u00e7\u00f5es pr\u00f3ximas &hellip; <\/p>\n","protected":false},"author":2,"featured_media":40387,"comment_status":"closed","ping_status":"closed","sticky":false,"template":"","format":"standard","meta":{"footnotes":""},"categories":[2],"tags":[],"class_list":["post-40386","post","type-post","status-publish","format-standard","has-post-thumbnail","hentry","category-noticias","latest_post"],"_links":{"self":[{"href":"https:\/\/gilpimentel.com.br\/site\/wp-json\/wp\/v2\/posts\/40386","targetHints":{"allow":["GET"]}}],"collection":[{"href":"https:\/\/gilpimentel.com.br\/site\/wp-json\/wp\/v2\/posts"}],"about":[{"href":"https:\/\/gilpimentel.com.br\/site\/wp-json\/wp\/v2\/types\/post"}],"author":[{"embeddable":true,"href":"https:\/\/gilpimentel.com.br\/site\/wp-json\/wp\/v2\/users\/2"}],"replies":[{"embeddable":true,"href":"https:\/\/gilpimentel.com.br\/site\/wp-json\/wp\/v2\/comments?post=40386"}],"version-history":[{"count":1,"href":"https:\/\/gilpimentel.com.br\/site\/wp-json\/wp\/v2\/posts\/40386\/revisions"}],"predecessor-version":[{"id":40388,"href":"https:\/\/gilpimentel.com.br\/site\/wp-json\/wp\/v2\/posts\/40386\/revisions\/40388"}],"wp:featuredmedia":[{"embeddable":true,"href":"https:\/\/gilpimentel.com.br\/site\/wp-json\/wp\/v2\/media\/40387"}],"wp:attachment":[{"href":"https:\/\/gilpimentel.com.br\/site\/wp-json\/wp\/v2\/media?parent=40386"}],"wp:term":[{"taxonomy":"category","embeddable":true,"href":"https:\/\/gilpimentel.com.br\/site\/wp-json\/wp\/v2\/categories?post=40386"},{"taxonomy":"post_tag","embeddable":true,"href":"https:\/\/gilpimentel.com.br\/site\/wp-json\/wp\/v2\/tags?post=40386"}],"curies":[{"name":"wp","href":"https:\/\/api.w.org\/{rel}","templated":true}]}}