{"id":40380,"date":"2026-03-13T01:58:50","date_gmt":"2026-03-13T04:58:50","guid":{"rendered":"https:\/\/gilpimentel.com.br\/site\/?p=40380"},"modified":"2026-03-13T16:59:40","modified_gmt":"2026-03-13T19:59:40","slug":"terco-gigante-da-festa-da-penha-2026-sera-inspirado-na-simplicidade-franciscana-e-tera-cor-de-madeira-saiba-detalhes","status":"publish","type":"post","link":"https:\/\/gilpimentel.com.br\/site\/terco-gigante-da-festa-da-penha-2026-sera-inspirado-na-simplicidade-franciscana-e-tera-cor-de-madeira-saiba-detalhes\/","title":{"rendered":"TER\u00c7O GIGANTE DA FESTA DA PENHA 2026 SER\u00c1 INSPIRADO NA SIMPLICIDADE FRANCISCANA E TER\u00c1 COR DE MADEIRA; SAIBA DETALHES"},"content":{"rendered":"<p>Tradi\u00e7\u00e3o h\u00e1 quase tr\u00eas d\u00e9cadas na Festa da Penha, o Ter\u00e7o Gigante que enfeita o Campinho do Convento da Penha, em Vila Velha, j\u00e1 est\u00e1 sendo preparado para a edi\u00e7\u00e3o de 2026. Inspirado no tema \u201cFazei de n\u00f3s instrumentos da paz\u201d, que marca a Festa da Penha 2026 em sintonia com o Ano Jubilar de S\u00e3o Francisco de Assis, neste ano, o s\u00edmbolo de f\u00e9 e devo\u00e7\u00e3o ser\u00e1 marcado pela sobriedade: confeccionado na cor natural da madeira, ele trar\u00e1 uma est\u00e9tica simples, em di\u00e1logo com a espiritualidade de S\u00e3o Francisco de Assis.<\/p>\n<p>A Festa da Penha acontece entre os dias 5 e 13 de abril. Considerada a terceira maior celebra\u00e7\u00e3o mariana do Brasil, \u00e9 dedicada a Nossa Senhora da Penha, padroeira do Esp\u00edrito Santo. Como de costume, o Ter\u00e7o Gigante ser\u00e1 instalado um dia antes da abertura oficial do evento.<\/p>\n<p>Idealizador do Ter\u00e7o Gigante, o m\u00e9dico Osmar Sales explica que algumas pe\u00e7as foram confeccionadas em Recife, como as bolas de madeira que remetem \u00e0 veste franciscana. A escolha do material e da tonalidade n\u00e3o \u00e9 apenas est\u00e9tica, mas simb\u00f3lica: a cor da madeira refor\u00e7a a proposta de despojamento e humildade, valores centrais da tradi\u00e7\u00e3o franciscana.<\/p>\n<p>&#8220;Queremos resgatar a simplicidade de Francisco. Ser\u00e1 um ter\u00e7o sem excessos, com uma simbologia muito clara e profunda&#8221;, destaca Osmar.<\/p>\n<p>O Ter\u00e7o Gigante de 2026 ter\u00e1 novamente 21 metros de comprimento e j\u00e1 come\u00e7ou a ser produzido com a ajuda de volunt\u00e1rios, tradi\u00e7\u00e3o que acompanha a hist\u00f3ria da pe\u00e7a desde a sua cria\u00e7\u00e3o. Na fase inicial da confec\u00e7\u00e3o, oito pessoas trabalham na prepara\u00e7\u00e3o das pe\u00e7as. J\u00e1 na etapa de montagem e instala\u00e7\u00e3o el\u00e9trica, a equipe passa a contar com seis volunt\u00e1rios. No momento da instala\u00e7\u00e3o no Convento da Penha, realizada com apoio do Corpo de Bombeiros, participam quatro pessoas, respons\u00e1veis por posicionar e fixar a estrutura.<\/p>\n<p>A cruz tamb\u00e9m seguir\u00e1 essa linha. Neste ano foi definida a presen\u00e7a da figura de S\u00e3o Francisco sob um Tau, elemento que, dentro da simbologia franciscana, remete \u00e0 cruz e ao sacrif\u00edcio assumido por aqueles que abra\u00e7am a f\u00e9. J\u00e1 a medalha do ter\u00e7o trar\u00e1 a logo da pr\u00f3pria da Festa da Penha, conectando o s\u00edmbolo \u00e0 identidade da celebra\u00e7\u00e3o capixaba.<\/p>\n<p>A ilumina\u00e7\u00e3o ter\u00e1 tratamento especial, diferente da luz branca utilizada na edi\u00e7\u00e3o anterior. A proposta, por\u00e9m, permanece contemplativa, refor\u00e7ando o car\u00e1ter s\u00f3brio da composi\u00e7\u00e3o.<\/p>\n<p>\u201cO Ter\u00e7o deste ano expressa aquilo que S\u00e3o Francisco viveu: a f\u00e9 sustentada na simplicidade e na coer\u00eancia de vida. A escolha dos elementos franciscanos nos recorda que a ora\u00e7\u00e3o precisa nos conduzir a atitudes concretas de reconcilia\u00e7\u00e3o e servi\u00e7o. \u00c9 esse o testemunho que desejamos propor aos romeiros em 2026\u201d, afirma Frei Gabriel Dellandrea, o guardi\u00e3o e reitor do Convento da Penha.<\/p>\n<p>Tradi\u00e7\u00e3o que atravessa gera\u00e7\u00f5es<\/p>\n<p>O primeiro Ter\u00e7o Gigante foi criado em 1998 por Osmar Sales, inspirado no grande ter\u00e7o da missa celebrada pelo Papa Jo\u00e3o Paulo II no Rio de Janeiro, em 1997.<\/p>\n<p>Inicialmente, a ideia era suspender o ter\u00e7o com bal\u00f5es de g\u00e1s h\u00e9lio, mas o peso impediu a execu\u00e7\u00e3o. Naquele ano, as devotas o carregaram durante a Romaria das Mulheres e, depois, com autoriza\u00e7\u00e3o de um frei, ele foi pendurado nas palmeiras do Convento. Desde ent\u00e3o, tornou-se um dos marcos visuais e espirituais mais aguardados da Festa da Penha, renovando a cada ano sua mensagem de f\u00e9 para milhares de peregrinos que sobem ao Convento.<\/p>\n<p>Ano Jubilar de S\u00e3o Francisco<\/p>\n<p>O ano de 2026 ser\u00e1 marcado pelo Ano Jubilar de S\u00e3o Francisco de Assis, proclamado pelo Papa Le\u00e3o XIV, em alus\u00e3o aos 800 anos da P\u00e1scoa do santo de Assis. Considerado um jubileu extraordin\u00e1rio, o per\u00edodo \u00e9 dedicado \u00e0 renova\u00e7\u00e3o espiritual, \u00e0 reconcilia\u00e7\u00e3o e ao aprofundamento dos valores franciscanos, como a pobreza, a humildade, o amor \u00e0 cria\u00e7\u00e3o e o compromisso com a paz.<\/p>\n<p>Em sintonia com essa proclama\u00e7\u00e3o, a Festa da Penha adotou como tema em 2026 &#8220;Fazei de n\u00f3s instrumentos da paz&#8221;, refor\u00e7ando a identidade franciscana do Convento da Penha e convidando os fi\u00e9is a viverem um caminho de perd\u00e3o, convers\u00e3o e constru\u00e7\u00e3o da paz, sob a intercess\u00e3o de Maria.<\/p>\n","protected":false},"excerpt":{"rendered":"<p>Tradi\u00e7\u00e3o h\u00e1 quase tr\u00eas d\u00e9cadas na Festa da Penha, o Ter\u00e7o Gigante que enfeita o Campinho do Convento da Penha, em Vila Velha, j\u00e1 est\u00e1 &hellip; <\/p>\n","protected":false},"author":2,"featured_media":40381,"comment_status":"closed","ping_status":"closed","sticky":false,"template":"","format":"standard","meta":{"footnotes":""},"categories":[2],"tags":[],"class_list":["post-40380","post","type-post","status-publish","format-standard","has-post-thumbnail","hentry","category-noticias","latest_post"],"_links":{"self":[{"href":"https:\/\/gilpimentel.com.br\/site\/wp-json\/wp\/v2\/posts\/40380","targetHints":{"allow":["GET"]}}],"collection":[{"href":"https:\/\/gilpimentel.com.br\/site\/wp-json\/wp\/v2\/posts"}],"about":[{"href":"https:\/\/gilpimentel.com.br\/site\/wp-json\/wp\/v2\/types\/post"}],"author":[{"embeddable":true,"href":"https:\/\/gilpimentel.com.br\/site\/wp-json\/wp\/v2\/users\/2"}],"replies":[{"embeddable":true,"href":"https:\/\/gilpimentel.com.br\/site\/wp-json\/wp\/v2\/comments?post=40380"}],"version-history":[{"count":1,"href":"https:\/\/gilpimentel.com.br\/site\/wp-json\/wp\/v2\/posts\/40380\/revisions"}],"predecessor-version":[{"id":40382,"href":"https:\/\/gilpimentel.com.br\/site\/wp-json\/wp\/v2\/posts\/40380\/revisions\/40382"}],"wp:featuredmedia":[{"embeddable":true,"href":"https:\/\/gilpimentel.com.br\/site\/wp-json\/wp\/v2\/media\/40381"}],"wp:attachment":[{"href":"https:\/\/gilpimentel.com.br\/site\/wp-json\/wp\/v2\/media?parent=40380"}],"wp:term":[{"taxonomy":"category","embeddable":true,"href":"https:\/\/gilpimentel.com.br\/site\/wp-json\/wp\/v2\/categories?post=40380"},{"taxonomy":"post_tag","embeddable":true,"href":"https:\/\/gilpimentel.com.br\/site\/wp-json\/wp\/v2\/tags?post=40380"}],"curies":[{"name":"wp","href":"https:\/\/api.w.org\/{rel}","templated":true}]}}