{"id":40376,"date":"2026-03-13T06:51:03","date_gmt":"2026-03-13T09:51:03","guid":{"rendered":"https:\/\/gilpimentel.com.br\/site\/?p=40376"},"modified":"2026-03-13T17:10:23","modified_gmt":"2026-03-13T20:10:23","slug":"6a-feijoada-solidaria-mobiliza-chefs-e-comunidade-em-prol-da-seguranca-publica","status":"publish","type":"post","link":"https:\/\/gilpimentel.com.br\/site\/6a-feijoada-solidaria-mobiliza-chefs-e-comunidade-em-prol-da-seguranca-publica\/","title":{"rendered":"6\u00aa FEIJOADA SOLID\u00c1RIA MOBILIZA CHEFS E COMUNIDADE EM PROL DA SEGURAN\u00c7A P\u00daBLICA"},"content":{"rendered":"<p>Evento beneficente ser\u00e1 realizado em 18 de abril, na Casa Nuvole, em Gramado com quatro restaurantes renomados assumindo a cozinha de forma exclusiva<\/p>\n<p>&nbsp;<\/p>\n<p>A 6\u00aa Feijoada da Solidariedade foi apresentada oficialmente para a imprensa, comunicadores e autoridades na quarta-feira, 11 de mar\u00e7o, na Casa Nuvole, em Gramado. Uma novidade que promete elevar ainda mais o padr\u00e3o do evento beneficente \u00e9 que, pela primeira vez, os restaurantes Catherine, Di Pietro, MLBK e Soleil assinam de forma exclusiva a gastronomia da iniciativa, marcada para o dia 18 de abril, \u00e0s 12h30, tamb\u00e9m na Casa Nuvole. At\u00e9 o momento, a lista de marcas apoiadoras da iniciativa soma 15 empresas.<\/p>\n<p>&nbsp;<\/p>\n<p>Com cerca de 20 cozinheiros envolvidos na opera\u00e7\u00e3o, a edi\u00e7\u00e3o 2026 refor\u00e7a o compromisso comunit\u00e1rio que consolidou o evento como um dos principais movimentos solid\u00e1rios da regi\u00e3o da Serra Ga\u00facha. Os ingressos para a Feijoada Solidariedade j\u00e1 podem ser adquiridos atrav\u00e9s dos organizadores com valor de R$ 250,00 por pessoa, para adultos ou crian\u00e7as. Outra novidade desta edi\u00e7\u00e3o \u00e9 a possibilidade de realizar a compra on-line, via a plataforma Wert Acesso: www.wertacesso.com.br\/evento\/feijoada-da-solidaridade<\/p>\n<p>&nbsp;<\/p>\n<p>A coordenadora do evento, a jornalista e Desenvolvedora de Neg\u00f3cios, Rozangela Allves, refor\u00e7a que a renda integral arrecadada com o evento beneficente ter\u00e1 como destino a seguran\u00e7a p\u00fablica e a entidade Vale a Pena Viver com o valor de R$ 30 mil. Localizada em Gramado, dedica-se ao acolhimento volunt\u00e1rio e reabilita\u00e7\u00e3o de dependentes qu\u00edmicos. \u201cA Feijoada n\u00e3o \u00e9 apenas um evento gastron\u00f4mico. Ela \u00e9 um gesto coletivo e a prova de que empres\u00e1rios, volunt\u00e1rios e cidad\u00e3os podem sentar \u00e0 mesma mesa por um prop\u00f3sito maior que \u00e9 o de fortalecer quem trabalha diariamente para proteger nossas cidades\u201d, destacou.<\/p>\n<p>&nbsp;<\/p>\n<p>No ano passado o valor angariado pela Feijoada Solid\u00e1ria superou todas as expectativas e alcan\u00e7ou o maior resultado desde a sua primeira edi\u00e7\u00e3o, totalizando R$ 196.010,56 decorrentes da comercializa\u00e7\u00e3o de 720 ingressos. Deste montante, a organiza\u00e7\u00e3o confirmou a destina\u00e7\u00e3o de R$ 10 mil \u00e0 Casa Vit\u00f3ria, que presta atendimento a Mulheres V\u00edtimas de Viol\u00eancia em Canela e cada cidade recebeu R$ 77.613,05, repassado para o MOCOVIs (Movimentos Comunit\u00e1rios de Combate \u00e0 Viol\u00eancia) locais que repassam o valor para a Brigada Militar e Pol\u00edcia Civil de Gramado e Canela, totalizando o valor de R$ 155.226,10.<\/p>\n<p>&nbsp;<\/p>\n<p>Outras institui\u00e7\u00f5es da regi\u00e3o tamb\u00e9m foram contempladas atrav\u00e9s de doa\u00e7\u00f5es de alimentos CRERH, Vale a Pena Viver, Casa Lar e o Grupo Girass\u00f3is, que receberam insumos que n\u00e3o foram usados pela Feijoada. \u201cOs n\u00fameros do ano passado nos emocionaram, mas o que realmente nos move s\u00e3o as hist\u00f3rias por tr\u00e1s deles, de mulheres acolhidas, institui\u00e7\u00f5es fortalecidas e equipes mais estruturadas para atender a popula\u00e7\u00e3o e os visitantes de Gramado e Canela\u201d, afirmou Rozangela Allves.<\/p>\n<p>&nbsp;<\/p>\n<p>Lideran\u00e7as destacam a for\u00e7a da mobiliza\u00e7\u00e3o comunit\u00e1ria<\/p>\n<p>&nbsp;<\/p>\n<p>Delegada de Pol\u00edcia de Gramado, Fernanda Aranha &#8211; \u201cGramado e Canela s\u00e3o reconhecidas como um dos roteiros tur\u00edsticos mais seguros do Brasil, e isso \u00e9 resultado de um trabalho conjunto e integrado das for\u00e7as de seguran\u00e7a, das institui\u00e7\u00f5es e da pr\u00f3pria comunidade. Seguran\u00e7a p\u00fablica n\u00e3o se faz apenas com pol\u00edcia, mas tamb\u00e9m com engajamento, solidariedade e parceria da sociedade. O apoio da comunidade \u00e9 fundamental para fortalecer o trabalho das for\u00e7as de seguran\u00e7a. A uni\u00e3o entre sociedade e institui\u00e7\u00f5es \u00e9 o que permite avan\u00e7ar na prote\u00e7\u00e3o e na tranquilidade da nossa cidade.\u201d<\/p>\n<p>&nbsp;<\/p>\n<p>Tenente Coronel \u00c2ngelo Marcio Ferraz &#8211; \u201cA Feijoada da Solidariedade \u00e9 um trabalho constru\u00eddo a muitas m\u00e3os, no qual cada pessoa contribui da forma que pode para fortalecer e reaparelhar os \u00f3rg\u00e3os de seguran\u00e7a p\u00fablica de Gramado e Canela. Esse engajamento da comunidade \u00e9 algo que realmente chama a aten\u00e7\u00e3o e faz diferen\u00e7a para toda a regi\u00e3o.\u201d<\/p>\n<p>&nbsp;<\/p>\n<p>Delegado de Pol\u00edcia de Canela, Vladimir Medeiro &#8211; \u201cA Feijoada da Solidariedade mostra a for\u00e7a da rede de apoio que foi constru\u00edda ao longo dos anos entre institui\u00e7\u00f5es, for\u00e7as de seguran\u00e7a e a comunidade. Essa uni\u00e3o entre Gramado e Canela em torno da seguran\u00e7a p\u00fablica \u00e9 fundamental para que possamos continuar avan\u00e7ando e mantendo a regi\u00e3o como um dos destinos tur\u00edsticos mais seguros do Brasil.\u201d<\/p>\n<p>&nbsp;<\/p>\n<p>Giovani Ghisleni Casa Nuvole &#8211; \u201cPrecisamos entender a import\u00e2ncia de Gramado para todos n\u00f3s. Para mim, \u00e9 um lugar fundamental, tanto para os meus neg\u00f3cios quanto para a minha fam\u00edlia e para a vida que constru\u00ed aqui.\u201d<\/p>\n<p>&nbsp;<\/p>\n<p>Pedro Mazurana, representante da Comunidade Vale a Pena Viver &#8211; \u201cA comunidade Vale a Pena Viver se mant\u00e9m gra\u00e7as ao apoio de parceiros, empres\u00e1rios e do poder p\u00fablico. Sem essas contribui\u00e7\u00f5es financeiras seria muito dif\u00edcil manter as atividades durante todo o ano. Por isso, cada recurso recebido \u00e9 fundamental e ser\u00e1 utilizado com muita responsabilidade pela nossa diretoria, que atua de forma totalmente volunt\u00e1ria.\u201d<\/p>\n<p>&nbsp;<\/p>\n<p>Paulo Rockenbach, presidente do MOCOVI Canela &#8211; \u201cO MOCOVI tem a miss\u00e3o de fortalecer o elo entre a comunidade e as for\u00e7as de seguran\u00e7a. Sabemos da responsabilidade e da import\u00e2ncia desse trabalho para garantir que a sociedade continue confiando e apoiando as institui\u00e7\u00f5es que atuam na prote\u00e7\u00e3o das nossas cidades.\u201d<\/p>\n<p>&nbsp;<\/p>\n<p>Josiano Schmitt, presidente do MOCOVI Gramado, volunt\u00e1rio e patrocinador &#8211; \u201cGramado e Canela conquistaram ao longo do tempo um patrim\u00f4nio intang\u00edvel muito valioso, que \u00e9 a seguran\u00e7a p\u00fablica. Para manter esse reconhecimento como destino tur\u00edstico seguro, \u00e9 fundamental que a sociedade continue organizada, com empresas e institui\u00e7\u00f5es apoiando as for\u00e7as de seguran\u00e7a e fortalecendo iniciativas como a Feijoada da Solidariedade.N\u00e3o basta parecer seguro ou apenas se sentir seguro \u00e9 preciso realmente ser seguro.\u201d<\/p>\n<p>&nbsp;<\/p>\n<p>Sobre a Feijoada da Solidariedade<\/p>\n<p>&nbsp;<\/p>\n<p>Trata-se de um evento beneficente que acontece anualmente em Gramado\/Canela, com o objetivo de arrecadar recursos para projetos na \u00e1rea de seguran\u00e7a p\u00fablica. O evento foi idealizado pela jornalista e Desenvolvedora de Neg\u00f3cios, Rozangela Allves, que logo recebeu apoio de in\u00fameros volunt\u00e1rios, sendo organizado pela comunidade local em parceria com empresas e organiza\u00e7\u00f5es dos munic\u00edpios. Al\u00e9m de trabalhar na organiza\u00e7\u00e3o, oferecem a infraestrutura para que os recursos arrecadados sejam 100% doados e contribuam para a melhoria dos servi\u00e7os oferecidos \u00e0 popula\u00e7\u00e3o.<\/p>\n<p>&nbsp;<\/p>\n<p>Apoiadores confirmados desta edi\u00e7\u00e3o<\/p>\n<p>&nbsp;<\/p>\n<p>Casa Nuvole, Mlbk Restaurante, DI Pietro Gramado Restaurante, Catherine Gramado Restaurante, Soleil Casa Perini Restaurante, Sicredi Pioneira, ODB Comunica\u00e7\u00e3o, Ag\u00eancia Veranno, Mercatus Comunica\u00e7\u00e3o, Verardi &amp; Amp Nuhues Advogados, Cleiton Thiele Fotografia, Elite Eventos, Cid Drone Fotografia e Filmagens, Hot\u00e9is Fioreze e Hotel Serra Azul.<\/p>\n<p>&nbsp;<\/p>\n<p>Servi\u00e7o<\/p>\n<p>&nbsp;<\/p>\n<p>Sexta edi\u00e7\u00e3o da Feijoada Solid\u00e1ria<\/p>\n<p>&nbsp;<\/p>\n<p>-Quando: 18 de abril<\/p>\n<p>&nbsp;<\/p>\n<p>-Hor\u00e1rio: 12h30<\/p>\n<p>&nbsp;<\/p>\n<p>-Local: Casa Nuvole<\/p>\n<p>&nbsp;<\/p>\n<p>-Endere\u00e7o: RS-235, 31330 &#8211; Carazal, Gramado &#8211; RS<\/p>\n<p>&nbsp;<\/p>\n<p>-Ingressos limitados. Valor R$ 250,00 por pessoa (Adulto e crian\u00e7as)<\/p>\n<p>&nbsp;<\/p>\n<p>-Vendas com os organizadores ou atrav\u00e9s da plataforma on-line www.wertacesso.com.br\/evento\/feijoada-da-solidaridade<\/p>\n","protected":false},"excerpt":{"rendered":"<p>Evento beneficente ser\u00e1 realizado em 18 de abril, na Casa Nuvole, em Gramado com quatro restaurantes renomados assumindo a cozinha de forma exclusiva &nbsp; A &hellip; <\/p>\n","protected":false},"author":2,"featured_media":40377,"comment_status":"closed","ping_status":"closed","sticky":false,"template":"","format":"standard","meta":{"footnotes":""},"categories":[2],"tags":[],"class_list":["post-40376","post","type-post","status-publish","format-standard","has-post-thumbnail","hentry","category-noticias","latest_post"],"_links":{"self":[{"href":"https:\/\/gilpimentel.com.br\/site\/wp-json\/wp\/v2\/posts\/40376","targetHints":{"allow":["GET"]}}],"collection":[{"href":"https:\/\/gilpimentel.com.br\/site\/wp-json\/wp\/v2\/posts"}],"about":[{"href":"https:\/\/gilpimentel.com.br\/site\/wp-json\/wp\/v2\/types\/post"}],"author":[{"embeddable":true,"href":"https:\/\/gilpimentel.com.br\/site\/wp-json\/wp\/v2\/users\/2"}],"replies":[{"embeddable":true,"href":"https:\/\/gilpimentel.com.br\/site\/wp-json\/wp\/v2\/comments?post=40376"}],"version-history":[{"count":1,"href":"https:\/\/gilpimentel.com.br\/site\/wp-json\/wp\/v2\/posts\/40376\/revisions"}],"predecessor-version":[{"id":40378,"href":"https:\/\/gilpimentel.com.br\/site\/wp-json\/wp\/v2\/posts\/40376\/revisions\/40378"}],"wp:featuredmedia":[{"embeddable":true,"href":"https:\/\/gilpimentel.com.br\/site\/wp-json\/wp\/v2\/media\/40377"}],"wp:attachment":[{"href":"https:\/\/gilpimentel.com.br\/site\/wp-json\/wp\/v2\/media?parent=40376"}],"wp:term":[{"taxonomy":"category","embeddable":true,"href":"https:\/\/gilpimentel.com.br\/site\/wp-json\/wp\/v2\/categories?post=40376"},{"taxonomy":"post_tag","embeddable":true,"href":"https:\/\/gilpimentel.com.br\/site\/wp-json\/wp\/v2\/tags?post=40376"}],"curies":[{"name":"wp","href":"https:\/\/api.w.org\/{rel}","templated":true}]}}