{"id":40342,"date":"2026-03-13T00:01:35","date_gmt":"2026-03-13T03:01:35","guid":{"rendered":"https:\/\/gilpimentel.com.br\/site\/?p=40342"},"modified":"2026-03-12T19:16:46","modified_gmt":"2026-03-12T22:16:46","slug":"estacao-teti-promove-tarde-tematica-sobre-o-universo-das-abelhas-neste-domingo-em-caxias-do-sul","status":"publish","type":"post","link":"https:\/\/gilpimentel.com.br\/site\/estacao-teti-promove-tarde-tematica-sobre-o-universo-das-abelhas-neste-domingo-em-caxias-do-sul\/","title":{"rendered":"ESTA\u00c7\u00c3O T\u00c9TI PROMOVE TARDE TEM\u00c1TICA SOBRE O UNIVERSO DAS ABELHAS NESTE DOMINGO, EM CAXIAS DO SUL"},"content":{"rendered":"<p>Um dos destaques \u00e9 a apresenta\u00e7\u00e3o da pe\u00e7a teatral \u201cO Desfile das Abelhinhas\u201d<\/p>\n<p>&nbsp;<\/p>\n<p>A Esta\u00e7\u00e3o T\u00e9ti promove neste domingo, dia 15 de mar\u00e7o, \u00e0s 16h, uma programa\u00e7\u00e3o especial inspirada no universo das abelhas. Com a proposta de transformar o espa\u00e7o em um verdadeiro jardim de descobertas, a tarde contar\u00e1 com a apresenta\u00e7\u00e3o art\u00edstica da pe\u00e7a teatral \u201cO Desfile das Abelhinhas\u201d, ateli\u00ea investigativo e a presen\u00e7a especial de abelhas sem ferr\u00e3o, proporcionando uma experi\u00eancia encantadora para crian\u00e7as e fam\u00edlias.<\/p>\n<p>&nbsp;<\/p>\n<p>A principal atra\u00e7\u00e3o da programa\u00e7\u00e3o ser\u00e1 a pe\u00e7a teatral \u201cO Desfile das Abelhinhas\u201d, com Ana Schmidt e Cassi Boff. A atividade \u00e9 inspirada no livro escrito por Ana L\u00facia Schmidt e foi pensada especialmente para crian\u00e7as em fase de alfabetiza\u00e7\u00e3o, entre 5 e 8 anos.<\/p>\n<p>&nbsp;<\/p>\n<p>A hist\u00f3ria apresenta Belinha, uma abelha listrada que vive com suas amigas em um bosque repleto de flores. Entre brincadeiras nas p\u00e9talas e goles de n\u00e9ctar tomados com canudinho, elas repetem um ritual especial a cada in\u00edcio de primavera: um desfile de moda com trajes criados a partir dos gr\u00e3os coloridos de p\u00f3len.<\/p>\n<p>&nbsp;<\/p>\n<p>Al\u00e9m da narrativa, o p\u00fablico poder\u00e1 vivenciar uma experi\u00eancia art\u00edstica inspirada no universo do livro. As ilustra\u00e7\u00f5es da obra, criadas manualmente por Gio e Doug com aquarela sobre papel, caneta nanquim e l\u00e1pis aquarel\u00e1vel, d\u00e3o origem a uma instala\u00e7\u00e3o que ser\u00e1 apresentada ao p\u00fablico durante a programa\u00e7\u00e3o.<\/p>\n<p>&nbsp;<\/p>\n<p>A conta\u00e7\u00e3o da hist\u00f3ria ser\u00e1 conduzida pela atriz Cassi Boff, que dar\u00e1 vida a uma Belinha estilizada em intera\u00e7\u00e3o com a crian\u00e7ada. O figurino da personagem, composto por saia, colete e asinhas em preto e amarelo, \u00e9 assinado pela estilista Eliana Zardo.<\/p>\n<p>&nbsp;<\/p>\n<p>Na ocasi\u00e3o, tamb\u00e9m ser\u00e1 apresentado um aparelho l\u00fadico inspirado nas ilustra\u00e7\u00f5es do livro e no universo dos apicultores. A instala\u00e7\u00e3o, criada por Gio e Doug, re\u00fane quatro casinhas coloridas repletas de flores e vegetais, onde as crian\u00e7as poder\u00e3o experimentar, com dedoches, o processo de poliniza\u00e7\u00e3o. A media\u00e7\u00e3o da atividade ser\u00e1 conduzida pelo ator Gabriel Zeni.<\/p>\n<p>&nbsp;<\/p>\n<p>A programa\u00e7\u00e3o ainda contar\u00e1 com um ateli\u00ea investigativo para explorar o mundo das abelhas e com a presen\u00e7a especial de abelhas sem ferr\u00e3o, permitindo que o p\u00fablico observe esses importantes insetos de pertinho e amplie sua conex\u00e3o com a natureza a partir da curiosidade, da sensibilidade e da experi\u00eancia.<\/p>\n<p>&nbsp;<\/p>\n<p>A proposta do encontro \u00e9 oferecer uma viv\u00eancia que una arte, imagina\u00e7\u00e3o e aprendizado, refor\u00e7ando o compromisso da Esta\u00e7\u00e3o T\u00e9ti em criar experi\u00eancias significativas para a inf\u00e2ncia. No espa\u00e7o, a inf\u00e2ncia \u00e9 entendida como tempo de florescer, brincar, aprender e se encantar em contato com diferentes linguagens e descobertas.<\/p>\n<p>&nbsp;<\/p>\n<p>Os ingressos individuais custam R$40 para os adultos, de forma antecipada, R$50 para os adultos no dia e R$20 para as crian\u00e7as (meia-entrada). Tamb\u00e9m tem a op\u00e7\u00e3o do combo fam\u00edlia (2 adultos + 1 crian\u00e7a), por R$75 antecipado e R$90 no dia.<\/p>\n<p>&nbsp;<\/p>\n<p>Os ingressos podem ser garantidos pelo Sympla ou pelo WhatsApp (54) 3019.2605.<\/p>\n<p>&nbsp;<\/p>\n<p>Essa atividade integra o projeto Arte em Fam\u00edlia, que tem financiamento da Lei Municipal de Incentivo \u00e0 Cultura de Caxias do Sul, com apoio cultural da Unimed Serra Ga\u00facha e do Instituto Elisabetha Randon. A iniciativa \u00e9 realizada pela Cali Gest\u00e3o Cultural e Esta\u00e7\u00e3o T\u00e9ti.<\/p>\n<p>&nbsp;<\/p>\n<p>SERVI\u00c7O:<\/p>\n<p>&nbsp;<\/p>\n<p>O qu\u00ea: Tarde tem\u00e1tica sobre o universo das abelhas, com a apresenta\u00e7\u00e3o da pe\u00e7a \u201cO Desfile das Abelhinhas\u201d, ateli\u00ea investigativo e presen\u00e7a de abelhas sem ferr\u00e3o<\/p>\n<p>&nbsp;<\/p>\n<p>Quando: neste domingo, 15 de mar\u00e7o, \u00e0s 16h<\/p>\n<p>&nbsp;<\/p>\n<p>Onde: Esta\u00e7\u00e3o T\u00e9ti (Rua Augusto Pestana, 145, Esta\u00e7\u00e3o F\u00e9rrea, Caxias do Sul\/RS)<\/p>\n<p>&nbsp;<\/p>\n<p>Ingressos: pelo Sympla<\/p>\n<p>&nbsp;<\/p>\n<p>SOBRE A ESTA\u00c7\u00c3O T\u00c9TI<\/p>\n<p>&nbsp;<\/p>\n<p>A Esta\u00e7\u00e3o T\u00e9ti \u00e9 um centro cultural localizado em Caxias do Sul (RS), criado para ser um espa\u00e7o inovador de arte, cultura, inf\u00e2ncia e conviv\u00eancia familiar. Ele est\u00e1 instalada na hist\u00f3rica Esta\u00e7\u00e3o F\u00e9rrea da cidade, em um pr\u00e9dio de 600 metros quadrados com mezanino, e re\u00fane diferentes ambientes pensados para acolher tanto crian\u00e7as quanto adultos.<\/p>\n","protected":false},"excerpt":{"rendered":"<p>Um dos destaques \u00e9 a apresenta\u00e7\u00e3o da pe\u00e7a teatral \u201cO Desfile das Abelhinhas\u201d &nbsp; A Esta\u00e7\u00e3o T\u00e9ti promove neste domingo, dia 15 de mar\u00e7o, \u00e0s &hellip; <\/p>\n","protected":false},"author":2,"featured_media":40343,"comment_status":"closed","ping_status":"closed","sticky":false,"template":"","format":"standard","meta":{"footnotes":""},"categories":[2],"tags":[],"class_list":["post-40342","post","type-post","status-publish","format-standard","has-post-thumbnail","hentry","category-noticias","latest_post"],"_links":{"self":[{"href":"https:\/\/gilpimentel.com.br\/site\/wp-json\/wp\/v2\/posts\/40342","targetHints":{"allow":["GET"]}}],"collection":[{"href":"https:\/\/gilpimentel.com.br\/site\/wp-json\/wp\/v2\/posts"}],"about":[{"href":"https:\/\/gilpimentel.com.br\/site\/wp-json\/wp\/v2\/types\/post"}],"author":[{"embeddable":true,"href":"https:\/\/gilpimentel.com.br\/site\/wp-json\/wp\/v2\/users\/2"}],"replies":[{"embeddable":true,"href":"https:\/\/gilpimentel.com.br\/site\/wp-json\/wp\/v2\/comments?post=40342"}],"version-history":[{"count":1,"href":"https:\/\/gilpimentel.com.br\/site\/wp-json\/wp\/v2\/posts\/40342\/revisions"}],"predecessor-version":[{"id":40344,"href":"https:\/\/gilpimentel.com.br\/site\/wp-json\/wp\/v2\/posts\/40342\/revisions\/40344"}],"wp:featuredmedia":[{"embeddable":true,"href":"https:\/\/gilpimentel.com.br\/site\/wp-json\/wp\/v2\/media\/40343"}],"wp:attachment":[{"href":"https:\/\/gilpimentel.com.br\/site\/wp-json\/wp\/v2\/media?parent=40342"}],"wp:term":[{"taxonomy":"category","embeddable":true,"href":"https:\/\/gilpimentel.com.br\/site\/wp-json\/wp\/v2\/categories?post=40342"},{"taxonomy":"post_tag","embeddable":true,"href":"https:\/\/gilpimentel.com.br\/site\/wp-json\/wp\/v2\/tags?post=40342"}],"curies":[{"name":"wp","href":"https:\/\/api.w.org\/{rel}","templated":true}]}}