{"id":40314,"date":"2026-03-12T06:20:30","date_gmt":"2026-03-12T09:20:30","guid":{"rendered":"https:\/\/gilpimentel.com.br\/site\/?p=40314"},"modified":"2026-03-12T19:01:22","modified_gmt":"2026-03-12T22:01:22","slug":"exposicao-de-eduardo-srur-entra-em-cartaz-no-mac-rs-com-reflexao-sobre-consumo-e-descarte","status":"publish","type":"post","link":"https:\/\/gilpimentel.com.br\/site\/exposicao-de-eduardo-srur-entra-em-cartaz-no-mac-rs-com-reflexao-sobre-consumo-e-descarte\/","title":{"rendered":"EXPOSI\u00c7\u00c3O DE EDUARDO SRUR ENTRA EM CARTAZ NO MAC RS COM REFLEX\u00c3O SOBRE CONSUMO E DESCARTE"},"content":{"rendered":"<p>O Museu de Arte Contempor\u00e2nea do Rio Grande do Sul (MAC RS), institui\u00e7\u00e3o da Secretaria da Cultura (Sedac), marca uma nova fase em sua sede no 4\u00ba Distrito, com a expans\u00e3o da mostra \u201cDa margem \u00e0 beleza\u201d, do artista paulistano Eduardo Srur. Com curadoria do ga\u00facho Fernando Zugno, a exposi\u00e7\u00e3o, aberta ao p\u00fablico, inaugura em 14 de mar\u00e7o, ocupando o espa\u00e7o que foi entregue \u00e0 capital ga\u00facha em agosto de 2025.<\/p>\n<p>O projeto \u2014 realizado com financiamento do governo do Estado por meio da Lei de Incentivo \u00e0 Cultura (LIC), com patroc\u00ednio ouro da Hertz Farmac\u00eautica e Sulg\u00e1s, al\u00e9m da parceria institucional da Virada Sustent\u00e1vel \u2014 prop\u00f5e um di\u00e1logo necess\u00e1rio com a realidade urbana e industrial da regi\u00e3o onde a nova sede do MAC RS est\u00e1 situada, a fim de discutir consumo, descarte, reciclagem e sustentabilidade. A visita\u00e7\u00e3o \u00e9 aberta ao p\u00fablico, com entrada gratuita, de 15 de mar\u00e7o a 12 de julho (de ter\u00e7as a sextas-feiras, das 12h \u00e0s 18h, e aos finais de semana e feriados, das 10h \u00e0s 18h).<\/p>\n<p>Reconhecido por sua trajet\u00f3ria nas interven\u00e7\u00f5es urbanas e arte ambiental, Srur apresenta mais de 40 obras, incluindo pinturas, instala\u00e7\u00f5es e v\u00eddeos que demonstram a conviv\u00eancia di\u00e1ria com o excesso de res\u00edduos. A exposi\u00e7\u00e3o revela a \u201ccoreografia silenciosa do lixo\u201d na vida contempor\u00e2nea ao utilizar materiais como sacolas pl\u00e1sticas recolhidas em margens de rios, alimentos industrializados, carrinhos de supermercado e ca\u00e7ambas de entulho, criando dispositivos que deslocam o olhar comum.<\/p>\n<p>Nas obras \u201cMercado\u201d e \u201cSupermercado\u201d, o artista exp\u00f5e a dist\u00e2ncia cr\u00edtica entre o alimento, o corpo e a natureza, enquanto suas esculturas \u201cCa\u00e7ambas\u201d (instaladas originalmente pelas ruas de S\u00e3o Paulo) apontam o percurso invis\u00edvel dos res\u00edduos em dire\u00e7\u00e3o \u00e0s periferias das cidades. Essas obras t\u00eam o formato de uma ca\u00e7amba de entulho que deixam vis\u00edvel o res\u00edduo. Ao expor o que normalmente escondemos, o artista questiona o desperd\u00edcio de alimentos e lembra que, quando jogamos algo \u201cfora\u201d, ele n\u00e3o desaparece, apenas muda de lugar. As esculturas poder\u00e3o ser apreciadas n\u00e3o somente no MAC RS, mas em diversos pontos de Porto Alegre: Rua 7 de Setembro, em frente \u00e0 Casa de Cultura Mario Quintana (CCMQ); Pra\u00e7a Montevid\u00e9u, diante do Museu de Arte de Porto Alegre (MAPA); Rua Volunt\u00e1rios da P\u00e1tria; Rua S\u00e3o Carlos, na Pra\u00e7a Florida; e Loteamento Santa Terezinha (Vila dos Papeleiros)<\/p>\n<p>A mostra de Eduardo Srur no Museu estende-se para al\u00e9m das galerias, integrando tamb\u00e9m um programa educativo. Entre as a\u00e7\u00f5es, est\u00e1 a oficina \u201cNatureza Pl\u00e1stica\u201d, que ocupar\u00e1 o Bonde 01 da Esta\u00e7\u00e3o dos Bondes \u2014 um dos bondes hist\u00f3ricos restaurados no p\u00e1tio do Museu, no 4\u00ba Distrito. A integra\u00e7\u00e3o entre o espa\u00e7o expositivo e a Esta\u00e7\u00e3o refor\u00e7a o MAC RS como um ponto de encontro entre hist\u00f3ria, educa\u00e7\u00e3o e cria\u00e7\u00e3o contempor\u00e2nea.<\/p>\n<p>Para a diretora do MAC RS, Adriana Boff, a participa\u00e7\u00e3o do artista representa um momento estrat\u00e9gico para a atua\u00e7\u00e3o institucional no territ\u00f3rio. \u201cA presen\u00e7a de Srur marca uma etapa fundamental na nossa consolida\u00e7\u00e3o no 4\u00ba Distrito, unindo a pot\u00eancia est\u00e9tica da arte para ampliar uma discuss\u00e3o urgente sobre sustentabilidade e meio ambiente. Ao expandir o espa\u00e7o expositivo para al\u00e9m das galerias e ocupar a cidade com a instala\u00e7\u00e3o \u2018Ca\u00e7ambas\u2019, criamos um elo f\u00edsico entre as nossas sedes, na Casa de Cultura Mario Quintana (CCMQ) e no 4\u00ba Distrito\u201d, ressalta Adriana. Para ela, a ocupa\u00e7\u00e3o \u201cabre novas fronteiras para a acessibilidade \u00e0 arte, possibilitando o interc\u00e2mbio de experi\u00eancias e de conhecimento, que s\u00e3o a espinha dorsal do MAC RS\u201d.<\/p>\n<p>Di\u00e1logo com artista e forma\u00e7\u00e3o para educadores<br \/>\nA programa\u00e7\u00e3o vinculada \u00e0 mostra contar\u00e1 ainda com uma s\u00e9rie de atividades p\u00fablicas e formativas, promovendo encontros e conversas com convidados voltados \u00e0 reflex\u00e3o sobre os temas que atravessam a exposi\u00e7\u00e3o. Entre os destaques, est\u00e1 o programa Conversas de Casa, que ocorre em 14 de mar\u00e7o, \u00e0s 10h, reunindo o artista Eduardo Srur, o curador Fernando Zugno e a diretora Adriana Boff em um debate sobre os processos de cria\u00e7\u00e3o e constru\u00e7\u00e3o de \u201cDa margem \u00e0 beleza\u201d.<\/p>\n<p>Al\u00e9m disso, a proposta de forma\u00e7\u00e3o \u201cNatureza Pl\u00e1stica\u201d ocupar\u00e1 o Bonde 01 da Esta\u00e7\u00e3o dos Bondes, um dos ve\u00edculos hist\u00f3ricos restaurados no p\u00e1tio do Museu. A integra\u00e7\u00e3o entre o espa\u00e7o expositivo e a Esta\u00e7\u00e3o refor\u00e7a o local como um ponto de encontro entre hist\u00f3ria, educa\u00e7\u00e3o e cria\u00e7\u00e3o contempor\u00e2nea. Ser\u00e3o dois encontros formativos, nos dias 12 e 13 de mar\u00e7o, voltados para educadores de todos os n\u00edveis de ensino.<\/p>\n<p>Durante a capacita\u00e7\u00e3o, os participantes ter\u00e3o a oportunidade de conhecer a exposi\u00e7\u00e3o em primeira m\u00e3o, antes de sua inaugura\u00e7\u00e3o oficial. O artista e sua equipe compartilhar\u00e3o experi\u00eancias de cria\u00e7\u00e3o, discutindo os impactos ambientais na vida urbana e o papel da arte nesse debate. Ao fim do encontro, haver\u00e1 uma demonstra\u00e7\u00e3o pr\u00e1tica da oficina \u201cNatureza Pl\u00e1stica\u201d, que poder\u00e1 ser replicada em contextos educativos. As inscri\u00e7\u00f5es para a forma\u00e7\u00e3o, com certificado emitido pelo MAC RS, devem ser feitas previamente, por meio do formul\u00e1rio dispon\u00edvel neste link.<\/p>\n<p>Com essas iniciativas, o Museu amplia o acesso \u00e0 arte contempor\u00e2nea e convida o p\u00fablico a refletir sobre quest\u00f5es do cotidiano e do meio ambiente. Situada no bairro Floresta, a sede do MAC RS no 4\u00ba Distrito \u00e9 totalmente equipada com rampas, elevador e piso t\u00e1til, e oferece recursos de acessibilidade como v\u00eddeo em Libras, maquete t\u00e1til e textos em linguagem facilitada.<\/p>\n<p>SERVI\u00c7O<br \/>\nExposi\u00e7\u00e3o \u201cDa margem \u00e0 beleza\u201d, de Eduardo Srur, no MAC RS no 4\u00ba Distrito<br \/>\nAbertura: 14 de mar\u00e7o (s\u00e1bado), \u00e0s 10h<br \/>\nVisita\u00e7\u00e3o: At\u00e9 12 de julho. De ter\u00e7a a sexta-feira, das 12h \u00e0s 18h. S\u00e1bados, domingos e feriados, das 10h \u00e0s 18h<br \/>\nOnde: Rua Comendador Azevedo, 256, Bairro Floresta, Porto Alegre\/RS<br \/>\nEntrada gratuita<\/p>\n<p>Programa Conversas de Casa, com Eduardo Srur, Fernando Zugno e Adriana Boff<br \/>\nQuando: 14 de mar\u00e7o (s\u00e1bado), \u00e0s 10h<br \/>\nOnde: Rua Comendador Azevedo, 256, Bairro Floresta, Porto Alegre\/RS<br \/>\nEntrada gratuita<\/p>\n<p>Encontro e forma\u00e7\u00e3o com educadores<br \/>\nQuando: 12 de mar\u00e7o, das 14h \u00e0s 16h30, e 13 de mar\u00e7o, das 10h \u00e0s 12h30<br \/>\nOnde: Rua Comendador Azevedo, 256, Bairro Floresta, Porto Alegre\/RS<br \/>\nInscri\u00e7\u00f5es gratuitas, por meio de formul\u00e1rio eletr\u00f4nico.<\/p>\n","protected":false},"excerpt":{"rendered":"<p>O Museu de Arte Contempor\u00e2nea do Rio Grande do Sul (MAC RS), institui\u00e7\u00e3o da Secretaria da Cultura (Sedac), marca uma nova fase em sua sede &hellip; <\/p>\n","protected":false},"author":2,"featured_media":40315,"comment_status":"closed","ping_status":"closed","sticky":false,"template":"","format":"standard","meta":{"footnotes":""},"categories":[2],"tags":[],"class_list":["post-40314","post","type-post","status-publish","format-standard","has-post-thumbnail","hentry","category-noticias","latest_post"],"_links":{"self":[{"href":"https:\/\/gilpimentel.com.br\/site\/wp-json\/wp\/v2\/posts\/40314","targetHints":{"allow":["GET"]}}],"collection":[{"href":"https:\/\/gilpimentel.com.br\/site\/wp-json\/wp\/v2\/posts"}],"about":[{"href":"https:\/\/gilpimentel.com.br\/site\/wp-json\/wp\/v2\/types\/post"}],"author":[{"embeddable":true,"href":"https:\/\/gilpimentel.com.br\/site\/wp-json\/wp\/v2\/users\/2"}],"replies":[{"embeddable":true,"href":"https:\/\/gilpimentel.com.br\/site\/wp-json\/wp\/v2\/comments?post=40314"}],"version-history":[{"count":1,"href":"https:\/\/gilpimentel.com.br\/site\/wp-json\/wp\/v2\/posts\/40314\/revisions"}],"predecessor-version":[{"id":40316,"href":"https:\/\/gilpimentel.com.br\/site\/wp-json\/wp\/v2\/posts\/40314\/revisions\/40316"}],"wp:featuredmedia":[{"embeddable":true,"href":"https:\/\/gilpimentel.com.br\/site\/wp-json\/wp\/v2\/media\/40315"}],"wp:attachment":[{"href":"https:\/\/gilpimentel.com.br\/site\/wp-json\/wp\/v2\/media?parent=40314"}],"wp:term":[{"taxonomy":"category","embeddable":true,"href":"https:\/\/gilpimentel.com.br\/site\/wp-json\/wp\/v2\/categories?post=40314"},{"taxonomy":"post_tag","embeddable":true,"href":"https:\/\/gilpimentel.com.br\/site\/wp-json\/wp\/v2\/tags?post=40314"}],"curies":[{"name":"wp","href":"https:\/\/api.w.org\/{rel}","templated":true}]}}