{"id":40297,"date":"2026-03-12T04:26:59","date_gmt":"2026-03-12T07:26:59","guid":{"rendered":"https:\/\/gilpimentel.com.br\/site\/?p=40297"},"modified":"2026-03-12T18:36:34","modified_gmt":"2026-03-12T21:36:34","slug":"renda-e-veludo-em-destaque-sofisticacao-marca-o-inverno-2026","status":"publish","type":"post","link":"https:\/\/gilpimentel.com.br\/site\/renda-e-veludo-em-destaque-sofisticacao-marca-o-inverno-2026\/","title":{"rendered":"RENDA E VELUDO EM DESTAQUE: SOFISTICA\u00c7\u00c3O MARCA O INVERNO 2026"},"content":{"rendered":"<p>Texturas cl\u00e1ssicas voltam \u00e0s passarelas e marcam a eleg\u00e2ncia atemporal na nova temporada<\/p>\n<p>&nbsp;<\/p>\n<p>A temporada internacional de inverno 2026 se encerrou oficialmente na \u00faltima ter\u00e7a-feira (10), revelando algumas das dire\u00e7\u00f5es mais consistentes do momento. Entre silhuetas e acess\u00f3rios apresentados nas passarelas, dois materiais chamaram aten\u00e7\u00e3o pela for\u00e7a est\u00e9tica: a renda e o veludo. \u00c9 de se pensar que essa seja uma retomada nost\u00e1lgica, mas duas texturas surgem reinterpretadas em uma leitura de cen\u00e1rio que reflete o olhar contempor\u00e2neo sobre comportamento.<\/p>\n<p>&nbsp;<\/p>\n<p>Nas grandes maisons, esse di\u00e1logo entre passado e presente se tornou evidente. Nicolas Ghesqui\u00e8re, diretor criativo da Louis Vuitton, apresentou uma cole\u00e7\u00e3o que mistura refer\u00eancias naturais com um universo visual atravessado pelo digital, refletindo a forma como o mundo tem ressignificado a est\u00e9tica cl\u00e1ssica. Essa discuss\u00e3o sobre o futuro da moda j\u00e1 vinha sendo explorada anteriormente, como por Miuccia Prada e Raf Simons nos desfiles da Prada em 2025, apontando para uma temporada mais reflexiva sobre impactos clim\u00e1ticos, culturais e tecnol\u00f3gicos e como passam a influenciar diretamente o vestir.<\/p>\n<p>&nbsp;<\/p>\n<p>A renda e o jogo entre delicadeza e estrutura<\/p>\n<p>&nbsp;<\/p>\n<p>Entre as presen\u00e7as mais marcantes da temporada est\u00e1 a renda, material que divide opini\u00f5es, mas que permanece como um dos elementos mais atemporais do guarda-roupa feminino. Nas cole\u00e7\u00f5es de inverno 2026, ela retorna \u00e0s passarelas com nova for\u00e7a, explorando a transpar\u00eancia e tamb\u00e9m contrastes de textura.<\/p>\n<p>&nbsp;<\/p>\n<p>Durante a Paris Fashion Week, a modelo Bella Hadid atravessou a passarela da Saint Laurent em um vestido de renda preta transparente, de al\u00e7as finas e decote em V, trazendo a eleg\u00e2ncia minimalista que tem marcado o momento. O impacto visual da pe\u00e7a mostrou como a renda pode equilibrar sensualidade e sofistica\u00e7\u00e3o quando aplicada com precis\u00e3o.<\/p>\n<p>&nbsp;<\/p>\n<p>Para a estilista Mayara Pinho, do Grupo Deep, o segredo est\u00e1 na composi\u00e7\u00e3o. \u201cA dica para a usabilidade \u00e9 equilibrar a transpar\u00eancia da renda com cores s\u00f3brias, como preto ou cinza. Isso traz sofistica\u00e7\u00e3o e torna a pe\u00e7a mais f\u00e1cil de adaptar ao cotidiano\u201d, explica.<\/p>\n<p>&nbsp;<\/p>\n<p>A textura tamb\u00e9m aparece na cole\u00e7\u00e3o Archive, inverno 2026 da Deep, lan\u00e7ada no fim de fevereiro. Na proposta da marca fortalezense, a renda surge em di\u00e1logo com tecidos estruturados e tonalidades discretas, refor\u00e7ando a ideia de um inverno mais leve e vers\u00e1til, adaptado ao clima brasileiro.<\/p>\n<p>&nbsp;<\/p>\n<p>Veludo ampliando sensa\u00e7\u00f5es<\/p>\n<p>&nbsp;<\/p>\n<p>Se a renda explora leveza e transpar\u00eancia, o veludo surge como contraponto de profundidade e densidade visual. O tecido, historicamente associado \u00e0 sofistica\u00e7\u00e3o, voltou a aparecer com destaque nas passarelas da temporada.<\/p>\n<p>&nbsp;<\/p>\n<p>Na apresenta\u00e7\u00e3o da Jean Paul Gaultier, o veludo ganhou protagonismo em pe\u00e7as com drapeados assinados por Duran Lantink, evidenciando o potencial escult\u00f3rico do material. No desfile, Duran trouxe o seu toque l\u00fadico e a alfaiataria da casa, e a presen\u00e7a do tecido \u00e9 um cl\u00e1ssico incontorn\u00e1vel.<\/p>\n<p>&nbsp;<\/p>\n<p>\u201cMesmo quando as tend\u00eancias mudam rapidamente, tecidos como o veludo permanecem relevantes. Ele pode aparecer em pe\u00e7as estrat\u00e9gicas para inserir cor e textura no look, al\u00e9m de trazer conforto e funcionalidade para o inverno\u201d, acrescenta Mayara.<\/p>\n<p>&nbsp;<\/p>\n<p>A for\u00e7a da tend\u00eancia tamb\u00e9m j\u00e1 ultrapassou as passarelas. Durante a Paris Fashion Week, a atriz Chase Infiniti, do filme Uma batalha ap\u00f3s a outra, acompanhou o desfile da Louis Vuitton usando um visual inteiramente em veludo roxo, com gola alta e bot\u00f5es ao longo da parte frontal, sinalizando como o tecido j\u00e1 come\u00e7a a aparecer nas escolhas de celebridades fora do ambiente das apresenta\u00e7\u00f5es oficiais.<\/p>\n<p>&nbsp;<\/p>\n<p>Entre transpar\u00eancias delicadas e texturas profundas, renda e veludo mostram que o inverno de 2026 n\u00e3o est\u00e1 apenas interessado no novo. A temporada aponta para uma moda que revisita materiais cl\u00e1ssicos, ressignificando-os dentro de um contexto contempor\u00e2neo, onde eleg\u00e2ncia e funcionalidade caminham lado a lado.<\/p>\n","protected":false},"excerpt":{"rendered":"<p>Texturas cl\u00e1ssicas voltam \u00e0s passarelas e marcam a eleg\u00e2ncia atemporal na nova temporada &nbsp; A temporada internacional de inverno 2026 se encerrou oficialmente na \u00faltima &hellip; <\/p>\n","protected":false},"author":2,"featured_media":40298,"comment_status":"closed","ping_status":"closed","sticky":false,"template":"","format":"standard","meta":{"footnotes":""},"categories":[2],"tags":[],"class_list":["post-40297","post","type-post","status-publish","format-standard","has-post-thumbnail","hentry","category-noticias","latest_post"],"_links":{"self":[{"href":"https:\/\/gilpimentel.com.br\/site\/wp-json\/wp\/v2\/posts\/40297","targetHints":{"allow":["GET"]}}],"collection":[{"href":"https:\/\/gilpimentel.com.br\/site\/wp-json\/wp\/v2\/posts"}],"about":[{"href":"https:\/\/gilpimentel.com.br\/site\/wp-json\/wp\/v2\/types\/post"}],"author":[{"embeddable":true,"href":"https:\/\/gilpimentel.com.br\/site\/wp-json\/wp\/v2\/users\/2"}],"replies":[{"embeddable":true,"href":"https:\/\/gilpimentel.com.br\/site\/wp-json\/wp\/v2\/comments?post=40297"}],"version-history":[{"count":1,"href":"https:\/\/gilpimentel.com.br\/site\/wp-json\/wp\/v2\/posts\/40297\/revisions"}],"predecessor-version":[{"id":40299,"href":"https:\/\/gilpimentel.com.br\/site\/wp-json\/wp\/v2\/posts\/40297\/revisions\/40299"}],"wp:featuredmedia":[{"embeddable":true,"href":"https:\/\/gilpimentel.com.br\/site\/wp-json\/wp\/v2\/media\/40298"}],"wp:attachment":[{"href":"https:\/\/gilpimentel.com.br\/site\/wp-json\/wp\/v2\/media?parent=40297"}],"wp:term":[{"taxonomy":"category","embeddable":true,"href":"https:\/\/gilpimentel.com.br\/site\/wp-json\/wp\/v2\/categories?post=40297"},{"taxonomy":"post_tag","embeddable":true,"href":"https:\/\/gilpimentel.com.br\/site\/wp-json\/wp\/v2\/tags?post=40297"}],"curies":[{"name":"wp","href":"https:\/\/api.w.org\/{rel}","templated":true}]}}