{"id":40269,"date":"2026-03-11T11:22:07","date_gmt":"2026-03-11T14:22:07","guid":{"rendered":"https:\/\/gilpimentel.com.br\/site\/?p=40269"},"modified":"2026-03-11T16:17:45","modified_gmt":"2026-03-11T19:17:45","slug":"para-os-dias-de-frio-sopa-do-alfabeto","status":"publish","type":"post","link":"https:\/\/gilpimentel.com.br\/site\/para-os-dias-de-frio-sopa-do-alfabeto\/","title":{"rendered":"PARA OS DIAS DE FRIO &#8211; SOPA DO ALFABETO"},"content":{"rendered":"<p><i>Uma refei\u00e7\u00e3o divertida para os pequenos e para a fam\u00edlia<\/i><\/p>\n<div id=\"m#msg-f:1859376630167088575\" class=\"mail-message expanded\">\n<div id=\"m#msg-f:1859376630167088575-content\" class=\"mail-message-content collapsible zoom-normal mail-show-images msg-6590008516938011103\">\n<div class=\"clear\">\n<p>&nbsp;<\/p>\n<div>\n<div style=\"text-align: left;\">\n<p>A Sopa do Alfabeto \u00e9 uma receita pr\u00e1tica e nutritiva, ideal para aquecer nos dias de temperatura baixa e conquistar o paladar das crian\u00e7as.<\/p>\n<p>Com carne macia, legumes variados e massa em formato de letrinhas, ela combina saciedade e nutri\u00e7\u00e3o \u00e0 mesa.<\/p>\n<p>F\u00e1cil de preparar, rende bastante e transforma o jantar em um momento leve e saboroso para toda a fam\u00edlia.<\/p>\n<p><strong>Sopa do Alfabeto<\/strong><\/p>\n<p>&nbsp;<\/p>\n<p><strong>Ingredientes:<\/strong><\/p>\n<ul>\n<li>3 colheres (sopa) de azeite<\/li>\n<li>1 x\u00edcara (ch\u00e1) de\u00a0<strong>Alfabeto Animado Isabela<\/strong>\u00a0(125 g)<\/li>\n<li>500 g de m\u00fasculo bovino cortado em cubos pequenos<\/li>\n<li>1 cebola pequena picada<\/li>\n<li>2 dentes de alho picados<\/li>\n<li>sal a gosto<\/li>\n<li>1 cenoura m\u00e9dia em cubinhos<\/li>\n<li>2 mandioquinhas m\u00e9dias em cubinhos<\/li>\n<li>1 inhame cortado em cubinhos<\/li>\n<\/ul>\n<p><strong>Modo de Preparo:<\/strong><\/p>\n<p>&#8211; Na panela de press\u00e3o, aque\u00e7a o azeite e doure a carne. Junte a cebola, o alho e refogue por 2 minutos. Acrescente 1,5 litro de \u00e1gua quente, tempere com o sal, tampe a panela e cozinhe por 20 minutos ap\u00f3s o in\u00edcio da press\u00e3o.<\/p>\n<p>&#8211; Desligue o fogo, espere ceder toda a press\u00e3o e abra a panela. Junte os legumes e cozinhe-os em fogo baixo por 5 minutos, mexendo de vez em quando, ou at\u00e9 que estejam macios. Coloque a massa e mantenha em fogo baixo, por cerca de 6 minutos ou at\u00e9 que esteja macia. Desligue o fogo, prove o sal e sirva em seguida.<\/p>\n<p><strong>Rendimento<\/strong>: 8 por\u00e7\u00f5es<\/p>\n<p><strong>Tempo de preparo<\/strong>: 40 minutos<\/p>\n<p>&nbsp;<\/p>\n<p>&nbsp;<\/p>\n<\/div>\n<\/div>\n<p>&nbsp;<\/p>\n<\/div>\n<\/div>\n<\/div>\n","protected":false},"excerpt":{"rendered":"<p>Uma refei\u00e7\u00e3o divertida para os pequenos e para a fam\u00edlia &nbsp; A Sopa do Alfabeto \u00e9 uma receita pr\u00e1tica e nutritiva, ideal para aquecer nos &hellip; <\/p>\n","protected":false},"author":2,"featured_media":40270,"comment_status":"closed","ping_status":"closed","sticky":false,"template":"","format":"standard","meta":{"footnotes":""},"categories":[2],"tags":[],"class_list":["post-40269","post","type-post","status-publish","format-standard","has-post-thumbnail","hentry","category-noticias","latest_post"],"_links":{"self":[{"href":"https:\/\/gilpimentel.com.br\/site\/wp-json\/wp\/v2\/posts\/40269","targetHints":{"allow":["GET"]}}],"collection":[{"href":"https:\/\/gilpimentel.com.br\/site\/wp-json\/wp\/v2\/posts"}],"about":[{"href":"https:\/\/gilpimentel.com.br\/site\/wp-json\/wp\/v2\/types\/post"}],"author":[{"embeddable":true,"href":"https:\/\/gilpimentel.com.br\/site\/wp-json\/wp\/v2\/users\/2"}],"replies":[{"embeddable":true,"href":"https:\/\/gilpimentel.com.br\/site\/wp-json\/wp\/v2\/comments?post=40269"}],"version-history":[{"count":2,"href":"https:\/\/gilpimentel.com.br\/site\/wp-json\/wp\/v2\/posts\/40269\/revisions"}],"predecessor-version":[{"id":40283,"href":"https:\/\/gilpimentel.com.br\/site\/wp-json\/wp\/v2\/posts\/40269\/revisions\/40283"}],"wp:featuredmedia":[{"embeddable":true,"href":"https:\/\/gilpimentel.com.br\/site\/wp-json\/wp\/v2\/media\/40270"}],"wp:attachment":[{"href":"https:\/\/gilpimentel.com.br\/site\/wp-json\/wp\/v2\/media?parent=40269"}],"wp:term":[{"taxonomy":"category","embeddable":true,"href":"https:\/\/gilpimentel.com.br\/site\/wp-json\/wp\/v2\/categories?post=40269"},{"taxonomy":"post_tag","embeddable":true,"href":"https:\/\/gilpimentel.com.br\/site\/wp-json\/wp\/v2\/tags?post=40269"}],"curies":[{"name":"wp","href":"https:\/\/api.w.org\/{rel}","templated":true}]}}