{"id":40256,"date":"2026-03-11T05:00:53","date_gmt":"2026-03-11T08:00:53","guid":{"rendered":"https:\/\/gilpimentel.com.br\/site\/?p=40256"},"modified":"2026-03-11T16:06:03","modified_gmt":"2026-03-11T19:06:03","slug":"pink-tour-2026-bernardo-guedes-transforma-recorde-mundial-em-missao-de-amor-e-solidariedade-em-turne-solidaria-pelo-rs","status":"publish","type":"post","link":"https:\/\/gilpimentel.com.br\/site\/pink-tour-2026-bernardo-guedes-transforma-recorde-mundial-em-missao-de-amor-e-solidariedade-em-turne-solidaria-pelo-rs\/","title":{"rendered":"PINK TOUR 2026: BERNARDO GUEDES TRANSFORMA RECORDE MUNDIAL EM MISS\u00c3O DE AMOR E SOLIDARIEDADE EM TURN\u00ca SOLID\u00c1RIA PELO RS"},"content":{"rendered":"<p>O Jornalista e apresentador de TV n\u00e3o apenas det\u00e9m o t\u00edtulo de maior colecionador de Ken do mundo, mas utiliza sua influ\u00eancia e prest\u00edgio internacional como ferramentas de transforma\u00e7\u00e3o social, provando que o verdadeiro valor de sua trajet\u00f3ria est\u00e1 no impacto positivo que gera na vida das pessoas.<\/p>\n<p>&nbsp;<\/p>\n<p>Reconhecido pelo Official World Records e pelo RankBrasil como o maior colecionador do boneco Ken, Bernardo transformou sua paix\u00e3o em uma corrente de solidariedade. A partir deste s\u00e1bado, 14 de mar\u00e7o, o projeto social Pink Tour inicia sua 5\u00aa edi\u00e7\u00e3o, trazendo um time de influenciadores gigantes do YouTube e TikTok para uma maratona de a\u00e7\u00f5es sociais e culturais no Rio Grande do Sul.<\/p>\n<p>Idealizado em 2021, o Pink Tour nasceu da percep\u00e7\u00e3o de Guedes sobre o &#8220;gap&#8221; entre as crian\u00e7as e seus \u00eddolos. &#8220;Percebi que faltava essa proximidade. Crian\u00e7a tem que ser crian\u00e7a, tem que brincar e ter seus direitos assegurados&#8221;, afirma o colecionador. O projeto, que j\u00e1 passou por Curitiba e S\u00e3o Paulo e foi destaque nacional no programa The Noite com Danilo Gentili, opera de forma 100% volunt\u00e1ria, contando com o apoio de empres\u00e1rios para viabilizar a log\u00edstica e transformar sonhos em realidade.<\/p>\n<p>&nbsp;<\/p>\n<p>Encontro de Gigantes do Digital<\/p>\n<p>&nbsp;<\/p>\n<p>A edi\u00e7\u00e3o deste ano destaca-se pela curadoria de talentos que conversam diretamente com a nova gera\u00e7\u00e3o. Entre os confirmados que desembarcam no Estado est\u00e3o:<\/p>\n<p>&nbsp;<\/p>\n<p>Jessy Sparkle e Marco Filipe: Do canal O Estranho Mundo de Jessy;<\/p>\n<p>&nbsp;<\/p>\n<p>Kak\u00e1 Moreira e Vin\u00edcius Lino: Refer\u00eancias em colecionismo e o fen\u00f4meno das m\u00e1quinas de pel\u00facia;<\/p>\n<p>&nbsp;<\/p>\n<p>Andr\u00e9 Rolim: Conhecido nacionalmente pelos seus reacts de sucesso;<\/p>\n<p>&nbsp;<\/p>\n<p>Let\u00edcia Swarovski a Barbie Ga\u00facha e a TikToker Isinha, que representam o talento local.<\/p>\n<p>Uma convidada surpresa, mantida sob sigilo absoluto, ser\u00e1 revelada apenas no s\u00e1bado atrav\u00e9s das redes sociais dos participantes.<\/p>\n<p>&nbsp;<\/p>\n<p>Solidariedade<\/p>\n<p>&nbsp;<\/p>\n<p>O roteiro come\u00e7a na capital ga\u00facha com uma visita \u00e0 institui\u00e7\u00e3o P\u00e3o dos Pobres. Sob o comando de Rita Rosa, Cristiane Sant\u2019Anna e Ad\u00ea Valen\u00e7a (equipe expert em eventos sociais), os artistas realizar\u00e3o uma grande festa para as crian\u00e7as atendidas. Gra\u00e7as ao apoio das empresas Oderich, Panf\u00e1cil, Unisuper, Buzzy e Tris, al\u00e9m de doa\u00e7\u00f5es de seguidores que viabilizaram livros de colorir do Bobby Goods, a tarde ser\u00e1 repleta de lanches e atividades l\u00fadicas.<\/p>\n<p>Ap\u00f3s a a\u00e7\u00e3o social e uma passagem pelo Carnaval de Gua\u00edba no Camarote Lucca Rossi, o grupo segue para a Serra Ga\u00facha. De 15 a 17 de mar\u00e7o, os criadores de conte\u00fado v\u00e3o conhecer a ChocoP\u00e1scoa em Gramado, hospedados pela rede de hot\u00e9is Laghetto.<\/p>\n<p>&nbsp;<\/p>\n<p>SERVI\u00c7O:<\/p>\n<p>&nbsp;<\/p>\n<p>Evento: 5\u00aa Edi\u00e7\u00e3o do Projeto Social Pink Tour.<\/p>\n<p>Data: 14 a 17 de mar\u00e7o de 2026.<\/p>\n<p>Locais: Porto Alegre, Gua\u00edba, Novo Hamburgo, Canoas, Gramado e Canela.<\/p>\n<p>Acompanhe em tempo real:<\/p>\n<p>@bernardoguedesoficial<\/p>\n<p>@jessysparkle_oficial<\/p>\n<p>@kaka_moreira<\/p>\n<p>@inha.isinha<\/p>\n<p>@letiswarovski<\/p>\n<p>@andreroliim<\/p>\n<p>@omarcofilipe<\/p>\n<p>@viniciuslino_<\/p>\n<p>@luccarossi<\/p>\n<p>&nbsp;<\/p>\n<p>Cr\u00e9dito das fotos: Anna Alves<\/p>\n","protected":false},"excerpt":{"rendered":"<p>O Jornalista e apresentador de TV n\u00e3o apenas det\u00e9m o t\u00edtulo de maior colecionador de Ken do mundo, mas utiliza sua influ\u00eancia e prest\u00edgio internacional &hellip; <\/p>\n","protected":false},"author":2,"featured_media":40257,"comment_status":"closed","ping_status":"closed","sticky":false,"template":"","format":"standard","meta":{"footnotes":""},"categories":[2],"tags":[],"class_list":["post-40256","post","type-post","status-publish","format-standard","has-post-thumbnail","hentry","category-noticias","latest_post"],"_links":{"self":[{"href":"https:\/\/gilpimentel.com.br\/site\/wp-json\/wp\/v2\/posts\/40256","targetHints":{"allow":["GET"]}}],"collection":[{"href":"https:\/\/gilpimentel.com.br\/site\/wp-json\/wp\/v2\/posts"}],"about":[{"href":"https:\/\/gilpimentel.com.br\/site\/wp-json\/wp\/v2\/types\/post"}],"author":[{"embeddable":true,"href":"https:\/\/gilpimentel.com.br\/site\/wp-json\/wp\/v2\/users\/2"}],"replies":[{"embeddable":true,"href":"https:\/\/gilpimentel.com.br\/site\/wp-json\/wp\/v2\/comments?post=40256"}],"version-history":[{"count":1,"href":"https:\/\/gilpimentel.com.br\/site\/wp-json\/wp\/v2\/posts\/40256\/revisions"}],"predecessor-version":[{"id":40258,"href":"https:\/\/gilpimentel.com.br\/site\/wp-json\/wp\/v2\/posts\/40256\/revisions\/40258"}],"wp:featuredmedia":[{"embeddable":true,"href":"https:\/\/gilpimentel.com.br\/site\/wp-json\/wp\/v2\/media\/40257"}],"wp:attachment":[{"href":"https:\/\/gilpimentel.com.br\/site\/wp-json\/wp\/v2\/media?parent=40256"}],"wp:term":[{"taxonomy":"category","embeddable":true,"href":"https:\/\/gilpimentel.com.br\/site\/wp-json\/wp\/v2\/categories?post=40256"},{"taxonomy":"post_tag","embeddable":true,"href":"https:\/\/gilpimentel.com.br\/site\/wp-json\/wp\/v2\/tags?post=40256"}],"curies":[{"name":"wp","href":"https:\/\/api.w.org\/{rel}","templated":true}]}}