{"id":40229,"date":"2026-03-13T00:05:38","date_gmt":"2026-03-13T03:05:38","guid":{"rendered":"https:\/\/gilpimentel.com.br\/site\/?p=40229"},"modified":"2026-03-12T19:16:03","modified_gmt":"2026-03-12T22:16:03","slug":"com-marcas-autorais-gastronomia-e-arte-feira-berga-retorna-ao-prataviera-shopping-neste-sabado-em-caxias-do-sul","status":"publish","type":"post","link":"https:\/\/gilpimentel.com.br\/site\/com-marcas-autorais-gastronomia-e-arte-feira-berga-retorna-ao-prataviera-shopping-neste-sabado-em-caxias-do-sul\/","title":{"rendered":"COM MARCAS AUTORAIS, GASTRONOMIA E ARTE, FEIRA B\u00caRGA RETORNA AO PRATAVIERA SHOPPING NESTE S\u00c1BADO, EM CAXIAS DO SUL"},"content":{"rendered":"<p>Evento ocupa o terceiro andar do shopping, das 9h \u00e0s 20h, com atra\u00e7\u00f5es para toda a fam\u00edlia<\/p>\n<p>&nbsp;<\/p>\n<p>Ap\u00f3s o sucesso da edi\u00e7\u00e3o realizada em fevereiro, a Feira B\u00earga volta a ocupar o terceiro andar do Prataviera Shopping, em Caxias do Sul, neste s\u00e1bado, dia 14 de mar\u00e7o, das 9h \u00e0s 20h. J\u00e1 consolidado no calend\u00e1rio cultural da cidade, o evento chega em sua nona edi\u00e7\u00e3o e promete mais uma vez reunir criatividade, encontros e atra\u00e7\u00f5es para todas as idades. A entrada \u00e9 gratuita.<\/p>\n<p>&nbsp;<\/p>\n<p>Com uma proposta que valoriza o consumo local, a arte e a conviv\u00eancia, a programa\u00e7\u00e3o da Feira B\u00earga deste s\u00e1bado contar\u00e1 com flash tattoo, leitura de or\u00e1culos, pintura facial infantil, al\u00e9m de mais de 15 marcas locais e autorais, gastronomia e um ambiente pensado para proporcionar uma experi\u00eancia leve e acolhedora para toda a fam\u00edlia.<\/p>\n<p>&nbsp;<\/p>\n<p>A feira se destaca por reunir diferentes express\u00f5es criativas em um s\u00f3 espa\u00e7o, aproximando o p\u00fablico de empreendedores autorais e promovendo momentos de lazer, descoberta e conex\u00e3o.<\/p>\n<p>&nbsp;<\/p>\n<p>Conforme a organizadora da Feira B\u00earga, Juliana Drum, a decis\u00e3o de repetir o evento no local refor\u00e7a o sucesso da parceria iniciada neste ano.<\/p>\n<p>&nbsp;<\/p>\n<p>\u201cA primeira edi\u00e7\u00e3o que realizamos no Prata foi um grande sucesso. Tivemos um p\u00fablico muito presente durante toda a tarde, com bastante circula\u00e7\u00e3o de pessoas e um retorno muito positivo tanto do p\u00fablico quanto dos expositores. O espa\u00e7o do shopping tamb\u00e9m se mostrou muito acolhedor para a proposta da feira, permitindo que mais pessoas conhecessem as marcas e participassem das atividades\u201d, destaca.<\/p>\n<p>&nbsp;<\/p>\n<p>Mais do que uma feira, a B\u00earga vem se firmando como um espa\u00e7o de valoriza\u00e7\u00e3o da produ\u00e7\u00e3o criativa local e de fortalecimento da cena cultural caxiense.<\/p>\n<p>&nbsp;<\/p>\n<p>\u201cA expectativa \u00e9 de que a nova edi\u00e7\u00e3o repita o \u00eaxito anterior, atraindo visitantes em busca de experi\u00eancias aut\u00eanticas, produtos exclusivos e um s\u00e1bado diferente no cora\u00e7\u00e3o da cidade\u201d, pontua Jo\u00e3o Prataviera Neto, gerente do shopping.<\/p>\n<p>&nbsp;<\/p>\n<p>MARCAS AUTORAIS PRESENTES NA FEIRA B\u00caRGA: Studio Maya Cria\u00e7\u00f5es Afetivas, XOD\u00d3 &#8211; Confeitaria t\u00edpica do Nordeste, Arts Suro, Caf\u00e9 Caramello, Carol Biglia Aromas, Confeitaria da Suzana, Ethereal Studio, Breeze, Geek Forger, Mah Sem Gl\u00faten, Manualidades BTS, Use Mavi, Ichiba Produtos Orientais, Reinventa Brech\u00f3, The Liga Tch\u00ea e Girassol Mandalas e Arte.<\/p>\n<p>&nbsp;<\/p>\n<p>PROGRAME-SE<\/p>\n<p>&nbsp;<\/p>\n<p>:: O que: 9\u00aa edi\u00e7\u00e3o da Feira B\u00earga<\/p>\n<p>&nbsp;<\/p>\n<p>:: Quando: dia 14 de mar\u00e7o (s\u00e1bado), das 9h \u00e0s 20h<\/p>\n<p>&nbsp;<\/p>\n<p>:: Onde: terceiro andar do Prataviera Shopping (entrada gratuita)<\/p>\n<p>&nbsp;<\/p>\n<p>SOBRE O PRATAVIERA SHOPPING<\/p>\n<p>&nbsp;<\/p>\n<p>Desde a sua inaugura\u00e7\u00e3o, em 29 de julho de 1993, atua como grande influenciador para valoriza\u00e7\u00e3o da sua \u00e1rea de abrang\u00eancia, o centro de Caxias do Sul. Os consumidores s\u00e3o atra\u00eddos pelo f\u00e1cil acesso \u00e0s conveni\u00eancias, que est\u00e3o atreladas ao mix de lojas e servi\u00e7os dispon\u00edveis no shopping. O empreendimento, com mais de 16 mil metros quadrados, possui cinco andares abertos ao p\u00fablico, divididos entre lojas, servi\u00e7os e escrit\u00f3rios. A frequ\u00eancia de p\u00fablico \u00e9 de aproximadamente 6 mil pessoas por dia.<\/p>\n","protected":false},"excerpt":{"rendered":"<p>Evento ocupa o terceiro andar do shopping, das 9h \u00e0s 20h, com atra\u00e7\u00f5es para toda a fam\u00edlia &nbsp; Ap\u00f3s o sucesso da edi\u00e7\u00e3o realizada em &hellip; <\/p>\n","protected":false},"author":2,"featured_media":40230,"comment_status":"closed","ping_status":"closed","sticky":false,"template":"","format":"standard","meta":{"footnotes":""},"categories":[2],"tags":[],"class_list":["post-40229","post","type-post","status-publish","format-standard","has-post-thumbnail","hentry","category-noticias","latest_post"],"_links":{"self":[{"href":"https:\/\/gilpimentel.com.br\/site\/wp-json\/wp\/v2\/posts\/40229","targetHints":{"allow":["GET"]}}],"collection":[{"href":"https:\/\/gilpimentel.com.br\/site\/wp-json\/wp\/v2\/posts"}],"about":[{"href":"https:\/\/gilpimentel.com.br\/site\/wp-json\/wp\/v2\/types\/post"}],"author":[{"embeddable":true,"href":"https:\/\/gilpimentel.com.br\/site\/wp-json\/wp\/v2\/users\/2"}],"replies":[{"embeddable":true,"href":"https:\/\/gilpimentel.com.br\/site\/wp-json\/wp\/v2\/comments?post=40229"}],"version-history":[{"count":1,"href":"https:\/\/gilpimentel.com.br\/site\/wp-json\/wp\/v2\/posts\/40229\/revisions"}],"predecessor-version":[{"id":40231,"href":"https:\/\/gilpimentel.com.br\/site\/wp-json\/wp\/v2\/posts\/40229\/revisions\/40231"}],"wp:featuredmedia":[{"embeddable":true,"href":"https:\/\/gilpimentel.com.br\/site\/wp-json\/wp\/v2\/media\/40230"}],"wp:attachment":[{"href":"https:\/\/gilpimentel.com.br\/site\/wp-json\/wp\/v2\/media?parent=40229"}],"wp:term":[{"taxonomy":"category","embeddable":true,"href":"https:\/\/gilpimentel.com.br\/site\/wp-json\/wp\/v2\/categories?post=40229"},{"taxonomy":"post_tag","embeddable":true,"href":"https:\/\/gilpimentel.com.br\/site\/wp-json\/wp\/v2\/tags?post=40229"}],"curies":[{"name":"wp","href":"https:\/\/api.w.org\/{rel}","templated":true}]}}